{"id":998,"date":"2013-03-08T22:22:45","date_gmt":"2013-03-08T20:22:45","guid":{"rendered":"http:\/\/www.skimo.at\/sportler\/?p=998"},"modified":"2021-01-05T17:20:16","modified_gmt":"2021-01-05T15:20:16","slug":"weltcup-font-blanca-and-tag-1-die-anreise","status":"publish","type":"post","link":"https:\/\/www.skimo.at\/sportler\/998\/weltcup-font-blanca-and-tag-1-die-anreise\/","title":{"rendered":"Weltcup Font Blanca (AND) Tag 1 \u2013 die Anreise"},"content":{"rendered":"<p><span style=\"font-size: medium\"><span style=\"color: #000000\"><span style=\"font-family: Calibri\">Selten war die Anreise zu einem Weltcuprennen so turbulent wie dieses Mal. Andorra mit dem Austragungsort Font Blanca\u00a0ist aus \u00d6sterreich nun mal am besten via Billigflieger und Barcelona zu erreichen. So hatte das Trainer Alexander Lugger auch grunds\u00e4tzliche geplant und bis ins Detail vorbereitet. Die Athleten Alexander Fasser und Martin Wei\u00dfkopf sowie Fotograf Stephan Mantler und Trainer Lugger selbst sollten gemeinsam gestern Abend in M\u00fcnchen abzischen und in Barcelona \u00fcbernachten.\u00a0 Leider kam es etwas anders\u2026.<\/span><\/span><\/span><\/p>\n<p><span style=\"font-size: medium\"><span style=\"color: #000000\"><span style=\"font-family: Calibri\">Der Check In in M\u00fcnchen war die Crux\u2026w\u00e4hrend Mantler und Fasser durchflutschten, war f\u00fcr die S\u00fcd\u00f6sterreicher schon bei der Aufgabe des Sperrgep\u00e4cks Schluss. 30 Sekunden zu sp\u00e4t \u2013 aber davor st\u00e4ndig im Blickkontakt mit dem Schalterpersonal \u2013 und schon ging nichts mehr. Weisskopf und Lugger durften nicht mehr in die Maschine, mussten umbuchen f\u00fcr einen Flug von heute. Die beiden \u00e4rgerten sich kurz\u2026.und gingen dann gemeinsam auf ein Wei\u00dfbier und eine Wei\u00dfwurst in die M\u00fcnchner Innenstadt. <\/span><\/span><\/span><\/p>\n<blockquote><p><span style=\"font-size: medium\"><span style=\"color: #000000\"><span style=\"font-family: Calibri\">Lugger cool: \u201eNaja, so a Wei\u00dfwurst is eh was gutes, wer wei\u00df, was ma in Barcelona gekriegt h\u00e4tten.\u201c<\/span><\/span><\/span><\/p><\/blockquote>\n<p><span style=\"font-size: medium\"><span style=\"color: #000000\"><span style=\"font-family: Calibri\">Heute vormittag schlie\u00dflich setzten auch die beiden Nachz\u00fcgler in Barcelona auf, wurden von Fasser und Mantler bereits praktisch mit laufendem Motor beim Leihauto erwartet und schon gings einige 100 Kilometer nach Norden in den gebirgigen Kleinstaat zwischen Spanien und Frankreich. \u00a0Um 18:20 Uhr Ankunft im Hotel, sofort ab zum Briefing f\u00fcrs morgige Verticalrennen\u2026.zeitliche Ma\u00dfschneiderei.<\/span><\/span><\/span><\/p>\n<p><span style=\"font-size: medium\"><span style=\"color: #000000\"><span style=\"font-family: Calibri\">Zum sportlichen: Morgen findet das Vertical statt, ein sehr kurzes Rennen mit einer vermutlichen Siegerzeit von nur 20 \u2013 25 Minuten. Ins Rennen geht nur Martin Wei\u00dfkopf, Alexander Fasser will sich f\u00fcr sein Comeback-Rennen beim sonnt\u00e4glichen Individual schonen. <\/span><\/span><\/span><\/p>\n<p><span style=\"font-size: medium\"><span style=\"color: #000000\"><span style=\"font-family: Calibri\">Wir werden wieder auf Facebook und hier auf der Webseite informieren!<\/span><\/span><\/span><\/p>\n","protected":false},"excerpt":{"rendered":"<p>Selten war die Anreise zu einem Weltcuprennen so turbulent wie dieses Mal. Andorra mit dem Austragungsort Font Blanca\u00a0ist aus \u00d6sterreich nun mal am besten via Billigflieger und Barcelona zu erreichen. So hatte das Trainer Alexander Lugger auch grunds\u00e4tzliche geplant und bis ins Detail vorbereitet. Die Athleten Alexander Fasser und Martin Wei\u00dfkopf sowie Fotograf Stephan Mantler [&hellip;]<\/p>\n","protected":false},"author":3,"featured_media":0,"comment_status":"closed","ping_status":"closed","sticky":false,"template":"","format":"standard","meta":[],"categories":[1,11,9,3],"tags":[],"yoast_head":"<!-- This site is optimized with the Yoast SEO plugin v16.3 - https:\/\/yoast.com\/wordpress\/plugins\/seo\/ -->\n<title>Weltcup Font Blanca (AND) Tag 1 \u2013 die Anreise - Sportler<\/title>\n<meta name=\"robots\" content=\"index, follow, max-snippet:-1, max-image-preview:large, max-video-preview:-1\" \/>\n<link rel=\"canonical\" href=\"https:\/\/www.skimo.at\/sportler\/998\/weltcup-font-blanca-and-tag-1-die-anreise\/\" \/>\n<meta property=\"og:locale\" content=\"de_DE\" \/>\n<meta property=\"og:type\" content=\"article\" \/>\n<meta property=\"og:title\" content=\"Weltcup Font Blanca (AND) Tag 1 \u2013 die Anreise - Sportler\" \/>\n<meta property=\"og:description\" content=\"Selten war die Anreise zu einem Weltcuprennen so turbulent wie dieses Mal. Andorra mit dem Austragungsort Font Blanca\u00a0ist aus \u00d6sterreich nun mal am besten via Billigflieger und Barcelona zu erreichen. So hatte das Trainer Alexander Lugger auch grunds\u00e4tzliche geplant und bis ins Detail vorbereitet. Die Athleten Alexander Fasser und Martin Wei\u00dfkopf sowie Fotograf Stephan Mantler [&hellip;]\" \/>\n<meta property=\"og:url\" content=\"https:\/\/www.skimo.at\/sportler\/998\/weltcup-font-blanca-and-tag-1-die-anreise\/\" \/>\n<meta property=\"og:site_name\" content=\"Sportler\" \/>\n<meta property=\"article:published_time\" content=\"2013-03-08T20:22:45+00:00\" \/>\n<meta property=\"article:modified_time\" content=\"2021-01-05T15:20:16+00:00\" \/>\n<meta name=\"twitter:card\" content=\"summary\" \/>\n<meta name=\"twitter:label1\" content=\"Gesch\u00e4tzte Lesezeit\">\n\t<meta name=\"twitter:data1\" content=\"1\u00a0Minute\">\n<script type=\"application\/ld+json\" class=\"yoast-schema-graph\">{\"@context\":\"https:\/\/schema.org\",\"@graph\":[{\"@type\":\"WebSite\",\"@id\":\"https:\/\/skimo.73.jarolim.eu\/sportler\/#website\",\"url\":\"https:\/\/skimo.73.jarolim.eu\/sportler\/\",\"name\":\"Sportler\",\"description\":\"\",\"potentialAction\":[{\"@type\":\"SearchAction\",\"target\":\"https:\/\/skimo.73.jarolim.eu\/sportler\/?s={search_term_string}\",\"query-input\":\"required name=search_term_string\"}],\"inLanguage\":\"de\"},{\"@type\":\"WebPage\",\"@id\":\"https:\/\/www.skimo.at\/sportler\/998\/weltcup-font-blanca-and-tag-1-die-anreise\/#webpage\",\"url\":\"https:\/\/www.skimo.at\/sportler\/998\/weltcup-font-blanca-and-tag-1-die-anreise\/\",\"name\":\"Weltcup Font Blanca (AND) Tag 1 \\u2013 die Anreise - Sportler\",\"isPartOf\":{\"@id\":\"https:\/\/skimo.73.jarolim.eu\/sportler\/#website\"},\"datePublished\":\"2013-03-08T20:22:45+00:00\",\"dateModified\":\"2021-01-05T15:20:16+00:00\",\"author\":{\"@id\":\"https:\/\/skimo.73.jarolim.eu\/sportler\/#\/schema\/person\/796ecbce6796efca58bf848ca63ec12c\"},\"breadcrumb\":{\"@id\":\"https:\/\/www.skimo.at\/sportler\/998\/weltcup-font-blanca-and-tag-1-die-anreise\/#breadcrumb\"},\"inLanguage\":\"de\",\"potentialAction\":[{\"@type\":\"ReadAction\",\"target\":[\"https:\/\/www.skimo.at\/sportler\/998\/weltcup-font-blanca-and-tag-1-die-anreise\/\"]}]},{\"@type\":\"BreadcrumbList\",\"@id\":\"https:\/\/www.skimo.at\/sportler\/998\/weltcup-font-blanca-and-tag-1-die-anreise\/#breadcrumb\",\"itemListElement\":[{\"@type\":\"ListItem\",\"position\":1,\"item\":{\"@type\":\"WebPage\",\"@id\":\"https:\/\/skimo.73.jarolim.eu\/sportler\/\",\"url\":\"https:\/\/skimo.73.jarolim.eu\/sportler\/\",\"name\":\"Home\"}},{\"@type\":\"ListItem\",\"position\":2,\"item\":{\"@id\":\"https:\/\/www.skimo.at\/sportler\/998\/weltcup-font-blanca-and-tag-1-die-anreise\/#webpage\"}}]},{\"@type\":\"Person\",\"@id\":\"https:\/\/skimo.73.jarolim.eu\/sportler\/#\/schema\/person\/796ecbce6796efca58bf848ca63ec12c\",\"name\":\"kposch\",\"image\":{\"@type\":\"ImageObject\",\"@id\":\"https:\/\/skimo.73.jarolim.eu\/sportler\/#personlogo\",\"inLanguage\":\"de\",\"url\":\"https:\/\/secure.gravatar.com\/avatar\/e9f5f28da60e5e563d3f4d3cc0b9b425?s=96&r=g\",\"contentUrl\":\"https:\/\/secure.gravatar.com\/avatar\/e9f5f28da60e5e563d3f4d3cc0b9b425?s=96&r=g\",\"caption\":\"kposch\"},\"url\":\"https:\/\/www.skimo.at\/sportler\/author\/kposch\/\"}]}<\/script>\n<!-- \/ Yoast SEO plugin. -->","_links":{"self":[{"href":"https:\/\/www.skimo.at\/sportler\/wp-json\/wp\/v2\/posts\/998"}],"collection":[{"href":"https:\/\/www.skimo.at\/sportler\/wp-json\/wp\/v2\/posts"}],"about":[{"href":"https:\/\/www.skimo.at\/sportler\/wp-json\/wp\/v2\/types\/post"}],"author":[{"embeddable":true,"href":"https:\/\/www.skimo.at\/sportler\/wp-json\/wp\/v2\/users\/3"}],"replies":[{"embeddable":true,"href":"https:\/\/www.skimo.at\/sportler\/wp-json\/wp\/v2\/comments?post=998"}],"version-history":[{"count":2,"href":"https:\/\/www.skimo.at\/sportler\/wp-json\/wp\/v2\/posts\/998\/revisions"}],"predecessor-version":[{"id":15595,"href":"https:\/\/www.skimo.at\/sportler\/wp-json\/wp\/v2\/posts\/998\/revisions\/15595"}],"wp:attachment":[{"href":"https:\/\/www.skimo.at\/sportler\/wp-json\/wp\/v2\/media?parent=998"}],"wp:term":[{"taxonomy":"category","embeddable":true,"href":"https:\/\/www.skimo.at\/sportler\/wp-json\/wp\/v2\/categories?post=998"},{"taxonomy":"post_tag","embeddable":true,"href":"https:\/\/www.skimo.at\/sportler\/wp-json\/wp\/v2\/tags?post=998"}],"curies":[{"name":"wp","href":"https:\/\/api.w.org\/{rel}","templated":true}]}}