{"id":980,"date":"2013-03-03T17:05:50","date_gmt":"2013-03-03T15:05:50","guid":{"rendered":"http:\/\/www.skimo.at\/sportler\/?p=980"},"modified":"2021-01-05T17:19:55","modified_gmt":"2021-01-05T15:19:55","slug":"weltcup-clusone-ita-tag-3-das-individual-bringt-6-rang-in-der-espoirklasse-fur-martin-weiskopf","status":"publish","type":"post","link":"https:\/\/www.skimo.at\/sportler\/980\/weltcup-clusone-ita-tag-3-das-individual-bringt-6-rang-in-der-espoirklasse-fur-martin-weiskopf\/","title":{"rendered":"Weltcup Clusone (ITA) Tag 3 \u2013 das Individual bringt 6. Rang in der Espoirklasse f\u00fcr Martin Wei\u00dfkopf"},"content":{"rendered":"<p>Hei\u00df her ging es heute f\u00fcr unsere Athleten im wahrsten Sinne des Wortes! Bei fr\u00fchlingshaften Temperaturen und strahlendem Sonnenschein lieferte sich die internationale Elite der Wettkampf-Skibergsteiger ein brutales Rennen.<\/p>\n<p>P\u00fcnktlich um 9.00 Uhr am Morgen folgte der Start zum Individual Race. Rund 300 Athleten (inklusive der offenen Klasse) befanden sich am Start, darunter auch unsere vier \u00d6sterreicher, Martin Wei\u00dfkopf, Daniel Rohringer, Martin Islitzer und Mario H\u00fcttner. Nach dem gestern im Sprint nicht ganz so zufriedenstellenden Ergebnis hie\u00df es heute \u201eVollgas geben\u201c! \u00dcber 1.900 H\u00f6henmeter waren zu \u00fcberwinden, verteilt auf vier Aufstiege mit zwei Tragepassagen und vier Abfahrten. Durch die K\u00e4lte in der Nacht war der Schnee noch etwas gefroren und begann erst langsam aufzufirnen, dementsprechend schwer waren die Abfahrten im verspurten, freien Gel\u00e4nde. Beim heutigen Rennen ist wieder einmal zu Tage gekommen, wie enorm gro\u00df die Dichte an der Spitze ist. Wenngleich Favorit Matheo Jacquemoud (FRA) einen Start-Ziel Sieg lieferte, so waren ihm die Verfolger immer knapp auf seinen Fersen. Sein Landsmann William Bon Mardion war stets nur ein paar Sekunden hinter ihm, gleich darauf folgte eine Italienergruppe. Erst gegen Ende des Rennens stie\u00df daraus Matteo Eydallin nach vorne, \u00fcberholte Bon Mardion und lie\u00df bis ins Ziel nicht mehr locker. Jacquemoud war aber f\u00fcr ihn nicht mehr einzuholen. Matheo Jacquemoud gewann somit in einer Zeit von 1:46.20 und fast eineinhalb Minuten Vorsprung vor Matteo Eydallin und William Bon Mardion.<\/p>\n<p>Ein gutes Rennen lieferte Martin Wei\u00dfkopf, der jedoch an diesem Wochenende scheinbar vom Pech verfolgt war. Bereits gestern \u201everschenkte\u201c er ja schon eine gute Platzierung aufgrund der Zeitstrafe. Heute begann f\u00fcr ihn das Rennen mit einem Stockbruch kurz nach dem Start, er bekam zwar gleich Reservest\u00f6cke, verlor aber dadurch wertvolle Zeit. Nichts desto trotz startete aber dann daf\u00fcr umso schneller seine Aufholjagd und befand sich bald wieder in der guten vorderen H\u00e4lfte. Bei der dritten Abfahrt passierte das n\u00e4chste Problem: der Schuh brach!<\/p>\n<blockquote><p>\u201eMir ist es heute wirklich sehr gut gegangen, meine Form w\u00e4re eigentlich perfekt gewesen, w\u00e4ren nicht die technischen Missgeschicke aufgetreten. Ich war zwischendurch in der Gesamtwertung stets so um den 15. Rang vorne, das h\u00e4tte mindestens einen vierten Platz in der Espoirklasse bedeutet. Nach dem Brechen des Schuhs musste ich jedoch leider viele Athleten vorziehen lassen\u201c, so ein etwas entt\u00e4uschter Martin Wei\u00dfkopf.<\/p><\/blockquote>\n<p>Der 6. Rang in der Espoirwertung ist sich f\u00fcr ihn aber trotzdem noch ausgegangen, in der Gesamtwertung wurde es letztendlich der 20. Platz. Zwei bis drei Minuten weiter vorne in der Rangliste w\u00e4re f\u00fcr Martin durchaus realistisch gewesen, auch laut seinen eigenen Einsch\u00e4tzungen. Er war so zum Beispiel auch knapp an Sepp Rottmoser (GER) dran, der letztlich auf dem 12. Rang das Rennen beendete und damit in der Espoirwertung sogar noch Dritter wurde. Es tut damit weh, zu wissen, dass man etliche klingende Namen der Wettkampfelite vielleicht hinter sich lassen h\u00e4tte k\u00f6nnen. Noch stehen aber zwei Weltcup Bewerbe am Programm in denen Martin seine derzeit wirklich sehr gute Form weiter ausreizen wird und hoffentlich ohne solchen Problemen wieder Top-Platzierungen nach Hause bringt.<\/p>\n<p>Abgeschlagen in der hinteren H\u00e4lfte beendeten Daniel Rohringer und Martin Islitzer das Rennen. Beide k\u00e4mpften mit den schwierigen Bedingungen und der Hitze, die vor allem beim ersten Anstieg sehr gro\u00df war.<\/p>\n<blockquote><p>\u201eMir fehlte heute einfach die Kraft. Im Vergleich zu den letzten Rennen ist es mir an diesem Wochenende absolut nicht gut gegangen. Ich hoffe, dass sich das f\u00fcr die noch folgenden Bewerbe in der weiteren Saison wieder \u00e4ndert\u201c<\/p>\n<p>Daniel Rohringer<\/p><\/blockquote>\n<p>Daniel Rohringer etwas entt\u00e4uscht nach diesem Weltcup Wochenende, das er im Individual noch mit dem 32. Rang (12. in der Espoirklasse) beendete. Martin Islitzer erreichte als 30. (11. Rang in der Espoirklasse) noch knapp vor Rohringer das Ziel. Er ist zwar recht froh, dass es nach dem eher schlechten Saisonbeginn f\u00fcr ihn wieder leicht aufw\u00e4rts geht, obwohl er sich heute bei dem langen harten Rennen noch nicht so wohl f\u00fchlte, wie er es gerne h\u00e4tte.<\/p>\n<p>Seinen ersten Individual Bewerb in der internationalen Szene beendete heute Mario H\u00fcttner. Im Zuge der Jugendf\u00f6rderung des \u00f6sterreichischen Nachwuchses im Skibergsteigen wurde es dem 18-j\u00e4hrigen Tiroler erm\u00f6glicht, teilzunehmen. Er konnte bei beiden Rennen wertvolle Erfahrung f\u00fcr seine sportliche Zukunft sammeln, wenngleich der R\u00fcckstand heute im Individual noch sehr gro\u00df war. In H\u00fcttners Juniorenklasse zeigte Toni Palzer (GER) wieder einmal seine Unschlagbarkeit: mit \u00fcber 6 Minuten Vorsprung holte er sich souver\u00e4n den Sieg.<\/p>\n<p>Bei den Damen triumphierte Laetitia Roux (FRA) nach ihrem gestrigen Sprintsieg heute auch im Individual. Deutlich vor Mireia Miro Varela (ESP) und Gloriana Pellissier (ITA) erreichte sie als erste das Ziel.<\/p>\n<p>Lobende Worte findet Trainer Alexander Lugger f\u00fcr die Veranstalter und er wei\u00df immerhin wovon er spricht, nach der Unmenge an Weltcuperfahrung. Seiner Meinung nach war dies einer der besten internationalen Bewerbe, sowohl in Bezug auf die Streckenf\u00fchrung (heute ein sehr gut angelegtes, alpines Rennen), als auch auf die Stimmung w\u00e4hrend des Wettkampfes. Wie bereits gestern beim Sprint s\u00e4umten etliche begeisterte \u201eAnfeuerer\u201c die ganze Strecke, selbst am Berg oben waren \u00fcberall Scharen an Leuten.<\/p>\n<p>Am Nachmittag folgte f\u00fcr das Team noch die Abschlusszeremonie, bevor sich die Athleten wieder auf den (langen) Weg nach Hause machten.<\/p>\n<p>F\u00fcr die \u00d6sterreichische Nationalmannschaft folgen nun noch zwei Weltcuprennen. Am kommenden Wochenende wird ein kleines Team nach Andorra reisen, das Finale f\u00fchrt die Mannschaft im April nach Troms\u00f6 (NOR).<\/p>\n","protected":false},"excerpt":{"rendered":"<p>Hei\u00df her ging es heute f\u00fcr unsere Athleten im wahrsten Sinne des Wortes! Bei fr\u00fchlingshaften Temperaturen und strahlendem Sonnenschein lieferte sich die internationale Elite der Wettkampf-Skibergsteiger ein brutales Rennen. P\u00fcnktlich um 9.00 Uhr am Morgen folgte der Start zum Individual Race. Rund 300 Athleten (inklusive der offenen Klasse) befanden sich am Start, darunter auch unsere [&hellip;]<\/p>\n","protected":false},"author":4,"featured_media":987,"comment_status":"closed","ping_status":"closed","sticky":false,"template":"","format":"standard","meta":[],"categories":[1,3,7],"tags":[],"yoast_head":"<!-- This site is optimized with the Yoast SEO plugin v16.3 - https:\/\/yoast.com\/wordpress\/plugins\/seo\/ -->\n<title>Weltcup Clusone (ITA) Tag 3 \u2013 das Individual bringt 6. Rang in der Espoirklasse f\u00fcr Martin Wei\u00dfkopf - Sportler<\/title>\n<meta name=\"robots\" content=\"index, follow, max-snippet:-1, max-image-preview:large, max-video-preview:-1\" \/>\n<link rel=\"canonical\" href=\"https:\/\/www.skimo.at\/sportler\/980\/weltcup-clusone-ita-tag-3-das-individual-bringt-6-rang-in-der-espoirklasse-fur-martin-weiskopf\/\" \/>\n<meta property=\"og:locale\" content=\"de_DE\" \/>\n<meta property=\"og:type\" content=\"article\" \/>\n<meta property=\"og:title\" content=\"Weltcup Clusone (ITA) Tag 3 \u2013 das Individual bringt 6. Rang in der Espoirklasse f\u00fcr Martin Wei\u00dfkopf - Sportler\" \/>\n<meta property=\"og:description\" content=\"Hei\u00df her ging es heute f\u00fcr unsere Athleten im wahrsten Sinne des Wortes! Bei fr\u00fchlingshaften Temperaturen und strahlendem Sonnenschein lieferte sich die internationale Elite der Wettkampf-Skibergsteiger ein brutales Rennen. P\u00fcnktlich um 9.00 Uhr am Morgen folgte der Start zum Individual Race. Rund 300 Athleten (inklusive der offenen Klasse) befanden sich am Start, darunter auch unsere [&hellip;]\" \/>\n<meta property=\"og:url\" content=\"https:\/\/www.skimo.at\/sportler\/980\/weltcup-clusone-ita-tag-3-das-individual-bringt-6-rang-in-der-espoirklasse-fur-martin-weiskopf\/\" \/>\n<meta property=\"og:site_name\" content=\"Sportler\" \/>\n<meta property=\"article:published_time\" content=\"2013-03-03T15:05:50+00:00\" \/>\n<meta property=\"article:modified_time\" content=\"2021-01-05T15:19:55+00:00\" \/>\n<meta property=\"og:image\" content=\"https:\/\/skimo.73.jarolim.eu\/sportler\/files\/2013\/03\/Clusone-Individual-Daniel-Rohringer-024-Foto-werbegams.at-LR.jpg\" \/>\n\t<meta property=\"og:image:width\" content=\"1800\" \/>\n\t<meta property=\"og:image:height\" content=\"1198\" \/>\n<meta name=\"twitter:card\" content=\"summary\" \/>\n<meta name=\"twitter:label1\" content=\"Gesch\u00e4tzte Lesezeit\">\n\t<meta name=\"twitter:data1\" content=\"5\u00a0Minuten\">\n<script type=\"application\/ld+json\" class=\"yoast-schema-graph\">{\"@context\":\"https:\/\/schema.org\",\"@graph\":[{\"@type\":\"WebSite\",\"@id\":\"https:\/\/skimo.73.jarolim.eu\/sportler\/#website\",\"url\":\"https:\/\/skimo.73.jarolim.eu\/sportler\/\",\"name\":\"Sportler\",\"description\":\"\",\"potentialAction\":[{\"@type\":\"SearchAction\",\"target\":\"https:\/\/skimo.73.jarolim.eu\/sportler\/?s={search_term_string}\",\"query-input\":\"required name=search_term_string\"}],\"inLanguage\":\"de\"},{\"@type\":\"ImageObject\",\"@id\":\"https:\/\/www.skimo.at\/sportler\/980\/weltcup-clusone-ita-tag-3-das-individual-bringt-6-rang-in-der-espoirklasse-fur-martin-weiskopf\/#primaryimage\",\"inLanguage\":\"de\",\"url\":\"https:\/\/www.skimo.at\/sportler\/files\/2013\/03\/Clusone-Individual-Daniel-Rohringer-024-Foto-werbegams.at-LR.jpg\",\"contentUrl\":\"https:\/\/www.skimo.at\/sportler\/files\/2013\/03\/Clusone-Individual-Daniel-Rohringer-024-Foto-werbegams.at-LR.jpg\",\"width\":1800,\"height\":1198},{\"@type\":\"WebPage\",\"@id\":\"https:\/\/www.skimo.at\/sportler\/980\/weltcup-clusone-ita-tag-3-das-individual-bringt-6-rang-in-der-espoirklasse-fur-martin-weiskopf\/#webpage\",\"url\":\"https:\/\/www.skimo.at\/sportler\/980\/weltcup-clusone-ita-tag-3-das-individual-bringt-6-rang-in-der-espoirklasse-fur-martin-weiskopf\/\",\"name\":\"Weltcup Clusone (ITA) Tag 3 \\u2013 das Individual bringt 6. Rang in der Espoirklasse f\\u00fcr Martin Wei\\u00dfkopf - Sportler\",\"isPartOf\":{\"@id\":\"https:\/\/skimo.73.jarolim.eu\/sportler\/#website\"},\"primaryImageOfPage\":{\"@id\":\"https:\/\/www.skimo.at\/sportler\/980\/weltcup-clusone-ita-tag-3-das-individual-bringt-6-rang-in-der-espoirklasse-fur-martin-weiskopf\/#primaryimage\"},\"datePublished\":\"2013-03-03T15:05:50+00:00\",\"dateModified\":\"2021-01-05T15:19:55+00:00\",\"author\":{\"@id\":\"https:\/\/skimo.73.jarolim.eu\/sportler\/#\/schema\/person\/89e18f4c3d09b5434dbc2dc0cefbcd30\"},\"breadcrumb\":{\"@id\":\"https:\/\/www.skimo.at\/sportler\/980\/weltcup-clusone-ita-tag-3-das-individual-bringt-6-rang-in-der-espoirklasse-fur-martin-weiskopf\/#breadcrumb\"},\"inLanguage\":\"de\",\"potentialAction\":[{\"@type\":\"ReadAction\",\"target\":[\"https:\/\/www.skimo.at\/sportler\/980\/weltcup-clusone-ita-tag-3-das-individual-bringt-6-rang-in-der-espoirklasse-fur-martin-weiskopf\/\"]}]},{\"@type\":\"BreadcrumbList\",\"@id\":\"https:\/\/www.skimo.at\/sportler\/980\/weltcup-clusone-ita-tag-3-das-individual-bringt-6-rang-in-der-espoirklasse-fur-martin-weiskopf\/#breadcrumb\",\"itemListElement\":[{\"@type\":\"ListItem\",\"position\":1,\"item\":{\"@type\":\"WebPage\",\"@id\":\"https:\/\/skimo.73.jarolim.eu\/sportler\/\",\"url\":\"https:\/\/skimo.73.jarolim.eu\/sportler\/\",\"name\":\"Home\"}},{\"@type\":\"ListItem\",\"position\":2,\"item\":{\"@id\":\"https:\/\/www.skimo.at\/sportler\/980\/weltcup-clusone-ita-tag-3-das-individual-bringt-6-rang-in-der-espoirklasse-fur-martin-weiskopf\/#webpage\"}}]},{\"@type\":\"Person\",\"@id\":\"https:\/\/skimo.73.jarolim.eu\/sportler\/#\/schema\/person\/89e18f4c3d09b5434dbc2dc0cefbcd30\",\"name\":\"aspielbuechler\",\"image\":{\"@type\":\"ImageObject\",\"@id\":\"https:\/\/skimo.73.jarolim.eu\/sportler\/#personlogo\",\"inLanguage\":\"de\",\"url\":\"https:\/\/secure.gravatar.com\/avatar\/1220d25619b41a33e4710c8b968dc56e?s=96&r=g\",\"contentUrl\":\"https:\/\/secure.gravatar.com\/avatar\/1220d25619b41a33e4710c8b968dc56e?s=96&r=g\",\"caption\":\"aspielbuechler\"},\"url\":\"https:\/\/www.skimo.at\/sportler\/author\/aspielbuechler\/\"}]}<\/script>\n<!-- \/ Yoast SEO plugin. -->","_links":{"self":[{"href":"https:\/\/www.skimo.at\/sportler\/wp-json\/wp\/v2\/posts\/980"}],"collection":[{"href":"https:\/\/www.skimo.at\/sportler\/wp-json\/wp\/v2\/posts"}],"about":[{"href":"https:\/\/www.skimo.at\/sportler\/wp-json\/wp\/v2\/types\/post"}],"author":[{"embeddable":true,"href":"https:\/\/www.skimo.at\/sportler\/wp-json\/wp\/v2\/users\/4"}],"replies":[{"embeddable":true,"href":"https:\/\/www.skimo.at\/sportler\/wp-json\/wp\/v2\/comments?post=980"}],"version-history":[{"count":7,"href":"https:\/\/www.skimo.at\/sportler\/wp-json\/wp\/v2\/posts\/980\/revisions"}],"predecessor-version":[{"id":15594,"href":"https:\/\/www.skimo.at\/sportler\/wp-json\/wp\/v2\/posts\/980\/revisions\/15594"}],"wp:featuredmedia":[{"embeddable":true,"href":"https:\/\/www.skimo.at\/sportler\/wp-json\/wp\/v2\/media\/987"}],"wp:attachment":[{"href":"https:\/\/www.skimo.at\/sportler\/wp-json\/wp\/v2\/media?parent=980"}],"wp:term":[{"taxonomy":"category","embeddable":true,"href":"https:\/\/www.skimo.at\/sportler\/wp-json\/wp\/v2\/categories?post=980"},{"taxonomy":"post_tag","embeddable":true,"href":"https:\/\/www.skimo.at\/sportler\/wp-json\/wp\/v2\/tags?post=980"}],"curies":[{"name":"wp","href":"https:\/\/api.w.org\/{rel}","templated":true}]}}