{"id":958,"date":"2013-03-02T16:16:54","date_gmt":"2013-03-02T14:16:54","guid":{"rendered":"http:\/\/www.skimo.at\/sportler\/?p=958"},"modified":"2013-03-11T09:48:38","modified_gmt":"2013-03-11T07:48:38","slug":"weltcup-clusone-ita-tag-2-der-sprint","status":"publish","type":"post","link":"https:\/\/www.skimo.at\/sportler\/958\/weltcup-clusone-ita-tag-2-der-sprint\/","title":{"rendered":"Weltcup Clusone (ITA) Tag 2 &#8211; der Sprint"},"content":{"rendered":"<p>Ein sonniger Tag mit fr\u00fchlingshaften Temperaturen erwartete die Weltelite im Wettkampf-Skibergsteigen heute in Clusone (ITA) beim dritten Weltcuprennen in dieser Saison. Am Programm stand aber &#8211; wie auch nicht anders zu erwarten &#8211; keine gem\u00fctliche Skitour, sondern einer der schnellsten, spannendsten und spritzigsten Bewerbe der Sportart: der Sprint.<\/p>\n<p>Bereits gestern nach der Er\u00f6ffnungszeremonie, die wirklich weltcupw\u00fcrdig mit einer gro\u00dfen Parade das Wochenende bestehend aus Sprint am Samstag, 2.3.2013 und Individual Race am Sonntag, 3.3.2013 er\u00f6ffnete, gab es f\u00fcr die Athleten im Zuge des Briefings im gro\u00dfen beheizten Zelt die ersten Infos zum Sprintbewerb. Es wurde von den Veranstaltern eine recht interessante und gute Strecke erbaut, bestehend aus Aufstieg mit Spitzkehren und anschlie\u00dfender Tragepassage, darauf folgte eine flotte Abfahrt durch Tore, inklusive einer eingebauten Schanze, ins Ziel noch eine kurze Skating-Passage. Die ganze Strecke war vom Start-Zielbereich aus einsehbar, dementsprechend gro\u00df war das Interesse der Zuschauer, die die spannenden Positionsk\u00e4mpfe der Athleten hautnah miterleben konnten. Die Stimmung war laut Berichten zufolge gewaltig. 80 der weltbesten Athleten fanden sich am Start ein, darunter vier \u00d6sterreicher mit Daniel Rohringer (Gosau, Ober\u00f6sterreich), Martin Wei\u00dfkopf und Martin Islitzer (beide Pr\u00e4graten, Osttirol) und Mario H\u00fcttner (S\u00f6ll, Tirol).<\/p>\n<p>Martin Wei\u00dfkopf, Daniel Rohringer und Martin Islitzer lieferten ein gutes Qualifikationsrennen und schafften somit alle drei den Einzug ins Viertelfinale. Etwas Pech hatte Martin Wei\u00dfkopf bei diesem Lauf. Er h\u00e4tte eigentlich die 8. Zeit erreicht, w\u00e4re ihm nicht eine Strafe von 15 Sekunden wegen Probleme bei der Skibefestigung in der Tragepassage auferlegt worden. Nur 8 Sekunden h\u00e4tten ihn auf den Schnellsten der Qualifikation, Andreas Steindl (SUI), gefehlt. Umso mehr Gas wollte dann im Viertelfinale geben, um die zweite Stelle k\u00e4mpfend passierte ihm der gleiche Fehler erneut, er musste stoppen und fiel somit auf den f\u00fcnften Rang seiner Gruppe zur\u00fcck. Das war das \u201eAus\u201c f\u00fcr das weitere Rennen \u2013 ohne diesen Fehler w\u00e4re ein Einzug in das Semifinale durchaus realistisch gewesen. Daniel Rohringer und Martin Islitzer beendeten ihre Gruppe auf dem f\u00fcnften bzw. sechsten Rang und schieden damit ebenfalls im Viertelfinale aus.<\/p>\n<p>So ergaben sich letztlich f\u00fcr unsere drei Athleten Platzierungen im hinteren Bereich (Wei\u00dfkopf Martin 22. Senior\/10. Espoir, Daniel Rohringer 24. Senior\/11. Espoir, Martin Islitzer 29. Senior\/13. Espoir), etwas ern\u00fcchternde Ergebnisse nach den guten Platzierungen bei der WM, wo sich ein f\u00fcnfter und ein siebter Rang in der Espoirklasse (von ebenfalls 16 Startern in der Espoirklasse, gleich wie\u00a0heute) f\u00fcr Wei\u00dfkopf und Rohringer ausgegangen sind.<br \/>\n\u201eDieses Probleme beim Wechsel hatte ich bisher noch nie, bl\u00f6d nat\u00fcrlich, wenn man dadurch nun genau beim Sprint die entscheidende Zeit verliert, wo es um Sekunden geht\u201c, so ein entt\u00e4uschter Martin Wei\u00dfkopf nach dem Rennen. F\u00fcr ihn liegt das Hauptaugenmerk nun auf dem morgigen Individual Race. Auch hier ging sich f\u00fcr ihn ein siebter Platz in der Espoirwertung bei der WM aus, das Ergebnis m\u00f6chte er morgen nat\u00fcrlich gerne wiederholen.<br \/>\nZu Ende war es leider bereits nach der Qualifikationsrunde f\u00fcr Mario H\u00fcttner in der Juniorenklasse, der mit dem Sprint heute sein erstes internationales Rennen bestritt und somit gute Erfahrungen sammeln konnte. Dies wird auch morgen sein vorrangiges Ziel sein.<\/p>\n<p>Dominiert hat das Rennen einmal mehr Seppi Rottmoser (GER). Der Weltmeister im Sprint zeigte auch beim Weltcupbewerb, dass er in der Disziplin Sprint einfach unschlagbar ist. Drittbeste Zeit in der Qualifikation, Sieg in seiner Gruppe im Semifinale und letztlich die schnellste Zeit im Finale \u2013 den obersten Podestplatz hat er sich wahrlich verdient! \u00dcber Rang 2 darf sich auch heute der WM Silbermedaillengewinner Marcel Marti (SUI) freuen, Rang 3 geht an Italien durch Roberto Antonioli. Auf Rang vier folgt Andreas Steindl (SUI) vor seinem Landsmann und WM-Bronzemedaillengewinner Yannick Ecoeur auf Rang 5 und William Bon Mardion (FRA) auf Rang 6.<\/p>\n<p>Die Juniorenklasse erinnert ebenfalls recht an die Ergebnisliste der Weltmeisterschaft. Der Sieg ging erneut an Corentin Cerutti (FRA) vor Toni Palzer (GER). Auf Rang 3 befand sich heute Luca Faifer (ITA).<\/p>\n<p>Bei den Damen siegte die Favoritin und vierfache Weltmeisterin Laetitia Roux (FRA) vor den beiden Schweizerinnen Mireille Richard und Emilie Gex-Fabry.<\/p>\n<p>Morgen starten unsere vier \u00d6sterreicher im Individual, um 9.00 Uhr geht\u2019s los. Der Wetterprognose sagt erneut sehr warme Temperaturen an, \u00fcber Nacht ist es jedoch stets noch kalt. F\u00fcr die Athleten hei\u00dft dies, dass der Aufstieg sehr hei\u00df werden wird (die Strecke ist s\u00fcdseitig angelegt), der Schnee bei der Abfahrt jedoch sicher noch gefroren sein wird. Alex Lugger erwartet f\u00fcr sein Team damit schwere Bedingungen, die vor allem Martin Wei\u00dfkopf aber sehr gut gute kommen k\u00f6nnen.<\/p>\n<p>Nicht dabei sein wird \u00fcbrigens wie urspr\u00fcnglich angek\u00fcndigt Jakob Herrmann.<\/p>\n<p>Heute am Abend wird den Athleten im Briefing noch die genaue Route bekannt gegeben. F\u00fcr die Senior- und Espoirklasse der Herren gilt es entweder f\u00fcnf Anstiege mit einer Tragepassage und vier Abfahrten im Gel\u00e4nde auf 1.850 H\u00f6henmeter verteilt zu \u00fcberwinden, oder vier Aufstiege mit zwei Tragepassagen und drei Abfahrten verteilt auf 1.900 H\u00f6henmeter als zweite Variante. Es wird auf jeden Fall ein sehr langes Rennen werden.<br \/>\nAuf Mario H\u00fcttner in der Juniorenklasse warten zwischen 1.500 und 1.600 H\u00f6henmeter, je nach Streckenf\u00fchrung, ebenfalls verteilt auf mehrere Aufstiege mit Tragepassage und mehrere Abfahrten im freien Gel\u00e4nde.<\/p>\n<p>Wir werden nat\u00fcrlich auch morgen laufend aktuell berichten, auf der Webseite und auf unserer Facebookseite! Bis dahin hei\u00dft es wieder: Daumen dr\u00fccken f\u00fcr unsere rot-wei\u00df-roten Athleten in Italien!<\/p>\n<p>Ergebnisliste\u00a0nachfolgend:<\/p>\n","protected":false},"excerpt":{"rendered":"<p>Ein sonniger Tag mit fr\u00fchlingshaften Temperaturen erwartete die Weltelite im Wettkampf-Skibergsteigen heute in Clusone (ITA) beim dritten Weltcuprennen in dieser Saison. Am Programm stand aber &#8211; wie auch nicht anders zu erwarten &#8211; keine gem\u00fctliche Skitour, sondern einer der schnellsten, spannendsten und spritzigsten Bewerbe der Sportart: der Sprint. Bereits gestern nach der Er\u00f6ffnungszeremonie, die wirklich [&hellip;]<\/p>\n","protected":false},"author":4,"featured_media":969,"comment_status":"closed","ping_status":"closed","sticky":false,"template":"","format":"standard","meta":[],"categories":[11,3,7],"tags":[],"yoast_head":"<!-- This site is optimized with the Yoast SEO plugin v16.3 - https:\/\/yoast.com\/wordpress\/plugins\/seo\/ -->\n<title>Weltcup Clusone (ITA) Tag 2 - der Sprint - Sportler<\/title>\n<meta name=\"robots\" content=\"index, follow, max-snippet:-1, max-image-preview:large, max-video-preview:-1\" \/>\n<link rel=\"canonical\" href=\"https:\/\/www.skimo.at\/sportler\/958\/weltcup-clusone-ita-tag-2-der-sprint\/\" \/>\n<meta property=\"og:locale\" content=\"de_DE\" \/>\n<meta property=\"og:type\" content=\"article\" \/>\n<meta property=\"og:title\" content=\"Weltcup Clusone (ITA) Tag 2 - der Sprint - Sportler\" \/>\n<meta property=\"og:description\" content=\"Ein sonniger Tag mit fr\u00fchlingshaften Temperaturen erwartete die Weltelite im Wettkampf-Skibergsteigen heute in Clusone (ITA) beim dritten Weltcuprennen in dieser Saison. Am Programm stand aber &#8211; wie auch nicht anders zu erwarten &#8211; keine gem\u00fctliche Skitour, sondern einer der schnellsten, spannendsten und spritzigsten Bewerbe der Sportart: der Sprint. Bereits gestern nach der Er\u00f6ffnungszeremonie, die wirklich [&hellip;]\" \/>\n<meta property=\"og:url\" content=\"https:\/\/www.skimo.at\/sportler\/958\/weltcup-clusone-ita-tag-2-der-sprint\/\" \/>\n<meta property=\"og:site_name\" content=\"Sportler\" \/>\n<meta property=\"article:published_time\" content=\"2013-03-02T14:16:54+00:00\" \/>\n<meta property=\"article:modified_time\" content=\"2013-03-11T07:48:38+00:00\" \/>\n<meta property=\"og:image\" content=\"https:\/\/skimo.73.jarolim.eu\/sportler\/files\/2013\/03\/Clusone-Sprint-Martin-Islitzer-Martin-Wei\u00dfkopf-086-Foto-Alexander-Lugger-HR.jpg\" \/>\n\t<meta property=\"og:image:width\" content=\"1800\" \/>\n\t<meta property=\"og:image:height\" content=\"1350\" \/>\n<meta name=\"twitter:card\" content=\"summary\" \/>\n<meta name=\"twitter:label1\" content=\"Gesch\u00e4tzte Lesezeit\">\n\t<meta name=\"twitter:data1\" content=\"5\u00a0Minuten\">\n<script type=\"application\/ld+json\" class=\"yoast-schema-graph\">{\"@context\":\"https:\/\/schema.org\",\"@graph\":[{\"@type\":\"WebSite\",\"@id\":\"https:\/\/skimo.73.jarolim.eu\/sportler\/#website\",\"url\":\"https:\/\/skimo.73.jarolim.eu\/sportler\/\",\"name\":\"Sportler\",\"description\":\"\",\"potentialAction\":[{\"@type\":\"SearchAction\",\"target\":\"https:\/\/skimo.73.jarolim.eu\/sportler\/?s={search_term_string}\",\"query-input\":\"required name=search_term_string\"}],\"inLanguage\":\"de\"},{\"@type\":\"ImageObject\",\"@id\":\"https:\/\/www.skimo.at\/sportler\/958\/weltcup-clusone-ita-tag-2-der-sprint\/#primaryimage\",\"inLanguage\":\"de\",\"url\":\"https:\/\/www.skimo.at\/sportler\/files\/2013\/03\/Clusone-Sprint-Martin-Islitzer-Martin-Wei\\u00dfkopf-086-Foto-Alexander-Lugger-HR.jpg\",\"contentUrl\":\"https:\/\/www.skimo.at\/sportler\/files\/2013\/03\/Clusone-Sprint-Martin-Islitzer-Martin-Wei\\u00dfkopf-086-Foto-Alexander-Lugger-HR.jpg\",\"width\":1800,\"height\":1350,\"caption\":\"Bild Alex Lugger\"},{\"@type\":\"WebPage\",\"@id\":\"https:\/\/www.skimo.at\/sportler\/958\/weltcup-clusone-ita-tag-2-der-sprint\/#webpage\",\"url\":\"https:\/\/www.skimo.at\/sportler\/958\/weltcup-clusone-ita-tag-2-der-sprint\/\",\"name\":\"Weltcup Clusone (ITA) Tag 2 - der Sprint - Sportler\",\"isPartOf\":{\"@id\":\"https:\/\/skimo.73.jarolim.eu\/sportler\/#website\"},\"primaryImageOfPage\":{\"@id\":\"https:\/\/www.skimo.at\/sportler\/958\/weltcup-clusone-ita-tag-2-der-sprint\/#primaryimage\"},\"datePublished\":\"2013-03-02T14:16:54+00:00\",\"dateModified\":\"2013-03-11T07:48:38+00:00\",\"author\":{\"@id\":\"https:\/\/skimo.73.jarolim.eu\/sportler\/#\/schema\/person\/89e18f4c3d09b5434dbc2dc0cefbcd30\"},\"breadcrumb\":{\"@id\":\"https:\/\/www.skimo.at\/sportler\/958\/weltcup-clusone-ita-tag-2-der-sprint\/#breadcrumb\"},\"inLanguage\":\"de\",\"potentialAction\":[{\"@type\":\"ReadAction\",\"target\":[\"https:\/\/www.skimo.at\/sportler\/958\/weltcup-clusone-ita-tag-2-der-sprint\/\"]}]},{\"@type\":\"BreadcrumbList\",\"@id\":\"https:\/\/www.skimo.at\/sportler\/958\/weltcup-clusone-ita-tag-2-der-sprint\/#breadcrumb\",\"itemListElement\":[{\"@type\":\"ListItem\",\"position\":1,\"item\":{\"@type\":\"WebPage\",\"@id\":\"https:\/\/skimo.73.jarolim.eu\/sportler\/\",\"url\":\"https:\/\/skimo.73.jarolim.eu\/sportler\/\",\"name\":\"Home\"}},{\"@type\":\"ListItem\",\"position\":2,\"item\":{\"@id\":\"https:\/\/www.skimo.at\/sportler\/958\/weltcup-clusone-ita-tag-2-der-sprint\/#webpage\"}}]},{\"@type\":\"Person\",\"@id\":\"https:\/\/skimo.73.jarolim.eu\/sportler\/#\/schema\/person\/89e18f4c3d09b5434dbc2dc0cefbcd30\",\"name\":\"aspielbuechler\",\"image\":{\"@type\":\"ImageObject\",\"@id\":\"https:\/\/skimo.73.jarolim.eu\/sportler\/#personlogo\",\"inLanguage\":\"de\",\"url\":\"https:\/\/secure.gravatar.com\/avatar\/1220d25619b41a33e4710c8b968dc56e?s=96&r=g\",\"contentUrl\":\"https:\/\/secure.gravatar.com\/avatar\/1220d25619b41a33e4710c8b968dc56e?s=96&r=g\",\"caption\":\"aspielbuechler\"},\"url\":\"https:\/\/www.skimo.at\/sportler\/author\/aspielbuechler\/\"}]}<\/script>\n<!-- \/ Yoast SEO plugin. -->","_links":{"self":[{"href":"https:\/\/www.skimo.at\/sportler\/wp-json\/wp\/v2\/posts\/958"}],"collection":[{"href":"https:\/\/www.skimo.at\/sportler\/wp-json\/wp\/v2\/posts"}],"about":[{"href":"https:\/\/www.skimo.at\/sportler\/wp-json\/wp\/v2\/types\/post"}],"author":[{"embeddable":true,"href":"https:\/\/www.skimo.at\/sportler\/wp-json\/wp\/v2\/users\/4"}],"replies":[{"embeddable":true,"href":"https:\/\/www.skimo.at\/sportler\/wp-json\/wp\/v2\/comments?post=958"}],"version-history":[{"count":9,"href":"https:\/\/www.skimo.at\/sportler\/wp-json\/wp\/v2\/posts\/958\/revisions"}],"predecessor-version":[{"id":973,"href":"https:\/\/www.skimo.at\/sportler\/wp-json\/wp\/v2\/posts\/958\/revisions\/973"}],"wp:featuredmedia":[{"embeddable":true,"href":"https:\/\/www.skimo.at\/sportler\/wp-json\/wp\/v2\/media\/969"}],"wp:attachment":[{"href":"https:\/\/www.skimo.at\/sportler\/wp-json\/wp\/v2\/media?parent=958"}],"wp:term":[{"taxonomy":"category","embeddable":true,"href":"https:\/\/www.skimo.at\/sportler\/wp-json\/wp\/v2\/categories?post=958"},{"taxonomy":"post_tag","embeddable":true,"href":"https:\/\/www.skimo.at\/sportler\/wp-json\/wp\/v2\/tags?post=958"}],"curies":[{"name":"wp","href":"https:\/\/api.w.org\/{rel}","templated":true}]}}