{"id":947,"date":"2013-03-01T19:12:14","date_gmt":"2013-03-01T17:12:14","guid":{"rendered":"http:\/\/www.skimo.at\/sportler\/?p=947"},"modified":"2013-03-02T10:17:07","modified_gmt":"2013-03-02T08:17:07","slug":"weltcup-clusone-ita-tag-1-die-anreise","status":"publish","type":"post","link":"https:\/\/www.skimo.at\/sportler\/947\/weltcup-clusone-ita-tag-1-die-anreise\/","title":{"rendered":"Weltcup Clusone (ITA) Tag 1 \u2013 die Anreise"},"content":{"rendered":"<p>Eine kleine Mannschaft des \u00f6sterreichischen Nationalteams ist heute in Clusone (ITA) eingetroffen, um an den n\u00e4chsten zwei Tagen ihr Bestes beim dritten Weltcup Rennen zu geben. Morgen Samstag steht der Sprintbewerb am Programm, am Sonntag folgt das Individual Race.<\/p>\n<p>Erste Infos haben wir von unserem Trainer Alex Lugger vor Ort bereits bekommen. Er und die Athleten haben heute am Nachmittag die Sprintstrecke bzw. einen Teil der Individual Strecke besichtigt. Erster Eindruck: morgen wird es ein recht spannendes Rennen werden. Der Parcours ist relativ lang f\u00fcr einen Sprint und wird wahrscheinlich sogar eine kleine Schanze beinhalten. Das Rennen findet in einem kleinen Skigebiet statt, die Organisatoren haben den Start -\/Zielbereich sehr weltcupw\u00fcrdig gestaltet, f\u00fcr die Zuschauer wird die Veranstaltungen mit Sicherheit spektakul\u00e4r werden und l\u00e4dt zum Mitfiebern und Anfeuern ein.<\/p>\n<p>Generell ist in der Gegend sehr wenig Schnee. Dieser Umstand wird den morgigen Sprint noch nicht beeinflussen, wird aber sicher ein Thema f\u00fcr das Individual Rennen am Sonntag werden und die Bedingungen f\u00fcr die Athleten nicht erleichtern. Zus\u00e4tzlich herrschten heute bzw. werden f\u00fcr morgen fr\u00fchlingshaft warme Temperaturen vorhergesagt.<\/p>\n<p>Die Mannschaftsaufstellung f\u00fcr die folgenden zwei Tage:<\/p>\n<p>Wei\u00dfkopf Martin: Sprint u. Individual<\/p>\n<p>Rohringer Daniel: Sprint u. Individual<\/p>\n<p>Islitzer Martin: Sprint u. Individual<\/p>\n<p>Hermann Jakob: Individual (reist erst morgen an)<\/p>\n<p>H\u00fcttner Mario: Klasse Junior, Sprint u. Individual (Sichtungsrennen f\u00fcr Kaderaufnahme?)<\/p>\n<p>Alex Lugger berichtet, dass die Athleten am Abend eine wirklich weltcuptaugliche\u00a0Er\u00f6ffnung erwartet habe. Die Parade f\u00fchrte\u00a0 durch die engen\u00a0Gassen\u00a0von Clusone mit sehr vielen applaudierenden Zusehern. Im\u00a0beheizten\u00a0Zelt\u00a0gab es kurze Ansprachen, eine \u00dcbergabe\u00a0von Presenten an alle\u00a0Nationen,\u00a0Vorstellung\u00a0der Top5 der Weltcupwertung im\u00a0Sprint\u00a0und dann ein gemeinsames Abendessen im Zelt.\u00a0Anschlie\u00dfend bei der Party werden die Sportler wohl nicht lange zu finden sein: Gas gegeben wird da schon lieber morgen! Wir werden nat\u00fcrlich, sobald es News gibt, genauestens berichten. Ab 9.00 Uhr hei\u00dft es auf jeden Fall \u201eDaumen dr\u00fccke\u201c, denn da erfolgt der Start zum Sprint!<\/p>\n","protected":false},"excerpt":{"rendered":"<p>Eine kleine Mannschaft des \u00f6sterreichischen Nationalteams ist heute in Clusone (ITA) eingetroffen, um an den n\u00e4chsten zwei Tagen ihr Bestes beim dritten Weltcup Rennen zu geben. Morgen Samstag steht der Sprintbewerb am Programm, am Sonntag folgt das Individual Race. Erste Infos haben wir von unserem Trainer Alex Lugger vor Ort bereits bekommen. Er und die [&hellip;]<\/p>\n","protected":false},"author":4,"featured_media":955,"comment_status":"closed","ping_status":"closed","sticky":false,"template":"","format":"standard","meta":[],"categories":[3],"tags":[],"yoast_head":"<!-- This site is optimized with the Yoast SEO plugin v16.3 - https:\/\/yoast.com\/wordpress\/plugins\/seo\/ -->\n<title>Weltcup Clusone (ITA) Tag 1 \u2013 die Anreise - Sportler<\/title>\n<meta name=\"robots\" content=\"index, follow, max-snippet:-1, max-image-preview:large, max-video-preview:-1\" \/>\n<link rel=\"canonical\" href=\"https:\/\/www.skimo.at\/sportler\/947\/weltcup-clusone-ita-tag-1-die-anreise\/\" \/>\n<meta property=\"og:locale\" content=\"de_DE\" \/>\n<meta property=\"og:type\" content=\"article\" \/>\n<meta property=\"og:title\" content=\"Weltcup Clusone (ITA) Tag 1 \u2013 die Anreise - Sportler\" \/>\n<meta property=\"og:description\" content=\"Eine kleine Mannschaft des \u00f6sterreichischen Nationalteams ist heute in Clusone (ITA) eingetroffen, um an den n\u00e4chsten zwei Tagen ihr Bestes beim dritten Weltcup Rennen zu geben. Morgen Samstag steht der Sprintbewerb am Programm, am Sonntag folgt das Individual Race. Erste Infos haben wir von unserem Trainer Alex Lugger vor Ort bereits bekommen. Er und die [&hellip;]\" \/>\n<meta property=\"og:url\" content=\"https:\/\/www.skimo.at\/sportler\/947\/weltcup-clusone-ita-tag-1-die-anreise\/\" \/>\n<meta property=\"og:site_name\" content=\"Sportler\" \/>\n<meta property=\"article:published_time\" content=\"2013-03-01T17:12:14+00:00\" \/>\n<meta property=\"article:modified_time\" content=\"2013-03-02T08:17:07+00:00\" \/>\n<meta property=\"og:image\" content=\"https:\/\/skimo.73.jarolim.eu\/sportler\/files\/2013\/03\/Clusone-Er\u00f6ffnung-020-Foto-werbegams.at-LR.jpg\" \/>\n\t<meta property=\"og:image:width\" content=\"1800\" \/>\n\t<meta property=\"og:image:height\" content=\"1198\" \/>\n<meta name=\"twitter:card\" content=\"summary\" \/>\n<meta name=\"twitter:label1\" content=\"Gesch\u00e4tzte Lesezeit\">\n\t<meta name=\"twitter:data1\" content=\"2\u00a0Minuten\">\n<script type=\"application\/ld+json\" class=\"yoast-schema-graph\">{\"@context\":\"https:\/\/schema.org\",\"@graph\":[{\"@type\":\"WebSite\",\"@id\":\"https:\/\/skimo.73.jarolim.eu\/sportler\/#website\",\"url\":\"https:\/\/skimo.73.jarolim.eu\/sportler\/\",\"name\":\"Sportler\",\"description\":\"\",\"potentialAction\":[{\"@type\":\"SearchAction\",\"target\":\"https:\/\/skimo.73.jarolim.eu\/sportler\/?s={search_term_string}\",\"query-input\":\"required name=search_term_string\"}],\"inLanguage\":\"de\"},{\"@type\":\"ImageObject\",\"@id\":\"https:\/\/www.skimo.at\/sportler\/947\/weltcup-clusone-ita-tag-1-die-anreise\/#primaryimage\",\"inLanguage\":\"de\",\"url\":\"https:\/\/www.skimo.at\/sportler\/files\/2013\/03\/Clusone-Er\\u00f6ffnung-020-Foto-werbegams.at-LR.jpg\",\"contentUrl\":\"https:\/\/www.skimo.at\/sportler\/files\/2013\/03\/Clusone-Er\\u00f6ffnung-020-Foto-werbegams.at-LR.jpg\",\"width\":1800,\"height\":1198},{\"@type\":\"WebPage\",\"@id\":\"https:\/\/www.skimo.at\/sportler\/947\/weltcup-clusone-ita-tag-1-die-anreise\/#webpage\",\"url\":\"https:\/\/www.skimo.at\/sportler\/947\/weltcup-clusone-ita-tag-1-die-anreise\/\",\"name\":\"Weltcup Clusone (ITA) Tag 1 \\u2013 die Anreise - Sportler\",\"isPartOf\":{\"@id\":\"https:\/\/skimo.73.jarolim.eu\/sportler\/#website\"},\"primaryImageOfPage\":{\"@id\":\"https:\/\/www.skimo.at\/sportler\/947\/weltcup-clusone-ita-tag-1-die-anreise\/#primaryimage\"},\"datePublished\":\"2013-03-01T17:12:14+00:00\",\"dateModified\":\"2013-03-02T08:17:07+00:00\",\"author\":{\"@id\":\"https:\/\/skimo.73.jarolim.eu\/sportler\/#\/schema\/person\/89e18f4c3d09b5434dbc2dc0cefbcd30\"},\"breadcrumb\":{\"@id\":\"https:\/\/www.skimo.at\/sportler\/947\/weltcup-clusone-ita-tag-1-die-anreise\/#breadcrumb\"},\"inLanguage\":\"de\",\"potentialAction\":[{\"@type\":\"ReadAction\",\"target\":[\"https:\/\/www.skimo.at\/sportler\/947\/weltcup-clusone-ita-tag-1-die-anreise\/\"]}]},{\"@type\":\"BreadcrumbList\",\"@id\":\"https:\/\/www.skimo.at\/sportler\/947\/weltcup-clusone-ita-tag-1-die-anreise\/#breadcrumb\",\"itemListElement\":[{\"@type\":\"ListItem\",\"position\":1,\"item\":{\"@type\":\"WebPage\",\"@id\":\"https:\/\/skimo.73.jarolim.eu\/sportler\/\",\"url\":\"https:\/\/skimo.73.jarolim.eu\/sportler\/\",\"name\":\"Home\"}},{\"@type\":\"ListItem\",\"position\":2,\"item\":{\"@id\":\"https:\/\/www.skimo.at\/sportler\/947\/weltcup-clusone-ita-tag-1-die-anreise\/#webpage\"}}]},{\"@type\":\"Person\",\"@id\":\"https:\/\/skimo.73.jarolim.eu\/sportler\/#\/schema\/person\/89e18f4c3d09b5434dbc2dc0cefbcd30\",\"name\":\"aspielbuechler\",\"image\":{\"@type\":\"ImageObject\",\"@id\":\"https:\/\/skimo.73.jarolim.eu\/sportler\/#personlogo\",\"inLanguage\":\"de\",\"url\":\"https:\/\/secure.gravatar.com\/avatar\/1220d25619b41a33e4710c8b968dc56e?s=96&r=g\",\"contentUrl\":\"https:\/\/secure.gravatar.com\/avatar\/1220d25619b41a33e4710c8b968dc56e?s=96&r=g\",\"caption\":\"aspielbuechler\"},\"url\":\"https:\/\/www.skimo.at\/sportler\/author\/aspielbuechler\/\"}]}<\/script>\n<!-- \/ Yoast SEO plugin. -->","_links":{"self":[{"href":"https:\/\/www.skimo.at\/sportler\/wp-json\/wp\/v2\/posts\/947"}],"collection":[{"href":"https:\/\/www.skimo.at\/sportler\/wp-json\/wp\/v2\/posts"}],"about":[{"href":"https:\/\/www.skimo.at\/sportler\/wp-json\/wp\/v2\/types\/post"}],"author":[{"embeddable":true,"href":"https:\/\/www.skimo.at\/sportler\/wp-json\/wp\/v2\/users\/4"}],"replies":[{"embeddable":true,"href":"https:\/\/www.skimo.at\/sportler\/wp-json\/wp\/v2\/comments?post=947"}],"version-history":[{"count":4,"href":"https:\/\/www.skimo.at\/sportler\/wp-json\/wp\/v2\/posts\/947\/revisions"}],"predecessor-version":[{"id":949,"href":"https:\/\/www.skimo.at\/sportler\/wp-json\/wp\/v2\/posts\/947\/revisions\/949"}],"wp:featuredmedia":[{"embeddable":true,"href":"https:\/\/www.skimo.at\/sportler\/wp-json\/wp\/v2\/media\/955"}],"wp:attachment":[{"href":"https:\/\/www.skimo.at\/sportler\/wp-json\/wp\/v2\/media?parent=947"}],"wp:term":[{"taxonomy":"category","embeddable":true,"href":"https:\/\/www.skimo.at\/sportler\/wp-json\/wp\/v2\/categories?post=947"},{"taxonomy":"post_tag","embeddable":true,"href":"https:\/\/www.skimo.at\/sportler\/wp-json\/wp\/v2\/tags?post=947"}],"curies":[{"name":"wp","href":"https:\/\/api.w.org\/{rel}","templated":true}]}}