{"id":919,"date":"2013-02-15T17:54:50","date_gmt":"2013-02-15T15:54:50","guid":{"rendered":"http:\/\/www.skimo.at\/sportler\/?p=919"},"modified":"2021-01-05T17:17:43","modified_gmt":"2021-01-05T15:17:43","slug":"weltmeisterschaft-pelvoux-tag-7-rang-6-im-staffelrennen-fur-die-osterreicher","status":"publish","type":"post","link":"https:\/\/www.skimo.at\/sportler\/919\/weltmeisterschaft-pelvoux-tag-7-rang-6-im-staffelrennen-fur-die-osterreicher\/","title":{"rendered":"Weltmeisterschaft Pelvoux Tag 7 &#8211; Rang 6 im Staffelrennen f\u00fcr die \u00d6sterreicher"},"content":{"rendered":"<p>Der Abschlussbewerb der Weltmeisterschaft endete genauso spannend, wie die Wettk\u00e4mpfe der letzten Tage waren. Und auch recht erfolgreich f\u00fcr unsere \u00d6sterreicher mit einem 6. Rang!<\/p>\n<p>Im Skigebiet von Puy St. Vincent lieferten sich die Teams noch einen letzten, gnadenlosen Kampf beim Relay Race, dem Staffelrennen. 160 H\u00f6henmeter umfasste eine Runde, die Damen bestanden aus Dreiermannschaften, die Herren liefen zu viert. F\u00fcr \u00d6sterreich waren Martin Wei\u00dfkopf, Daniel Rohringer, Tom Wallner und Markus Stock am Start. Damenstaffel gab es dieses Jahr f\u00fcr uns leider keine.<\/p>\n<p>Das Tempo aller Athleten war gewaltig, sie hatten zwei Aufstiege mit einer Tragepassage und zwei Abfahrten zu bew\u00e4ltigen, wobei eine durch ein Waldst\u00fcck f\u00fchrte und sehr eng war, die andere \u00fcber eine Buckelpiste hinunter ging. Ein Gro\u00dfteil der Strecke war vom Start-Ziel Bereich aus einsehbar, ein Wechsel fand direkt hier statt, dementsprechend lautstark war die Stimmung, wenn die L\u00e4ufer vorbeikamen. Die Athleten gaben in den 8 bis 9 Minuten Laufzeit pro Person alles, sowohl bergauf, als auch bergab bei den schweren Abfahrten, selbst \u00fcber die Buckelpiste ging es Schuss hinab! Bei den Damen holte Laetitia Roux mit ihrer Mannschaft (Valentine Fabre, Axelle Mollaret) f\u00fcr Frankreich souver\u00e4n auf der letzten Runde Gold vor den Italienerinnen und den Schweizerinnen.<\/p>\n<p>Bei den Herren gab es ein Fotofinish zwischen der Schweizer Mannschaft und der Italienischen. F\u00fchrten die Schweizer nahezu den ganzen Bewerb \u00fcber, so \u00fcberholte der Italiener Antonioli den Schweizer Marti noch bei der letzten Abfahrt, Marti war aber der bessere Skater und erreichte ca. eine Skil\u00e4nge vor Antonioli das Ziel. Der Sieg ging somit verdient an die Schweiz (Martin Anthamatten, Yannick Ecoeur, Andreas Steindl, Marcel Marti). Mit rund vier Minuten R\u00fcckstand ging sich f\u00fcr unsere Herren nach SUI, ITA, FRA, ESP und GER ein super super 6. Platz aus. Ein tolles Ergebnis als Abschluss einer krankheitsgepr\u00e4gten Woche.<\/p>\n<blockquote><p>Daniel Rohringer lief dabei von den Vieren die beste Zeit: \u201eMir ging es sehr gut heute, die Runde hat mir getaugt. Echt super, noch einen solchen Abschluss hinzubekommen. Ich von meiner Seite bin wirklich mehr als zufrieden mit meinen Ergebnissen in dieser Woche!\u201c<\/p>\n<p>Eine gute Rundenzeit lief auch Markus Stock als Schlussl\u00e4ufer, obwohl er heute ziemlich angeschlagen war: \u201eMir ging es gar nicht gut, ich musste st\u00e4ndig husten, der letzte Anstieg war brutal anstrengend. Umso mehr freut mich unser Ergebnis von heute!\u201c<\/p><\/blockquote>\n<p>Auch Martin Wei\u00dfkopf und Tom Wallner sind sich einig, dass das Relay einen perfekten Abschluss der ganzen Woche dargestellt hat.<\/p>\n<p>Trainer Alexander Lugger ist ebenfalls recht zufrieden mit dem heutigen Ergebnis. \u201eDie Zeitr\u00fcckst\u00e4nde sind wirklich ok f\u00fcr unser Team. Ein sechster Rang bei der WM im Relay Race ist ein super Erfolg. Ich kann den Vieren nur gratulieren f\u00fcr die tolle Leistung!\u201c<\/p>\n<p>An die Erfolge von 2011 konnte die \u00d6sterreichische Nationalmannschaft leider nicht anschlie\u00dfen, drei Medaillen und der 5. Nationenrang war damals das Endergebnis. Dieses Jahr ist das Team auf den 10. Rang nach hinten gerutscht. Grund war hier nat\u00fcrlich vorrangig, dass viele vom Team, allen voran Medaillenhoffnung Ina Forchthammer, krankheitsbedingt ausgefallen sind, bei den Damen durch das Fehlen von Michaela Essl und Veronika Swidrak \u00fcberhaupt keine Athletin am Start war und auch die St\u00e4rke von Alex Fasser bei den Herren abging. Da es aber nicht die letzte WM sein wird, werden die \u00d6sterreicher 2015 wohl zur Revanche rufen und ihren Nationenrang zur\u00fcckzuholen versuchen!<\/p>\n<p>Nun geht es f\u00fcr unser Team weiter zur Abschlusszeremonie, bevor noch in der Nacht bzw. am fr\u00fchen Morgen die 10-st\u00fcndige Heimreise angetreten wird.<\/p>\n","protected":false},"excerpt":{"rendered":"<p>Der Abschlussbewerb der Weltmeisterschaft endete genauso spannend, wie die Wettk\u00e4mpfe der letzten Tage waren. Und auch recht erfolgreich f\u00fcr unsere \u00d6sterreicher mit einem 6. Rang! Im Skigebiet von Puy St. Vincent lieferten sich die Teams noch einen letzten, gnadenlosen Kampf beim Relay Race, dem Staffelrennen. 160 H\u00f6henmeter umfasste eine Runde, die Damen bestanden aus Dreiermannschaften, [&hellip;]<\/p>\n","protected":false},"author":4,"featured_media":934,"comment_status":"closed","ping_status":"closed","sticky":false,"template":"","format":"standard","meta":[],"categories":[11,9,3,7],"tags":[],"yoast_head":"<!-- This site is optimized with the Yoast SEO plugin v16.3 - https:\/\/yoast.com\/wordpress\/plugins\/seo\/ -->\n<title>Weltmeisterschaft Pelvoux Tag 7 - Rang 6 im Staffelrennen f\u00fcr die \u00d6sterreicher - Sportler<\/title>\n<meta name=\"robots\" content=\"index, follow, max-snippet:-1, max-image-preview:large, max-video-preview:-1\" \/>\n<link rel=\"canonical\" href=\"https:\/\/www.skimo.at\/sportler\/919\/weltmeisterschaft-pelvoux-tag-7-rang-6-im-staffelrennen-fur-die-osterreicher\/\" \/>\n<meta property=\"og:locale\" content=\"de_DE\" \/>\n<meta property=\"og:type\" content=\"article\" \/>\n<meta property=\"og:title\" content=\"Weltmeisterschaft Pelvoux Tag 7 - Rang 6 im Staffelrennen f\u00fcr die \u00d6sterreicher - Sportler\" \/>\n<meta property=\"og:description\" content=\"Der Abschlussbewerb der Weltmeisterschaft endete genauso spannend, wie die Wettk\u00e4mpfe der letzten Tage waren. Und auch recht erfolgreich f\u00fcr unsere \u00d6sterreicher mit einem 6. Rang! Im Skigebiet von Puy St. Vincent lieferten sich die Teams noch einen letzten, gnadenlosen Kampf beim Relay Race, dem Staffelrennen. 160 H\u00f6henmeter umfasste eine Runde, die Damen bestanden aus Dreiermannschaften, [&hellip;]\" \/>\n<meta property=\"og:url\" content=\"https:\/\/www.skimo.at\/sportler\/919\/weltmeisterschaft-pelvoux-tag-7-rang-6-im-staffelrennen-fur-die-osterreicher\/\" \/>\n<meta property=\"og:site_name\" content=\"Sportler\" \/>\n<meta property=\"article:published_time\" content=\"2013-02-15T15:54:50+00:00\" \/>\n<meta property=\"article:modified_time\" content=\"2021-01-05T15:17:43+00:00\" \/>\n<meta property=\"og:image\" content=\"https:\/\/skimo.73.jarolim.eu\/sportler\/files\/2013\/02\/Relay-Martin-Wei\u00dfkopf-und-Daniel-Rohringer-089-Foto-Anna-Spielb\u00fcchler-LR.jpg\" \/>\n\t<meta property=\"og:image:width\" content=\"1800\" \/>\n\t<meta property=\"og:image:height\" content=\"1350\" \/>\n<meta name=\"twitter:card\" content=\"summary\" \/>\n<meta name=\"twitter:label1\" content=\"Gesch\u00e4tzte Lesezeit\">\n\t<meta name=\"twitter:data1\" content=\"3\u00a0Minuten\">\n<script type=\"application\/ld+json\" class=\"yoast-schema-graph\">{\"@context\":\"https:\/\/schema.org\",\"@graph\":[{\"@type\":\"WebSite\",\"@id\":\"https:\/\/skimo.73.jarolim.eu\/sportler\/#website\",\"url\":\"https:\/\/skimo.73.jarolim.eu\/sportler\/\",\"name\":\"Sportler\",\"description\":\"\",\"potentialAction\":[{\"@type\":\"SearchAction\",\"target\":\"https:\/\/skimo.73.jarolim.eu\/sportler\/?s={search_term_string}\",\"query-input\":\"required name=search_term_string\"}],\"inLanguage\":\"de\"},{\"@type\":\"ImageObject\",\"@id\":\"https:\/\/www.skimo.at\/sportler\/919\/weltmeisterschaft-pelvoux-tag-7-rang-6-im-staffelrennen-fur-die-osterreicher\/#primaryimage\",\"inLanguage\":\"de\",\"url\":\"https:\/\/www.skimo.at\/sportler\/files\/2013\/02\/Relay-Martin-Wei\\u00dfkopf-und-Daniel-Rohringer-089-Foto-Anna-Spielb\\u00fcchler-LR.jpg\",\"contentUrl\":\"https:\/\/www.skimo.at\/sportler\/files\/2013\/02\/Relay-Martin-Wei\\u00dfkopf-und-Daniel-Rohringer-089-Foto-Anna-Spielb\\u00fcchler-LR.jpg\",\"width\":1800,\"height\":1350},{\"@type\":\"WebPage\",\"@id\":\"https:\/\/www.skimo.at\/sportler\/919\/weltmeisterschaft-pelvoux-tag-7-rang-6-im-staffelrennen-fur-die-osterreicher\/#webpage\",\"url\":\"https:\/\/www.skimo.at\/sportler\/919\/weltmeisterschaft-pelvoux-tag-7-rang-6-im-staffelrennen-fur-die-osterreicher\/\",\"name\":\"Weltmeisterschaft Pelvoux Tag 7 - Rang 6 im Staffelrennen f\\u00fcr die \\u00d6sterreicher - Sportler\",\"isPartOf\":{\"@id\":\"https:\/\/skimo.73.jarolim.eu\/sportler\/#website\"},\"primaryImageOfPage\":{\"@id\":\"https:\/\/www.skimo.at\/sportler\/919\/weltmeisterschaft-pelvoux-tag-7-rang-6-im-staffelrennen-fur-die-osterreicher\/#primaryimage\"},\"datePublished\":\"2013-02-15T15:54:50+00:00\",\"dateModified\":\"2021-01-05T15:17:43+00:00\",\"author\":{\"@id\":\"https:\/\/skimo.73.jarolim.eu\/sportler\/#\/schema\/person\/89e18f4c3d09b5434dbc2dc0cefbcd30\"},\"breadcrumb\":{\"@id\":\"https:\/\/www.skimo.at\/sportler\/919\/weltmeisterschaft-pelvoux-tag-7-rang-6-im-staffelrennen-fur-die-osterreicher\/#breadcrumb\"},\"inLanguage\":\"de\",\"potentialAction\":[{\"@type\":\"ReadAction\",\"target\":[\"https:\/\/www.skimo.at\/sportler\/919\/weltmeisterschaft-pelvoux-tag-7-rang-6-im-staffelrennen-fur-die-osterreicher\/\"]}]},{\"@type\":\"BreadcrumbList\",\"@id\":\"https:\/\/www.skimo.at\/sportler\/919\/weltmeisterschaft-pelvoux-tag-7-rang-6-im-staffelrennen-fur-die-osterreicher\/#breadcrumb\",\"itemListElement\":[{\"@type\":\"ListItem\",\"position\":1,\"item\":{\"@type\":\"WebPage\",\"@id\":\"https:\/\/skimo.73.jarolim.eu\/sportler\/\",\"url\":\"https:\/\/skimo.73.jarolim.eu\/sportler\/\",\"name\":\"Home\"}},{\"@type\":\"ListItem\",\"position\":2,\"item\":{\"@id\":\"https:\/\/www.skimo.at\/sportler\/919\/weltmeisterschaft-pelvoux-tag-7-rang-6-im-staffelrennen-fur-die-osterreicher\/#webpage\"}}]},{\"@type\":\"Person\",\"@id\":\"https:\/\/skimo.73.jarolim.eu\/sportler\/#\/schema\/person\/89e18f4c3d09b5434dbc2dc0cefbcd30\",\"name\":\"aspielbuechler\",\"image\":{\"@type\":\"ImageObject\",\"@id\":\"https:\/\/skimo.73.jarolim.eu\/sportler\/#personlogo\",\"inLanguage\":\"de\",\"url\":\"https:\/\/secure.gravatar.com\/avatar\/1220d25619b41a33e4710c8b968dc56e?s=96&r=g\",\"contentUrl\":\"https:\/\/secure.gravatar.com\/avatar\/1220d25619b41a33e4710c8b968dc56e?s=96&r=g\",\"caption\":\"aspielbuechler\"},\"url\":\"https:\/\/www.skimo.at\/sportler\/author\/aspielbuechler\/\"}]}<\/script>\n<!-- \/ Yoast SEO plugin. -->","_links":{"self":[{"href":"https:\/\/www.skimo.at\/sportler\/wp-json\/wp\/v2\/posts\/919"}],"collection":[{"href":"https:\/\/www.skimo.at\/sportler\/wp-json\/wp\/v2\/posts"}],"about":[{"href":"https:\/\/www.skimo.at\/sportler\/wp-json\/wp\/v2\/types\/post"}],"author":[{"embeddable":true,"href":"https:\/\/www.skimo.at\/sportler\/wp-json\/wp\/v2\/users\/4"}],"replies":[{"embeddable":true,"href":"https:\/\/www.skimo.at\/sportler\/wp-json\/wp\/v2\/comments?post=919"}],"version-history":[{"count":6,"href":"https:\/\/www.skimo.at\/sportler\/wp-json\/wp\/v2\/posts\/919\/revisions"}],"predecessor-version":[{"id":15592,"href":"https:\/\/www.skimo.at\/sportler\/wp-json\/wp\/v2\/posts\/919\/revisions\/15592"}],"wp:featuredmedia":[{"embeddable":true,"href":"https:\/\/www.skimo.at\/sportler\/wp-json\/wp\/v2\/media\/934"}],"wp:attachment":[{"href":"https:\/\/www.skimo.at\/sportler\/wp-json\/wp\/v2\/media?parent=919"}],"wp:term":[{"taxonomy":"category","embeddable":true,"href":"https:\/\/www.skimo.at\/sportler\/wp-json\/wp\/v2\/categories?post=919"},{"taxonomy":"post_tag","embeddable":true,"href":"https:\/\/www.skimo.at\/sportler\/wp-json\/wp\/v2\/tags?post=919"}],"curies":[{"name":"wp","href":"https:\/\/api.w.org\/{rel}","templated":true}]}}