{"id":893,"date":"2013-02-14T15:29:09","date_gmt":"2013-02-14T13:29:09","guid":{"rendered":"http:\/\/www.skimo.at\/sportler\/?p=893"},"modified":"2021-01-05T17:16:55","modified_gmt":"2021-01-05T15:16:55","slug":"weltmeisterschaft-pelvoux-tag-6-daniel-rohringer-schafft-9-rang-in-der-espoirklasse-im-vertical","status":"publish","type":"post","link":"https:\/\/www.skimo.at\/sportler\/893\/weltmeisterschaft-pelvoux-tag-6-daniel-rohringer-schafft-9-rang-in-der-espoirklasse-im-vertical\/","title":{"rendered":"Weltmeisterschaft Pelvoux Tag 6 &#8211; Daniel Rohringer schafft 9. Rang in der Espoirklasse im Vertical"},"content":{"rendered":"<p>Was war das heute f\u00fcr ein Rennen! Spannend bis zum letzten Sprint! Mit ein paar Sekunden Zeitunterschied schoss es die Athleten beim heutigen Vertical Race nacheinander ins Ziel. 610 H\u00f6henmeter hatten die Teilnehmer heute bei diesem reinen Aufstiegsrennen zu bew\u00e4ltigen, die Strecke f\u00fchrte Gro\u00dfteils \u00fcber die Skipiste hinauf zur Bergstation eines Sesselliftes im Skigebiet von Pelvoux. Dementsprechend viele Zuschauer waren am Berg oben unterwegs und feuerten die ankommenden Athleten lautstark an.<\/p>\n<p>Unangefochten diesmal an der Spitze unterwegs der Titelverteidiger der letzten WM, Kilian Jornet Burgada (ESP), der mit einer Zeit von 25:33,6 die Wiederholung seines Sieges von 2011 schaffte und darf sich somit erneut Weltmeister im Vertical Race nennen darf. Nur 12 Sekunden hinter ihm erreichte sein n\u00e4chster Konkurrent, Martin Anthamatten (SUI) das Ziel, ebenfalls nur knapp vor dem Drittplatzierten, Damiano Lenzi (ITA). Noch innerhalb der n\u00e4chsten Minute erreichten vier weitere Athleten mit Matheo Jacquemoud (FRA), Manfred Reichegger (ITA), Yannick Ecoeur (SUI) und William Bon Mardion (FRA) das Ziel, ein wahrer Sekundenkrimi und eine enorme Dichte an der Spitze.<\/p>\n<p>Unser Daniel Rohringer hat mit seinem heutigen Ergebnis wahrgemacht, was er gestern gesagt hat. Wenn er keine Konkurrenz wolle, dann bleibe er bei den Rennen in \u00d6sterreich zuhause. Wenngleich die Konkurrenz in der Seniorklasse heute enorm stark war (ein 34. Gesamtrang ging sich hier f\u00fcr ihn aus), hat er in der Espoirwertung (die 21-23 j\u00e4hrigen werden noch zus\u00e4tzlich in einer Wertung zusammengefasst) ordentlich aufgezeigt: ein 9. Platz und somit ein weiteres TopTen Ergebnis f\u00fcr das \u00f6sterreichische Team!<\/p>\n<blockquote><p>\u201eBeim Start bin ich sehr schlecht wegekommen, da vor mir ein Athlet den Ski verloren hat. Ich bin genau in diesem Haufen stecken geblieben, konnte aber gl\u00fccklicherweise nach vorne und hatte freie Bahn. Dann lief das Rennen sehr gut, ich habe Platz f\u00fcr Platz gutmachen k\u00f6nnen. Ein TopTen Platz in der Espoirklasse ist schon cool, freut mich sehr nach dem schwierigen Anfang in dieser Saison mit meiner verletzungsbedingten Rennpause\u201c, so ein zufriedener Daniel Rohringer im Ziel.<\/p><\/blockquote>\n<p>Vier Minuten R\u00fcckstand hat Daniel \u00fcbrigens lediglich auf Sieger Kilian Jornet, da sieht man deutlich, wie knapp die Athleten inzwischen hier beisammen liegen.<\/p>\n<p>Unter seinem Wert verkaufte sich heute Martin Wei\u00dfkopf, der mit seinem 45. Gesamtrang und 12. Platz in der Espoirwertung nach seinen Erfolgen in den letzten Bewerben nicht zufrieden ist.<\/p>\n<blockquote><p>Schulterzuckend sein Kommentar: \u201eBin heute sicher unter meiner Leistung gegangen. Das Individual Rennen ist mir gestern mit Sicherheit mehr gelegen.\u201c<\/p><\/blockquote>\n<p>Nicht ganz nach Plan lief es auch bei unseren beiden Salzburgern Thomas Wallner und Markus Stock. Sie mussten sich eher im hinteren Bereich einreihen. Trotzdem loben die beiden das Rennen heute als sehr l\u00e4ssigen Bewerb.<\/p>\n<p>Wahrscheinlich mehr als der (bereits nahezu fix prognostizierte) Sieger Toni Palzer (GER) in der Juniorenklasse freute sich unser Jungathlet Clemens Steinberger nach dem Rennen.<\/p>\n<blockquote><p>Gerade aus der Materialkontroller herau\u00dfen, sein Kommentar voller Freude strahlend: \u201eBoa, war das cool! So ein l\u00e4ssiges Rennen, hat mir voll getaugt. Und auf den US-Amerikaner Micah Thatcher, mit dem ich mich im Individual bis zum Schluss hin duelliert habe, hab ich heute ordentlich Zeit gut machen k\u00f6nnen. Ich bin sehr happy mit dem heutigen Tag!\u201c<\/p>\n<p>Trainer Alexander Lugger auf den heutigen Tag: &#8222;Platzierungsm\u00e4\u00dfig in der Gesamtwertung kann man heute nicht ganz zufrieden sein. Der 9. Rang in der Espoirklasse vom Daniel Rohringer hat uns gerade noch raus gerissen. Einige Athleten und Nationen, die wir normalerweise hinter uns lassen sollten, waren diesmal in der Ergebnisliste vorne. F\u00fcr Clemens ist es gut, wenn er sich langsam Platz f\u00fcr Platz nach vorne arbeiten kann, da hat er heute auch gemacht.\u201c<\/p><\/blockquote>\n<p>Bei den Damen ging der Sieg einmal mehr an Frankreich mit Laetitia Roux, gefolgt von Mireia Miro Varela (ESP) und Emelie Forsberg (SWE).<\/p>\n<p>Morgen im Relay starten unsere vier Athleten erneut. Martin Wei\u00dfkopf wird bei diesem Staffelbewerb als erster ins Rennen gehen, Daniel Rohringer, Tom Wallner und Markus Stock folgen in dieser Reihenfolge. Clemens kann in der Staffel leider nicht starten, weil uns die Jungathleten f\u00fcr die Zusammenstellung fehlen und ein Mischen von Nationen nicht m\u00f6glich ist. Der Staffelbewerb ist der Abschlussbewerb der WM 2013, eine doch recht erfolgreiche Woche, trotz der vielen vielen krankheits- und verletzungsbedingten Ausf\u00e4lle im Team.<\/p>\n<p>Wir werden morgen nat\u00fcrlich wieder aktuell \u00fcber das Rennen berichten.<\/p>\n","protected":false},"excerpt":{"rendered":"<p>Was war das heute f\u00fcr ein Rennen! Spannend bis zum letzten Sprint! Mit ein paar Sekunden Zeitunterschied schoss es die Athleten beim heutigen Vertical Race nacheinander ins Ziel. 610 H\u00f6henmeter hatten die Teilnehmer heute bei diesem reinen Aufstiegsrennen zu bew\u00e4ltigen, die Strecke f\u00fchrte Gro\u00dfteils \u00fcber die Skipiste hinauf zur Bergstation eines Sesselliftes im Skigebiet von [&hellip;]<\/p>\n","protected":false},"author":4,"featured_media":896,"comment_status":"closed","ping_status":"closed","sticky":false,"template":"","format":"standard","meta":[],"categories":[1,11,9,3,7],"tags":[],"yoast_head":"<!-- This site is optimized with the Yoast SEO plugin v16.3 - https:\/\/yoast.com\/wordpress\/plugins\/seo\/ -->\n<title>Weltmeisterschaft Pelvoux Tag 6 - Daniel Rohringer schafft 9. Rang in der Espoirklasse im Vertical - Sportler<\/title>\n<meta name=\"robots\" content=\"index, follow, max-snippet:-1, max-image-preview:large, max-video-preview:-1\" \/>\n<link rel=\"canonical\" href=\"https:\/\/www.skimo.at\/sportler\/893\/weltmeisterschaft-pelvoux-tag-6-daniel-rohringer-schafft-9-rang-in-der-espoirklasse-im-vertical\/\" \/>\n<meta property=\"og:locale\" content=\"de_DE\" \/>\n<meta property=\"og:type\" content=\"article\" \/>\n<meta property=\"og:title\" content=\"Weltmeisterschaft Pelvoux Tag 6 - Daniel Rohringer schafft 9. Rang in der Espoirklasse im Vertical - Sportler\" \/>\n<meta property=\"og:description\" content=\"Was war das heute f\u00fcr ein Rennen! Spannend bis zum letzten Sprint! Mit ein paar Sekunden Zeitunterschied schoss es die Athleten beim heutigen Vertical Race nacheinander ins Ziel. 610 H\u00f6henmeter hatten die Teilnehmer heute bei diesem reinen Aufstiegsrennen zu bew\u00e4ltigen, die Strecke f\u00fchrte Gro\u00dfteils \u00fcber die Skipiste hinauf zur Bergstation eines Sesselliftes im Skigebiet von [&hellip;]\" \/>\n<meta property=\"og:url\" content=\"https:\/\/www.skimo.at\/sportler\/893\/weltmeisterschaft-pelvoux-tag-6-daniel-rohringer-schafft-9-rang-in-der-espoirklasse-im-vertical\/\" \/>\n<meta property=\"og:site_name\" content=\"Sportler\" \/>\n<meta property=\"article:published_time\" content=\"2013-02-14T13:29:09+00:00\" \/>\n<meta property=\"article:modified_time\" content=\"2021-01-05T15:16:55+00:00\" \/>\n<meta property=\"og:image\" content=\"https:\/\/skimo.73.jarolim.eu\/sportler\/files\/2013\/02\/Vertical-002-Foto-werbegams.at-LR.jpg\" \/>\n\t<meta property=\"og:image:width\" content=\"1800\" \/>\n\t<meta property=\"og:image:height\" content=\"1198\" \/>\n<meta name=\"twitter:card\" content=\"summary\" \/>\n<meta name=\"twitter:label1\" content=\"Gesch\u00e4tzte Lesezeit\">\n\t<meta name=\"twitter:data1\" content=\"4\u00a0Minuten\">\n<script type=\"application\/ld+json\" class=\"yoast-schema-graph\">{\"@context\":\"https:\/\/schema.org\",\"@graph\":[{\"@type\":\"WebSite\",\"@id\":\"https:\/\/skimo.73.jarolim.eu\/sportler\/#website\",\"url\":\"https:\/\/skimo.73.jarolim.eu\/sportler\/\",\"name\":\"Sportler\",\"description\":\"\",\"potentialAction\":[{\"@type\":\"SearchAction\",\"target\":\"https:\/\/skimo.73.jarolim.eu\/sportler\/?s={search_term_string}\",\"query-input\":\"required name=search_term_string\"}],\"inLanguage\":\"de\"},{\"@type\":\"ImageObject\",\"@id\":\"https:\/\/www.skimo.at\/sportler\/893\/weltmeisterschaft-pelvoux-tag-6-daniel-rohringer-schafft-9-rang-in-der-espoirklasse-im-vertical\/#primaryimage\",\"inLanguage\":\"de\",\"url\":\"https:\/\/www.skimo.at\/sportler\/files\/2013\/02\/Vertical-002-Foto-werbegams.at-LR.jpg\",\"contentUrl\":\"https:\/\/www.skimo.at\/sportler\/files\/2013\/02\/Vertical-002-Foto-werbegams.at-LR.jpg\",\"width\":1800,\"height\":1198,\"caption\":\"Bild Werbegams\"},{\"@type\":\"WebPage\",\"@id\":\"https:\/\/www.skimo.at\/sportler\/893\/weltmeisterschaft-pelvoux-tag-6-daniel-rohringer-schafft-9-rang-in-der-espoirklasse-im-vertical\/#webpage\",\"url\":\"https:\/\/www.skimo.at\/sportler\/893\/weltmeisterschaft-pelvoux-tag-6-daniel-rohringer-schafft-9-rang-in-der-espoirklasse-im-vertical\/\",\"name\":\"Weltmeisterschaft Pelvoux Tag 6 - Daniel Rohringer schafft 9. Rang in der Espoirklasse im Vertical - Sportler\",\"isPartOf\":{\"@id\":\"https:\/\/skimo.73.jarolim.eu\/sportler\/#website\"},\"primaryImageOfPage\":{\"@id\":\"https:\/\/www.skimo.at\/sportler\/893\/weltmeisterschaft-pelvoux-tag-6-daniel-rohringer-schafft-9-rang-in-der-espoirklasse-im-vertical\/#primaryimage\"},\"datePublished\":\"2013-02-14T13:29:09+00:00\",\"dateModified\":\"2021-01-05T15:16:55+00:00\",\"author\":{\"@id\":\"https:\/\/skimo.73.jarolim.eu\/sportler\/#\/schema\/person\/89e18f4c3d09b5434dbc2dc0cefbcd30\"},\"breadcrumb\":{\"@id\":\"https:\/\/www.skimo.at\/sportler\/893\/weltmeisterschaft-pelvoux-tag-6-daniel-rohringer-schafft-9-rang-in-der-espoirklasse-im-vertical\/#breadcrumb\"},\"inLanguage\":\"de\",\"potentialAction\":[{\"@type\":\"ReadAction\",\"target\":[\"https:\/\/www.skimo.at\/sportler\/893\/weltmeisterschaft-pelvoux-tag-6-daniel-rohringer-schafft-9-rang-in-der-espoirklasse-im-vertical\/\"]}]},{\"@type\":\"BreadcrumbList\",\"@id\":\"https:\/\/www.skimo.at\/sportler\/893\/weltmeisterschaft-pelvoux-tag-6-daniel-rohringer-schafft-9-rang-in-der-espoirklasse-im-vertical\/#breadcrumb\",\"itemListElement\":[{\"@type\":\"ListItem\",\"position\":1,\"item\":{\"@type\":\"WebPage\",\"@id\":\"https:\/\/skimo.73.jarolim.eu\/sportler\/\",\"url\":\"https:\/\/skimo.73.jarolim.eu\/sportler\/\",\"name\":\"Home\"}},{\"@type\":\"ListItem\",\"position\":2,\"item\":{\"@id\":\"https:\/\/www.skimo.at\/sportler\/893\/weltmeisterschaft-pelvoux-tag-6-daniel-rohringer-schafft-9-rang-in-der-espoirklasse-im-vertical\/#webpage\"}}]},{\"@type\":\"Person\",\"@id\":\"https:\/\/skimo.73.jarolim.eu\/sportler\/#\/schema\/person\/89e18f4c3d09b5434dbc2dc0cefbcd30\",\"name\":\"aspielbuechler\",\"image\":{\"@type\":\"ImageObject\",\"@id\":\"https:\/\/skimo.73.jarolim.eu\/sportler\/#personlogo\",\"inLanguage\":\"de\",\"url\":\"https:\/\/secure.gravatar.com\/avatar\/1220d25619b41a33e4710c8b968dc56e?s=96&r=g\",\"contentUrl\":\"https:\/\/secure.gravatar.com\/avatar\/1220d25619b41a33e4710c8b968dc56e?s=96&r=g\",\"caption\":\"aspielbuechler\"},\"url\":\"https:\/\/www.skimo.at\/sportler\/author\/aspielbuechler\/\"}]}<\/script>\n<!-- \/ Yoast SEO plugin. -->","_links":{"self":[{"href":"https:\/\/www.skimo.at\/sportler\/wp-json\/wp\/v2\/posts\/893"}],"collection":[{"href":"https:\/\/www.skimo.at\/sportler\/wp-json\/wp\/v2\/posts"}],"about":[{"href":"https:\/\/www.skimo.at\/sportler\/wp-json\/wp\/v2\/types\/post"}],"author":[{"embeddable":true,"href":"https:\/\/www.skimo.at\/sportler\/wp-json\/wp\/v2\/users\/4"}],"replies":[{"embeddable":true,"href":"https:\/\/www.skimo.at\/sportler\/wp-json\/wp\/v2\/comments?post=893"}],"version-history":[{"count":7,"href":"https:\/\/www.skimo.at\/sportler\/wp-json\/wp\/v2\/posts\/893\/revisions"}],"predecessor-version":[{"id":15591,"href":"https:\/\/www.skimo.at\/sportler\/wp-json\/wp\/v2\/posts\/893\/revisions\/15591"}],"wp:featuredmedia":[{"embeddable":true,"href":"https:\/\/www.skimo.at\/sportler\/wp-json\/wp\/v2\/media\/896"}],"wp:attachment":[{"href":"https:\/\/www.skimo.at\/sportler\/wp-json\/wp\/v2\/media?parent=893"}],"wp:term":[{"taxonomy":"category","embeddable":true,"href":"https:\/\/www.skimo.at\/sportler\/wp-json\/wp\/v2\/categories?post=893"},{"taxonomy":"post_tag","embeddable":true,"href":"https:\/\/www.skimo.at\/sportler\/wp-json\/wp\/v2\/tags?post=893"}],"curies":[{"name":"wp","href":"https:\/\/api.w.org\/{rel}","templated":true}]}}