{"id":857,"date":"2013-02-13T17:10:39","date_gmt":"2013-02-13T15:10:39","guid":{"rendered":"http:\/\/www.skimo.at\/sportler\/?p=857"},"modified":"2021-01-05T17:14:57","modified_gmt":"2021-01-05T15:14:57","slug":"weltmeisterschaft-pelvoux-tag-5-rang-7-in-der-espoirwertung-durch-martin-weiskopf-im-individual","status":"publish","type":"post","link":"https:\/\/www.skimo.at\/sportler\/857\/weltmeisterschaft-pelvoux-tag-5-rang-7-in-der-espoirwertung-durch-martin-weiskopf-im-individual\/","title":{"rendered":"Weltmeisterschaft Pelvoux Tag 5 &#8211; Rang 7 in der Espoirwertung durch Martin Wei\u00dfkopf im Individual"},"content":{"rendered":"<p>Weltmeisterliche Bedingungen f\u00fcr die neuen Weltmeister im Individual! Strahlender Sonnenschein, Pulverschnee und eine anspruchsvolle aber sehr sch\u00f6ne Strecke, die die Veranstalter f\u00fcr das heutige Individual Race in Pelvoux angelegt haben. Drei Aufstiege, drei Abfahrten und zwei Tragepassagen waren zu bew\u00e4ltigen, insgesamt rund 1735 Hm, der h\u00f6chste Punkt davon lag auf 2564 m. Der Start-Ziel Bereich befand sich an der Talstation des Skigebietes Pelvoux, die Piste wurde aber nur stellenweise gekreuzt und genutzt, das Rennen fand im freien Gel\u00e4nde rund herum statt. Der gro\u00dfe Vorteil: viele Zuschauer nutzten das gute Wetter und die Aufstiegshilfen und feuerten die Athleten die ganze Strecke \u00fcber \u2013 auch hoch am Berg oben \u2013 lautstark an. Es herrschte eine gewaltige Stimmung w\u00e4hrend des gesamten Rennens.<\/p>\n<p>Das heutige Individual Race war aber auch an Spannung kaum zu \u00fcberbieten. Kilian Jornet Burgada (ESP) ging als Favorit und Weltmeister Individual von 2011 ins Rennen. Im ersten Teil f\u00fchrte er noch vor den beiden Franzosen Matheo Jacquemoud und William Bon Mardion, eine Italiener Gruppe mit Manfred Reichegger, Damiano Lenzi, Robert Antonioli, etc. war ebenfalls nicht weit entfernt. Erst in der letzten Abfahrt entschied sich das Rennen aber endg\u00fcltig.<\/p>\n<blockquote><p>\u201eWilliam war gewaltig stark in der Abfahrt, fast unm\u00f6glich ihm hier zu folgen\u201c, so Kilian Jornet Burgada, der seinen Titel von 2011 an seinen Konkurrenten William Bon Mardion (FRA) abgibt und ihm nach einem gro\u00dfartigen Rennen herzlichst zum Sieg gratuliert.<\/p><\/blockquote>\n<p>Hei\u00df her ging es dabei aber auch noch um Platz 2 und 3: Kilian und Matheo Jacquemoud lieferten sich ein Fotofinish, welches der Franzose knapp f\u00fcr sich entschied. Zeit verlor Kilian Jornet Burgada sicher auch wegen eines Bindungsbuchs in der letzten Abfahrt, durch den er Tempo raus nehmen musste.<\/p>\n<p>Bei den Damen darf in der K\u00f6nigsdisziplin des Wettkampf-Skibergsteigens, dem Individual, ebenfalls Frankreich \u00fcber Gold jubelt. Laetitia Roux gelang ein \u00fcberlegener Start-Ziel Sieg mit \u00fcber 4 Minuten Vorsprung auf die Konkurrenz. Auch bei den Damen wurde um Platz 2 und 3 ordentlich gek\u00e4mpft, mit nur 2 Sekunden Vorsprung gelang es Axelle Mollaret (FRA) schneller als Gloriana Pellissier (ITA) die Linie zu \u00fcberqueren. Die Weltmeisterin von 2011 im Individual, Mireia Miro Varela (ESP) kam als 4. ins Ziel.<\/p>\n<p>Nun aber zu unseren \u00d6sterreicher, die heute ein gutes Rennen lieferten und sich hervorragend inmitten der Elite behaupten konnten. Martin Wei\u00dfkopf hat mit einem guten Lauf so f\u00fcr einen weiteren \u00f6sterreichischen TopTen Platz gesorgt. Er schaffte einen 7. Rang in der Espoirklasse (22.Gesamtrang).<\/p>\n<blockquote><p>\u201eDas Rennen ist ganz gut gelaufen f\u00fcr mich, ein 7. Rang bei den Espoirs bei einer Weltmeisterschaft ist ein Ergebnis, dass mich sehr freut. Das Rennen war von der Strecke her sehr sch\u00f6n, aber wirklich brutal, weil es zu Beginn sehr hei\u00df war. Erst weiter oben wurden die Temperaturen wieder angenehmer\u201c, so Martin ersch\u00f6pft, aber gl\u00fccklich nach dem Rennen.<\/p>\n<p>Auch Trainer Alexander Lugger gibt sich zufrieden: \u201eVor Martin sind nur die Weltklassel\u00e4ufer in der Ergebnisliste zu finden, er ist also super im Feld der Besten dabei. Und ein 7. Rang in der Espoirklasse ist eine Top Platzierung f\u00fcr eine WM.\u201c<\/p><\/blockquote>\n<p>Genauso hat sich Daniel Rohringer \u00fcber sein Ergebnis gefreut. Er befindet sich zwar in der Gesamtwertung mit Rang 33 in der Mitte des Starterfeldes, ein 11. Platz in der Espoirwertung ging sich aber trotzdem aus. Aber viel mehr begeistert ihn nach dem heutigen Bewerb, dass es ihm nach seiner langen Verletzungspause beim ersten richtig schnellen und l\u00e4ngeren Rennen wieder so gut ging und er mit der Konkurrenz mithalten konnte.<\/p>\n<blockquote><p>Top motiviert ist Daniel f\u00fcr den morgigen Bewerb: \u201eIch freue mich schon sehr auf das Vertical Race, wenn auch die Konkurrenz noch st\u00e4rker als heute sein wird. Aber genau aus diesem Grund bin ich ja hier bei der Weltmeisterschaft: um neben den besten Athleten der Sportart Vollgas zu geben!\u201c<\/p><\/blockquote>\n<p>Daniel Rohringer und Markus Stock waren w\u00e4hrend des ganzen\u00a0 Rennens fast immer Kopf an Kopf. Zwischendurch konnte Markus etwas nach vorne ziehen, ihm brach jedoch dann der Ski, so dass er sich letztlich eine Sekunde (!) hinter Daniel in der Ergebnisliste einreihte. Trotzdem ist er alles in allem sehr zufrieden mit seinem Ergebnis.<\/p>\n<blockquote><p>Thomas Waller beendete das Rennen fr\u00fchzeitig, er hat seinen Augenmerk aber von Vorhinein auf das morgige Vertical Race gesetzt. \u201eIch habe ziemlich bald gemerkt, dass es heute nicht mit Vollgas geht, dann f\u00fcr mich die Priorit\u00e4t auf morgen gelegt. Es w\u00e4re aber alles in allem ein traumhafter Bewerb gewesen, Strecke, Bedingungen und die Atmosph\u00e4re waren gro\u00dfartig. Ich freue mich schon sehr auf morgen, da hei\u00dft es dann auch f\u00fcr mich: alles geben!&#8220;<\/p><\/blockquote>\n<p>Clemens Steinberger betrachtete das Rennen heute von der Seite, er war die private Verpflegungsstation f\u00fcr unsere Athleten am Berg oben, da er seinen Individual Einsatz ja gestern beim Jugendrennen hatte. Morgen wird aber auch er wieder im Einsatz sein, wenn der Startpfiff f\u00fcr das Vertical Race f\u00e4llt. Alle unsere f\u00fcnf Athleten werden morgen mit dabei sein. Kleiner Wermutstropfen: Michaela Essl ist heute Morgen leider abgereist, nachdem sie gestern Abend zus\u00e4tzlich auch noch Fieber bekam. Somit keine Dame in diesem Jahr f\u00fcr die \u00d6sterreicher mit dabei.<\/p>\n<p>Morgen werden wir nat\u00fcrlich wieder aktuell berichten, sobald es Infos \u00fcber das Rennen und die ersten Ergebnisse gibt.<\/p>\n","protected":false},"excerpt":{"rendered":"<p>Weltmeisterliche Bedingungen f\u00fcr die neuen Weltmeister im Individual! Strahlender Sonnenschein, Pulverschnee und eine anspruchsvolle aber sehr sch\u00f6ne Strecke, die die Veranstalter f\u00fcr das heutige Individual Race in Pelvoux angelegt haben. Drei Aufstiege, drei Abfahrten und zwei Tragepassagen waren zu bew\u00e4ltigen, insgesamt rund 1735 Hm, der h\u00f6chste Punkt davon lag auf 2564 m. Der Start-Ziel Bereich [&hellip;]<\/p>\n","protected":false},"author":4,"featured_media":878,"comment_status":"closed","ping_status":"closed","sticky":false,"template":"","format":"standard","meta":[],"categories":[11,9,3,7],"tags":[],"yoast_head":"<!-- This site is optimized with the Yoast SEO plugin v16.3 - https:\/\/yoast.com\/wordpress\/plugins\/seo\/ -->\n<title>Weltmeisterschaft Pelvoux Tag 5 - Rang 7 in der Espoirwertung durch Martin Wei\u00dfkopf im Individual - Sportler<\/title>\n<meta name=\"robots\" content=\"index, follow, max-snippet:-1, max-image-preview:large, max-video-preview:-1\" \/>\n<link rel=\"canonical\" href=\"https:\/\/www.skimo.at\/sportler\/857\/weltmeisterschaft-pelvoux-tag-5-rang-7-in-der-espoirwertung-durch-martin-weiskopf-im-individual\/\" \/>\n<meta property=\"og:locale\" content=\"de_DE\" \/>\n<meta property=\"og:type\" content=\"article\" \/>\n<meta property=\"og:title\" content=\"Weltmeisterschaft Pelvoux Tag 5 - Rang 7 in der Espoirwertung durch Martin Wei\u00dfkopf im Individual - Sportler\" \/>\n<meta property=\"og:description\" content=\"Weltmeisterliche Bedingungen f\u00fcr die neuen Weltmeister im Individual! Strahlender Sonnenschein, Pulverschnee und eine anspruchsvolle aber sehr sch\u00f6ne Strecke, die die Veranstalter f\u00fcr das heutige Individual Race in Pelvoux angelegt haben. Drei Aufstiege, drei Abfahrten und zwei Tragepassagen waren zu bew\u00e4ltigen, insgesamt rund 1735 Hm, der h\u00f6chste Punkt davon lag auf 2564 m. Der Start-Ziel Bereich [&hellip;]\" \/>\n<meta property=\"og:url\" content=\"https:\/\/www.skimo.at\/sportler\/857\/weltmeisterschaft-pelvoux-tag-5-rang-7-in-der-espoirwertung-durch-martin-weiskopf-im-individual\/\" \/>\n<meta property=\"og:site_name\" content=\"Sportler\" \/>\n<meta property=\"article:published_time\" content=\"2013-02-13T15:10:39+00:00\" \/>\n<meta property=\"article:modified_time\" content=\"2021-01-05T15:14:57+00:00\" \/>\n<meta property=\"og:image\" content=\"https:\/\/skimo.73.jarolim.eu\/sportler\/files\/2013\/02\/Individual-Senior-Daniel-Rohringer-Markus-Stock-032-Foto-werbegams.at-LR.jpg\" \/>\n\t<meta property=\"og:image:width\" content=\"1800\" \/>\n\t<meta property=\"og:image:height\" content=\"1198\" \/>\n<meta name=\"twitter:card\" content=\"summary\" \/>\n<meta name=\"twitter:label1\" content=\"Gesch\u00e4tzte Lesezeit\">\n\t<meta name=\"twitter:data1\" content=\"4\u00a0Minuten\">\n<script type=\"application\/ld+json\" class=\"yoast-schema-graph\">{\"@context\":\"https:\/\/schema.org\",\"@graph\":[{\"@type\":\"WebSite\",\"@id\":\"https:\/\/skimo.73.jarolim.eu\/sportler\/#website\",\"url\":\"https:\/\/skimo.73.jarolim.eu\/sportler\/\",\"name\":\"Sportler\",\"description\":\"\",\"potentialAction\":[{\"@type\":\"SearchAction\",\"target\":\"https:\/\/skimo.73.jarolim.eu\/sportler\/?s={search_term_string}\",\"query-input\":\"required name=search_term_string\"}],\"inLanguage\":\"de\"},{\"@type\":\"ImageObject\",\"@id\":\"https:\/\/www.skimo.at\/sportler\/857\/weltmeisterschaft-pelvoux-tag-5-rang-7-in-der-espoirwertung-durch-martin-weiskopf-im-individual\/#primaryimage\",\"inLanguage\":\"de\",\"url\":\"https:\/\/www.skimo.at\/sportler\/files\/2013\/02\/Individual-Senior-Daniel-Rohringer-Markus-Stock-032-Foto-werbegams.at-LR.jpg\",\"contentUrl\":\"https:\/\/www.skimo.at\/sportler\/files\/2013\/02\/Individual-Senior-Daniel-Rohringer-Markus-Stock-032-Foto-werbegams.at-LR.jpg\",\"width\":1800,\"height\":1198,\"caption\":\"Bild Werbegams\"},{\"@type\":\"WebPage\",\"@id\":\"https:\/\/www.skimo.at\/sportler\/857\/weltmeisterschaft-pelvoux-tag-5-rang-7-in-der-espoirwertung-durch-martin-weiskopf-im-individual\/#webpage\",\"url\":\"https:\/\/www.skimo.at\/sportler\/857\/weltmeisterschaft-pelvoux-tag-5-rang-7-in-der-espoirwertung-durch-martin-weiskopf-im-individual\/\",\"name\":\"Weltmeisterschaft Pelvoux Tag 5 - Rang 7 in der Espoirwertung durch Martin Wei\\u00dfkopf im Individual - Sportler\",\"isPartOf\":{\"@id\":\"https:\/\/skimo.73.jarolim.eu\/sportler\/#website\"},\"primaryImageOfPage\":{\"@id\":\"https:\/\/www.skimo.at\/sportler\/857\/weltmeisterschaft-pelvoux-tag-5-rang-7-in-der-espoirwertung-durch-martin-weiskopf-im-individual\/#primaryimage\"},\"datePublished\":\"2013-02-13T15:10:39+00:00\",\"dateModified\":\"2021-01-05T15:14:57+00:00\",\"author\":{\"@id\":\"https:\/\/skimo.73.jarolim.eu\/sportler\/#\/schema\/person\/89e18f4c3d09b5434dbc2dc0cefbcd30\"},\"breadcrumb\":{\"@id\":\"https:\/\/www.skimo.at\/sportler\/857\/weltmeisterschaft-pelvoux-tag-5-rang-7-in-der-espoirwertung-durch-martin-weiskopf-im-individual\/#breadcrumb\"},\"inLanguage\":\"de\",\"potentialAction\":[{\"@type\":\"ReadAction\",\"target\":[\"https:\/\/www.skimo.at\/sportler\/857\/weltmeisterschaft-pelvoux-tag-5-rang-7-in-der-espoirwertung-durch-martin-weiskopf-im-individual\/\"]}]},{\"@type\":\"BreadcrumbList\",\"@id\":\"https:\/\/www.skimo.at\/sportler\/857\/weltmeisterschaft-pelvoux-tag-5-rang-7-in-der-espoirwertung-durch-martin-weiskopf-im-individual\/#breadcrumb\",\"itemListElement\":[{\"@type\":\"ListItem\",\"position\":1,\"item\":{\"@type\":\"WebPage\",\"@id\":\"https:\/\/skimo.73.jarolim.eu\/sportler\/\",\"url\":\"https:\/\/skimo.73.jarolim.eu\/sportler\/\",\"name\":\"Home\"}},{\"@type\":\"ListItem\",\"position\":2,\"item\":{\"@id\":\"https:\/\/www.skimo.at\/sportler\/857\/weltmeisterschaft-pelvoux-tag-5-rang-7-in-der-espoirwertung-durch-martin-weiskopf-im-individual\/#webpage\"}}]},{\"@type\":\"Person\",\"@id\":\"https:\/\/skimo.73.jarolim.eu\/sportler\/#\/schema\/person\/89e18f4c3d09b5434dbc2dc0cefbcd30\",\"name\":\"aspielbuechler\",\"image\":{\"@type\":\"ImageObject\",\"@id\":\"https:\/\/skimo.73.jarolim.eu\/sportler\/#personlogo\",\"inLanguage\":\"de\",\"url\":\"https:\/\/secure.gravatar.com\/avatar\/1220d25619b41a33e4710c8b968dc56e?s=96&r=g\",\"contentUrl\":\"https:\/\/secure.gravatar.com\/avatar\/1220d25619b41a33e4710c8b968dc56e?s=96&r=g\",\"caption\":\"aspielbuechler\"},\"url\":\"https:\/\/www.skimo.at\/sportler\/author\/aspielbuechler\/\"}]}<\/script>\n<!-- \/ Yoast SEO plugin. -->","_links":{"self":[{"href":"https:\/\/www.skimo.at\/sportler\/wp-json\/wp\/v2\/posts\/857"}],"collection":[{"href":"https:\/\/www.skimo.at\/sportler\/wp-json\/wp\/v2\/posts"}],"about":[{"href":"https:\/\/www.skimo.at\/sportler\/wp-json\/wp\/v2\/types\/post"}],"author":[{"embeddable":true,"href":"https:\/\/www.skimo.at\/sportler\/wp-json\/wp\/v2\/users\/4"}],"replies":[{"embeddable":true,"href":"https:\/\/www.skimo.at\/sportler\/wp-json\/wp\/v2\/comments?post=857"}],"version-history":[{"count":7,"href":"https:\/\/www.skimo.at\/sportler\/wp-json\/wp\/v2\/posts\/857\/revisions"}],"predecessor-version":[{"id":15589,"href":"https:\/\/www.skimo.at\/sportler\/wp-json\/wp\/v2\/posts\/857\/revisions\/15589"}],"wp:featuredmedia":[{"embeddable":true,"href":"https:\/\/www.skimo.at\/sportler\/wp-json\/wp\/v2\/media\/878"}],"wp:attachment":[{"href":"https:\/\/www.skimo.at\/sportler\/wp-json\/wp\/v2\/media?parent=857"}],"wp:term":[{"taxonomy":"category","embeddable":true,"href":"https:\/\/www.skimo.at\/sportler\/wp-json\/wp\/v2\/categories?post=857"},{"taxonomy":"post_tag","embeddable":true,"href":"https:\/\/www.skimo.at\/sportler\/wp-json\/wp\/v2\/tags?post=857"}],"curies":[{"name":"wp","href":"https:\/\/api.w.org\/{rel}","templated":true}]}}