{"id":836,"date":"2013-02-12T17:16:46","date_gmt":"2013-02-12T15:16:46","guid":{"rendered":"http:\/\/www.skimo.at\/sportler\/?p=836"},"modified":"2021-01-05T17:13:32","modified_gmt":"2021-01-05T15:13:32","slug":"weltmeisterschaft-pelvoux-tag-4-individual-jugend-sieg-ging-an-favorit-toni-palzer-aus-deutschland","status":"publish","type":"post","link":"https:\/\/www.skimo.at\/sportler\/836\/weltmeisterschaft-pelvoux-tag-4-individual-jugend-sieg-ging-an-favorit-toni-palzer-aus-deutschland\/","title":{"rendered":"Weltmeisterschaft Pelvoux Tag 4 \u2013 Individual Jugend Sieg ging an Favorit Toni Palzer aus Deutschland"},"content":{"rendered":"<p>Nachdem die Bayern genauso wie die S\u00fcdtiroler und die \u00d6sterreicher stets in einem hervorragenden Kontakt stehen \u2013 \u00e4hnlicher Dialekt verbindet \u2013 nun gleich die Sensationsmeldung vorweg (na ja gut, eigentlich ist es eine Meldung, die eh jeder erwartet hat): der Weltmeister der Junioren Klasse im Individual hei\u00dft Toni Palzer aus der Ramsau (GER)! Er war der unumstrittene Star des heutigen Rennens in Pelvoux. Im Start-Ziel Bereich sprach man von ihm als Au\u00dferirdischen von einem anderen Planeten, so schnell war Toni unterwegs. Eigentlich gleich zu Beginn uneinholbar von den Konkurrenten, die sich hinter ihm einen gnadenlosen Kampf lieferten.<\/p>\n<p>Betrachtet man die heutigen Ergebnisse, so ist die Juniorenklasse voll mit wirklich erstklassigen Athleten gewesen. Das Tempo war von Beginn an sehr hoch, die jungen Teilnehmer hatten im Rennen mehrere Aufstiege, Tragepassagen und Abfahrten zu \u00fcberwinden und kamen zwischendurch immer wieder im Start-Ziel Bereich vorbei. Relativ bald war ersichtlich, dass Toni Palzer niemand mehr den Sieg streitig machen konnte. Von Runde zu Runde wuchs der Vorsprung, auch er selber bekam es mit und ging daher sogar gar nicht mehr auf volle Leistung.<\/p>\n<blockquote><p>\u201eIch habe zwischendurch immer wieder \u00fcber die Lautsprecher geh\u00f6rt, wie weit ich vorne bin, dann bin ich etwas runter vom Gas. Denn: am Donnerstag ist das Vertical Race mit derselben Distanz f\u00fcr die Junioren und die Senioren, da m\u00f6chte ich auf jeden Fall noch genug Reserven f\u00fcr volles Tempo haben.\u201c<\/p><\/blockquote>\n<p>Und 5 Minuten vor der Konkurrenz war er trotzdem im Ziel, auch wenn der nicht Vollgas ging, der Toni. So hat er nach der Silbernen vom Sprint nun endlich die erste Goldene f\u00fcr diese WM!<\/p>\n<p>Mit dabei in der Junior Klasse war auch unser Clemens Steinberger. Ergebnistechnisch zwar leider im hinteren Bereich unterwegs, er verlor rund 30 Minuten auf die Siegerzeit von Palzer mit 1:11:20,0, aber auch als 17. voll gl\u00fccklich im Ziel nach dem Rennen. \u201eEs war sehr hart, aber auch total super. Ich habe alles gegeben und das hat mir voll getaugt\u201c, so Clemens mit einem Strahlen im Gesicht. Gratuliert bekam er dann gleich nach Zieleinkunft vom Weltmeister Toni Plazer, das sind die sch\u00f6nen Momente im Sport.<\/p>\n<p>Die Strecke zeigte sich heute f\u00fcr die Cadet und Junioren von der \u201ePulverschnee-Seite\u201c. Bei den Abfahrten staubte es ordentlich und war l\u00e4ssig zum Fahren. Die Temperaturen am Berg waren ebenfalls nur knapp unter null Grad, besten f\u00fcr alle Anwesenden. Die Strecke mit den drei Aufstiegen und Abfahrten war inmitten des Skigebietes von Puy St. Vincent gesetzt, so waren nat\u00fcrlich f\u00fcr die jungen Athleten auch viele Zuschauer vor Ort, die lautstark anfeuerten.<\/p>\n<p>Morgen steht der H\u00f6hepunkt der Woche am Programm, das Individual Rennen der Herren und Damen Senoir und Espoir. Bei uns werden alle Athleten (bis auf Clemens nat\u00fcrlich, der sein Individual heute hatte) am Start sein, auch Michaela Essl wird nach ihrer krankheitsbedingten Pause auf Skiern stehen. Wir werden nat\u00fcrlich wie \u00fcblich berichten, sobald es Ergebnisse unserer Athleten gibt. Morgen hei\u00dft es aber f\u00fcr alle Daheimgebliebenen ordentlich Daumen dr\u00fccken f\u00fcr unsere F\u00fcnf!<\/p>\n","protected":false},"excerpt":{"rendered":"<p>Nachdem die Bayern genauso wie die S\u00fcdtiroler und die \u00d6sterreicher stets in einem hervorragenden Kontakt stehen \u2013 \u00e4hnlicher Dialekt verbindet \u2013 nun gleich die Sensationsmeldung vorweg (na ja gut, eigentlich ist es eine Meldung, die eh jeder erwartet hat): der Weltmeister der Junioren Klasse im Individual hei\u00dft Toni Palzer aus der Ramsau (GER)! Er war [&hellip;]<\/p>\n","protected":false},"author":4,"featured_media":844,"comment_status":"closed","ping_status":"closed","sticky":false,"template":"","format":"standard","meta":[],"categories":[11,9,3,7],"tags":[],"yoast_head":"<!-- This site is optimized with the Yoast SEO plugin v16.3 - https:\/\/yoast.com\/wordpress\/plugins\/seo\/ -->\n<title>Weltmeisterschaft Pelvoux Tag 4 \u2013 Individual Jugend Sieg ging an Favorit Toni Palzer aus Deutschland - Sportler<\/title>\n<meta name=\"robots\" content=\"index, follow, max-snippet:-1, max-image-preview:large, max-video-preview:-1\" \/>\n<link rel=\"canonical\" href=\"https:\/\/www.skimo.at\/sportler\/836\/weltmeisterschaft-pelvoux-tag-4-individual-jugend-sieg-ging-an-favorit-toni-palzer-aus-deutschland\/\" \/>\n<meta property=\"og:locale\" content=\"de_DE\" \/>\n<meta property=\"og:type\" content=\"article\" \/>\n<meta property=\"og:title\" content=\"Weltmeisterschaft Pelvoux Tag 4 \u2013 Individual Jugend Sieg ging an Favorit Toni Palzer aus Deutschland - Sportler\" \/>\n<meta property=\"og:description\" content=\"Nachdem die Bayern genauso wie die S\u00fcdtiroler und die \u00d6sterreicher stets in einem hervorragenden Kontakt stehen \u2013 \u00e4hnlicher Dialekt verbindet \u2013 nun gleich die Sensationsmeldung vorweg (na ja gut, eigentlich ist es eine Meldung, die eh jeder erwartet hat): der Weltmeister der Junioren Klasse im Individual hei\u00dft Toni Palzer aus der Ramsau (GER)! Er war [&hellip;]\" \/>\n<meta property=\"og:url\" content=\"https:\/\/www.skimo.at\/sportler\/836\/weltmeisterschaft-pelvoux-tag-4-individual-jugend-sieg-ging-an-favorit-toni-palzer-aus-deutschland\/\" \/>\n<meta property=\"og:site_name\" content=\"Sportler\" \/>\n<meta property=\"article:published_time\" content=\"2013-02-12T15:16:46+00:00\" \/>\n<meta property=\"article:modified_time\" content=\"2021-01-05T15:13:32+00:00\" \/>\n<meta property=\"og:image\" content=\"https:\/\/skimo.73.jarolim.eu\/sportler\/files\/2013\/02\/Individual-Junior-Clemens-Steinberger-und-Toni-Palzer-Foto-Alexander-Lugger-LR.jpg\" \/>\n\t<meta property=\"og:image:width\" content=\"1800\" \/>\n\t<meta property=\"og:image:height\" content=\"1350\" \/>\n<meta name=\"twitter:card\" content=\"summary\" \/>\n<meta name=\"twitter:label1\" content=\"Gesch\u00e4tzte Lesezeit\">\n\t<meta name=\"twitter:data1\" content=\"3\u00a0Minuten\">\n<script type=\"application\/ld+json\" class=\"yoast-schema-graph\">{\"@context\":\"https:\/\/schema.org\",\"@graph\":[{\"@type\":\"WebSite\",\"@id\":\"https:\/\/skimo.73.jarolim.eu\/sportler\/#website\",\"url\":\"https:\/\/skimo.73.jarolim.eu\/sportler\/\",\"name\":\"Sportler\",\"description\":\"\",\"potentialAction\":[{\"@type\":\"SearchAction\",\"target\":\"https:\/\/skimo.73.jarolim.eu\/sportler\/?s={search_term_string}\",\"query-input\":\"required name=search_term_string\"}],\"inLanguage\":\"de\"},{\"@type\":\"ImageObject\",\"@id\":\"https:\/\/www.skimo.at\/sportler\/836\/weltmeisterschaft-pelvoux-tag-4-individual-jugend-sieg-ging-an-favorit-toni-palzer-aus-deutschland\/#primaryimage\",\"inLanguage\":\"de\",\"url\":\"https:\/\/www.skimo.at\/sportler\/files\/2013\/02\/Individual-Junior-Clemens-Steinberger-und-Toni-Palzer-Foto-Alexander-Lugger-LR.jpg\",\"contentUrl\":\"https:\/\/www.skimo.at\/sportler\/files\/2013\/02\/Individual-Junior-Clemens-Steinberger-und-Toni-Palzer-Foto-Alexander-Lugger-LR.jpg\",\"width\":1800,\"height\":1350,\"caption\":\"Bild Alex Lugger\"},{\"@type\":\"WebPage\",\"@id\":\"https:\/\/www.skimo.at\/sportler\/836\/weltmeisterschaft-pelvoux-tag-4-individual-jugend-sieg-ging-an-favorit-toni-palzer-aus-deutschland\/#webpage\",\"url\":\"https:\/\/www.skimo.at\/sportler\/836\/weltmeisterschaft-pelvoux-tag-4-individual-jugend-sieg-ging-an-favorit-toni-palzer-aus-deutschland\/\",\"name\":\"Weltmeisterschaft Pelvoux Tag 4 \\u2013 Individual Jugend Sieg ging an Favorit Toni Palzer aus Deutschland - Sportler\",\"isPartOf\":{\"@id\":\"https:\/\/skimo.73.jarolim.eu\/sportler\/#website\"},\"primaryImageOfPage\":{\"@id\":\"https:\/\/www.skimo.at\/sportler\/836\/weltmeisterschaft-pelvoux-tag-4-individual-jugend-sieg-ging-an-favorit-toni-palzer-aus-deutschland\/#primaryimage\"},\"datePublished\":\"2013-02-12T15:16:46+00:00\",\"dateModified\":\"2021-01-05T15:13:32+00:00\",\"author\":{\"@id\":\"https:\/\/skimo.73.jarolim.eu\/sportler\/#\/schema\/person\/89e18f4c3d09b5434dbc2dc0cefbcd30\"},\"breadcrumb\":{\"@id\":\"https:\/\/www.skimo.at\/sportler\/836\/weltmeisterschaft-pelvoux-tag-4-individual-jugend-sieg-ging-an-favorit-toni-palzer-aus-deutschland\/#breadcrumb\"},\"inLanguage\":\"de\",\"potentialAction\":[{\"@type\":\"ReadAction\",\"target\":[\"https:\/\/www.skimo.at\/sportler\/836\/weltmeisterschaft-pelvoux-tag-4-individual-jugend-sieg-ging-an-favorit-toni-palzer-aus-deutschland\/\"]}]},{\"@type\":\"BreadcrumbList\",\"@id\":\"https:\/\/www.skimo.at\/sportler\/836\/weltmeisterschaft-pelvoux-tag-4-individual-jugend-sieg-ging-an-favorit-toni-palzer-aus-deutschland\/#breadcrumb\",\"itemListElement\":[{\"@type\":\"ListItem\",\"position\":1,\"item\":{\"@type\":\"WebPage\",\"@id\":\"https:\/\/skimo.73.jarolim.eu\/sportler\/\",\"url\":\"https:\/\/skimo.73.jarolim.eu\/sportler\/\",\"name\":\"Home\"}},{\"@type\":\"ListItem\",\"position\":2,\"item\":{\"@id\":\"https:\/\/www.skimo.at\/sportler\/836\/weltmeisterschaft-pelvoux-tag-4-individual-jugend-sieg-ging-an-favorit-toni-palzer-aus-deutschland\/#webpage\"}}]},{\"@type\":\"Person\",\"@id\":\"https:\/\/skimo.73.jarolim.eu\/sportler\/#\/schema\/person\/89e18f4c3d09b5434dbc2dc0cefbcd30\",\"name\":\"aspielbuechler\",\"image\":{\"@type\":\"ImageObject\",\"@id\":\"https:\/\/skimo.73.jarolim.eu\/sportler\/#personlogo\",\"inLanguage\":\"de\",\"url\":\"https:\/\/secure.gravatar.com\/avatar\/1220d25619b41a33e4710c8b968dc56e?s=96&r=g\",\"contentUrl\":\"https:\/\/secure.gravatar.com\/avatar\/1220d25619b41a33e4710c8b968dc56e?s=96&r=g\",\"caption\":\"aspielbuechler\"},\"url\":\"https:\/\/www.skimo.at\/sportler\/author\/aspielbuechler\/\"}]}<\/script>\n<!-- \/ Yoast SEO plugin. -->","_links":{"self":[{"href":"https:\/\/www.skimo.at\/sportler\/wp-json\/wp\/v2\/posts\/836"}],"collection":[{"href":"https:\/\/www.skimo.at\/sportler\/wp-json\/wp\/v2\/posts"}],"about":[{"href":"https:\/\/www.skimo.at\/sportler\/wp-json\/wp\/v2\/types\/post"}],"author":[{"embeddable":true,"href":"https:\/\/www.skimo.at\/sportler\/wp-json\/wp\/v2\/users\/4"}],"replies":[{"embeddable":true,"href":"https:\/\/www.skimo.at\/sportler\/wp-json\/wp\/v2\/comments?post=836"}],"version-history":[{"count":6,"href":"https:\/\/www.skimo.at\/sportler\/wp-json\/wp\/v2\/posts\/836\/revisions"}],"predecessor-version":[{"id":15587,"href":"https:\/\/www.skimo.at\/sportler\/wp-json\/wp\/v2\/posts\/836\/revisions\/15587"}],"wp:featuredmedia":[{"embeddable":true,"href":"https:\/\/www.skimo.at\/sportler\/wp-json\/wp\/v2\/media\/844"}],"wp:attachment":[{"href":"https:\/\/www.skimo.at\/sportler\/wp-json\/wp\/v2\/media?parent=836"}],"wp:term":[{"taxonomy":"category","embeddable":true,"href":"https:\/\/www.skimo.at\/sportler\/wp-json\/wp\/v2\/categories?post=836"},{"taxonomy":"post_tag","embeddable":true,"href":"https:\/\/www.skimo.at\/sportler\/wp-json\/wp\/v2\/tags?post=836"}],"curies":[{"name":"wp","href":"https:\/\/api.w.org\/{rel}","templated":true}]}}