{"id":809,"date":"2013-02-11T18:44:41","date_gmt":"2013-02-11T16:44:41","guid":{"rendered":"http:\/\/www.skimo.at\/sportler\/?p=809"},"modified":"2013-02-13T09:34:16","modified_gmt":"2013-02-13T07:34:16","slug":"weltmeisterschaft-pelvoux-tag-3-rang-5-fur-martin-weiskopf-im-sprint","status":"publish","type":"post","link":"https:\/\/www.skimo.at\/sportler\/809\/weltmeisterschaft-pelvoux-tag-3-rang-5-fur-martin-weiskopf-im-sprint\/","title":{"rendered":"Weltmeisterschaft Pelvoux Tag 3 &#8211; Rang 5 in der Espoirwertung f\u00fcr Martin Wei\u00dfkopf im Sprint"},"content":{"rendered":"<p>Wohl mehr als erfreuliche Ergebnisse kann die \u00d6sterreichische Nationalmannschaft heute pr\u00e4sentieren! Drei TopTen Platzierungen waren heute drinnen f\u00fcr unsere startenden M\u00e4nner im Sprint.<\/p>\n<p>Pelvoux pr\u00e4sentierte sich heute von seiner schneereichen Seite, rund 30 cm Pulverschnee war \u00fcber die Nacht gefallen und bescherte den Organisatoren noch einmal ordentlich Arbeit f\u00fcr die Vorbereitungen am Sprintparcours. Es schneite auch am Start noch munter weiter, f\u00fcr die ersten Athleten im Rennen sicher in gewisser Weise ein Nachteil, denn teilweise war doch viel Pulverschnee in der Strecke zu finden. Vor allem bei den Abfahrten merkte man, sobald ein L\u00e4ufer etwas zur Seite fuhr, war der Schwung total weg. Die \u00d6sterreicher hatten hier auf jeden Fall einen Vorteil, der erste von unserem Team war Thomas Wallner mit der sp\u00e4ten Startnummer 37, vor Daniel Rohringer mit 38. Martin Wei\u00dfkopf ging mit Nummer 55 ins Rennen und bewies schon beim Start, dass einen richtigen Osttiroler nichts so schnell aus der Ruhe bringen kann. Im Prolog starten die Athleten einzeln und im Abstand von wenigen Sekunden, erst ab dem Halbfinale wird in Gruppen gestartet. Ist es normalerweise immer der Fall, dass sich der Start nach hinten verz\u00f6gert, so trat bei Martin genau das Gegenteil ein, n\u00e4mlich dass er nach dem Aufw\u00e4rmen gerade zum Ort des Geschehens kam und ein paar Sekunden darauf auch schon ins Rennen musste. Br\u00e4chte dies andere total aus dem Konzept, so kam von Martin nach dem ersten Lauf im Ziel nur ein lockeres \u201ewoll woll\u201c auf die Frage, wie es ihm im Kurs ging. Von Stress keine demnach keine Spur. Aber daf\u00fcr war er ordentlich schnell! Rang 8 und nur 10 Sekunden hinter der Siegerzeit. Die weiteren erfreulichen Ergebnisse gab es auch f\u00fcr Daniel Rohringer und Thomas Wallner, die mit Rang 17 bzw. 28 ebenfalls ins Halbfinale einzogen.<\/p>\n<p>Im n\u00e4chsten Durchgang\u00a0standen Tom und Martin gemeinsam am Start, einerseits ein Nachteil, da nat\u00fcrlich nur die schnellsten der jeweiligen Gruppe weiterkommen und so der gegenseitige Konkurrenzkampf noch gr\u00f6\u00dfer wird. Andererseits konnten die beiden die gemeinsame Gruppe taktisch recht gut nutzen und Tom unterst\u00fctzte in dieser Weise Martin, dass dieser die Chance bekam, weiter nach vorne zu gelangen und hielt die Meute hinter ihm etwas in Zaum. Dies gelang, Martin erreichte als zweiter seiner das Ziel und kam so in die n\u00e4chste Runde. F\u00fcr Tom Waller war hier leider Endstation, ein 28. Rang von insgesamt 56 Finishern ging sich aber nach den Strapazen des gestrigen Tages, der unserer Mannschaft ja immerhin bereits den ersten guten Rang im Team Race beschert hat, aus. Knapp nicht weiter schaffte es leider auch Daniel Rohringer. Er erreichte zwar als dritter seiner Gruppe das Ziel, die \u201eLucky Looser\u201c Regel kam bei ihm aber leider nicht zum Einsatz, zu viele starke Athleten waren hier vor ihm am Zug. Wer den Artikel bereits gelesen hat, ist bis jetzt immer informiert worden, dass Daniel Rohringer am 18. Gesamtrang bzw. am 10. Platz in der Espoirwertung das Rennen beendet hat. An dieser Stelle die positive Aktualisierung des Berichtes: aufgrund eines Fehlers in der Ergebnisliste, der dank Alex Lugger gleich bemerkt worden ist, sind die Platzierungen nochmals umge\u00e4ndert worden! Daniel Rohringer ist so auf den 7. Platz in der Espoirwertung vorger\u00fcckt (15. in der Gesamtwertung). (Ergebnisliste im Anhang ist diesbez\u00fcglich leider noch nicht aktualisiert, folgt aber nat\u00fcrlich noch nach!)<\/p>\n<p>Spannend blieb es somit weiter im Wettkampf nur noch f\u00fcr Martin Wei\u00dfkopf. Im Semifinale fand er sich in einem sehr starken Starterfeld. Wenngleich er den Einzug ins Finale letztlich auch nicht schaffte, so schauten als Endresultat f\u00fcr ihn zwei TopTen Platzierungen raus: Rang 10 in der Seniorwertung, Rang 5 bei den Espoirs! Was w\u00fcnscht man sich mehr an einem zweiten Renntag und bei einem stark besetzten Sprint!<\/p>\n<p>Clemens Steinberger erreichte bei seinem ersten Einsatz bei einem Gro\u00dfevent wie der WM den 18. Rang in seiner Klasse.<\/p>\n<p>Dominiert hat das Rennen erneut der Favorit: Sepp Rottmoser (GER) wurde seiner Rolle in allen Durchg\u00e4ngen gerecht. Er gewann den Prolog, kam im Halbfinale seiner Gruppe als erster ins Ziel, wiederholte dasselbe beim Viertelfinale und im Finale machte es den Anschein, er sei alleine auf der Strecke, erst um einiges sp\u00e4ter kamen die Verfolger die rasante Abfahrt runter. Unglaublich, wie man in einem derart kurzem Rennen so viel auf die Konkurrenz gut machen kann. Auf den Sieg von Rottmoser hin beschloss auch sein Mannschaftskollege Toni Palzer, er m\u00fcsse etwas an seinem K\u00f6rperbau \u00e4ndern. Ihm fehlt zum Sprint einfach die Kraft! Ein zweiter Rang in seiner Klasse ging sich aber trotzdem f\u00fcr ihn aus \ud83d\ude09<\/p>\n<p>Die Endwertung sieht nun folgenderma\u00dfen aus:<\/p>\n<p>Herren Senior:<br \/>\n1. Sepp Rottmoser (GER)<br \/>\n2. Marcel Marti (SUI)<br \/>\n3. Yannick Ecoeur (SUI)<\/p>\n<p>Damen Senior:<br \/>\n1. Mireille Richards (SUI)<br \/>\n2. Nina Silitch (USA)<br \/>\n3. Emelie Forsberg (SWE)<\/p>\n<p>Morgen steht das Individual der Jugend am Programm, Clemens Steinberger wird am Start sein, der Rest der Mannschaft hat Pause. Michaela Essl wird bis zu den n\u00e4chsten Rennen hoffentlich wieder fit, dass auch bei den Damen eine \u00d6sterreicherin bei den weiteren Bewerben am Start sein wird. Sie wollte schon bald abreisen, hat sich aber dann doch noch entschlossen, zu bleiben und abzuwarten.<\/p>\n<p>Wir werden nat\u00fcrlich wieder laufend vom Ort des Geschehens in Pelvoux berichten.<\/p>\n<p>&nbsp;<\/p>\n<p>&nbsp;<\/p>\n","protected":false},"excerpt":{"rendered":"<p>Wohl mehr als erfreuliche Ergebnisse kann die \u00d6sterreichische Nationalmannschaft heute pr\u00e4sentieren! Drei TopTen Platzierungen waren heute drinnen f\u00fcr unsere startenden M\u00e4nner im Sprint. Pelvoux pr\u00e4sentierte sich heute von seiner schneereichen Seite, rund 30 cm Pulverschnee war \u00fcber die Nacht gefallen und bescherte den Organisatoren noch einmal ordentlich Arbeit f\u00fcr die Vorbereitungen am Sprintparcours. Es schneite [&hellip;]<\/p>\n","protected":false},"author":4,"featured_media":819,"comment_status":"closed","ping_status":"closed","sticky":false,"template":"","format":"standard","meta":[],"categories":[1,11,9,3,7],"tags":[],"yoast_head":"<!-- This site is optimized with the Yoast SEO plugin v16.3 - https:\/\/yoast.com\/wordpress\/plugins\/seo\/ -->\n<title>Weltmeisterschaft Pelvoux Tag 3 - Rang 5 in der Espoirwertung f\u00fcr Martin Wei\u00dfkopf im Sprint - Sportler<\/title>\n<meta name=\"robots\" content=\"index, follow, max-snippet:-1, max-image-preview:large, max-video-preview:-1\" \/>\n<link rel=\"canonical\" href=\"https:\/\/www.skimo.at\/sportler\/809\/weltmeisterschaft-pelvoux-tag-3-rang-5-fur-martin-weiskopf-im-sprint\/\" \/>\n<meta property=\"og:locale\" content=\"de_DE\" \/>\n<meta property=\"og:type\" content=\"article\" \/>\n<meta property=\"og:title\" content=\"Weltmeisterschaft Pelvoux Tag 3 - Rang 5 in der Espoirwertung f\u00fcr Martin Wei\u00dfkopf im Sprint - Sportler\" \/>\n<meta property=\"og:description\" content=\"Wohl mehr als erfreuliche Ergebnisse kann die \u00d6sterreichische Nationalmannschaft heute pr\u00e4sentieren! Drei TopTen Platzierungen waren heute drinnen f\u00fcr unsere startenden M\u00e4nner im Sprint. Pelvoux pr\u00e4sentierte sich heute von seiner schneereichen Seite, rund 30 cm Pulverschnee war \u00fcber die Nacht gefallen und bescherte den Organisatoren noch einmal ordentlich Arbeit f\u00fcr die Vorbereitungen am Sprintparcours. Es schneite [&hellip;]\" \/>\n<meta property=\"og:url\" content=\"https:\/\/www.skimo.at\/sportler\/809\/weltmeisterschaft-pelvoux-tag-3-rang-5-fur-martin-weiskopf-im-sprint\/\" \/>\n<meta property=\"og:site_name\" content=\"Sportler\" \/>\n<meta property=\"article:published_time\" content=\"2013-02-11T16:44:41+00:00\" \/>\n<meta property=\"article:modified_time\" content=\"2013-02-13T07:34:16+00:00\" \/>\n<meta property=\"og:image\" content=\"https:\/\/skimo.73.jarolim.eu\/sportler\/files\/2013\/02\/Pelvoux-Sprint-011-Foto-werbegams.at-LR.jpg\" \/>\n\t<meta property=\"og:image:width\" content=\"1800\" \/>\n\t<meta property=\"og:image:height\" content=\"1198\" \/>\n<meta name=\"twitter:card\" content=\"summary\" \/>\n<meta name=\"twitter:label1\" content=\"Gesch\u00e4tzte Lesezeit\">\n\t<meta name=\"twitter:data1\" content=\"4\u00a0Minuten\">\n<script type=\"application\/ld+json\" class=\"yoast-schema-graph\">{\"@context\":\"https:\/\/schema.org\",\"@graph\":[{\"@type\":\"WebSite\",\"@id\":\"https:\/\/skimo.73.jarolim.eu\/sportler\/#website\",\"url\":\"https:\/\/skimo.73.jarolim.eu\/sportler\/\",\"name\":\"Sportler\",\"description\":\"\",\"potentialAction\":[{\"@type\":\"SearchAction\",\"target\":\"https:\/\/skimo.73.jarolim.eu\/sportler\/?s={search_term_string}\",\"query-input\":\"required name=search_term_string\"}],\"inLanguage\":\"de\"},{\"@type\":\"ImageObject\",\"@id\":\"https:\/\/www.skimo.at\/sportler\/809\/weltmeisterschaft-pelvoux-tag-3-rang-5-fur-martin-weiskopf-im-sprint\/#primaryimage\",\"inLanguage\":\"de\",\"url\":\"https:\/\/www.skimo.at\/sportler\/files\/2013\/02\/Pelvoux-Sprint-011-Foto-werbegams.at-LR.jpg\",\"contentUrl\":\"https:\/\/www.skimo.at\/sportler\/files\/2013\/02\/Pelvoux-Sprint-011-Foto-werbegams.at-LR.jpg\",\"width\":1800,\"height\":1198},{\"@type\":\"WebPage\",\"@id\":\"https:\/\/www.skimo.at\/sportler\/809\/weltmeisterschaft-pelvoux-tag-3-rang-5-fur-martin-weiskopf-im-sprint\/#webpage\",\"url\":\"https:\/\/www.skimo.at\/sportler\/809\/weltmeisterschaft-pelvoux-tag-3-rang-5-fur-martin-weiskopf-im-sprint\/\",\"name\":\"Weltmeisterschaft Pelvoux Tag 3 - Rang 5 in der Espoirwertung f\\u00fcr Martin Wei\\u00dfkopf im Sprint - Sportler\",\"isPartOf\":{\"@id\":\"https:\/\/skimo.73.jarolim.eu\/sportler\/#website\"},\"primaryImageOfPage\":{\"@id\":\"https:\/\/www.skimo.at\/sportler\/809\/weltmeisterschaft-pelvoux-tag-3-rang-5-fur-martin-weiskopf-im-sprint\/#primaryimage\"},\"datePublished\":\"2013-02-11T16:44:41+00:00\",\"dateModified\":\"2013-02-13T07:34:16+00:00\",\"author\":{\"@id\":\"https:\/\/skimo.73.jarolim.eu\/sportler\/#\/schema\/person\/89e18f4c3d09b5434dbc2dc0cefbcd30\"},\"breadcrumb\":{\"@id\":\"https:\/\/www.skimo.at\/sportler\/809\/weltmeisterschaft-pelvoux-tag-3-rang-5-fur-martin-weiskopf-im-sprint\/#breadcrumb\"},\"inLanguage\":\"de\",\"potentialAction\":[{\"@type\":\"ReadAction\",\"target\":[\"https:\/\/www.skimo.at\/sportler\/809\/weltmeisterschaft-pelvoux-tag-3-rang-5-fur-martin-weiskopf-im-sprint\/\"]}]},{\"@type\":\"BreadcrumbList\",\"@id\":\"https:\/\/www.skimo.at\/sportler\/809\/weltmeisterschaft-pelvoux-tag-3-rang-5-fur-martin-weiskopf-im-sprint\/#breadcrumb\",\"itemListElement\":[{\"@type\":\"ListItem\",\"position\":1,\"item\":{\"@type\":\"WebPage\",\"@id\":\"https:\/\/skimo.73.jarolim.eu\/sportler\/\",\"url\":\"https:\/\/skimo.73.jarolim.eu\/sportler\/\",\"name\":\"Home\"}},{\"@type\":\"ListItem\",\"position\":2,\"item\":{\"@id\":\"https:\/\/www.skimo.at\/sportler\/809\/weltmeisterschaft-pelvoux-tag-3-rang-5-fur-martin-weiskopf-im-sprint\/#webpage\"}}]},{\"@type\":\"Person\",\"@id\":\"https:\/\/skimo.73.jarolim.eu\/sportler\/#\/schema\/person\/89e18f4c3d09b5434dbc2dc0cefbcd30\",\"name\":\"aspielbuechler\",\"image\":{\"@type\":\"ImageObject\",\"@id\":\"https:\/\/skimo.73.jarolim.eu\/sportler\/#personlogo\",\"inLanguage\":\"de\",\"url\":\"https:\/\/secure.gravatar.com\/avatar\/1220d25619b41a33e4710c8b968dc56e?s=96&r=g\",\"contentUrl\":\"https:\/\/secure.gravatar.com\/avatar\/1220d25619b41a33e4710c8b968dc56e?s=96&r=g\",\"caption\":\"aspielbuechler\"},\"url\":\"https:\/\/www.skimo.at\/sportler\/author\/aspielbuechler\/\"}]}<\/script>\n<!-- \/ Yoast SEO plugin. -->","_links":{"self":[{"href":"https:\/\/www.skimo.at\/sportler\/wp-json\/wp\/v2\/posts\/809"}],"collection":[{"href":"https:\/\/www.skimo.at\/sportler\/wp-json\/wp\/v2\/posts"}],"about":[{"href":"https:\/\/www.skimo.at\/sportler\/wp-json\/wp\/v2\/types\/post"}],"author":[{"embeddable":true,"href":"https:\/\/www.skimo.at\/sportler\/wp-json\/wp\/v2\/users\/4"}],"replies":[{"embeddable":true,"href":"https:\/\/www.skimo.at\/sportler\/wp-json\/wp\/v2\/comments?post=809"}],"version-history":[{"count":10,"href":"https:\/\/www.skimo.at\/sportler\/wp-json\/wp\/v2\/posts\/809\/revisions"}],"predecessor-version":[{"id":829,"href":"https:\/\/www.skimo.at\/sportler\/wp-json\/wp\/v2\/posts\/809\/revisions\/829"}],"wp:featuredmedia":[{"embeddable":true,"href":"https:\/\/www.skimo.at\/sportler\/wp-json\/wp\/v2\/media\/819"}],"wp:attachment":[{"href":"https:\/\/www.skimo.at\/sportler\/wp-json\/wp\/v2\/media?parent=809"}],"wp:term":[{"taxonomy":"category","embeddable":true,"href":"https:\/\/www.skimo.at\/sportler\/wp-json\/wp\/v2\/categories?post=809"},{"taxonomy":"post_tag","embeddable":true,"href":"https:\/\/www.skimo.at\/sportler\/wp-json\/wp\/v2\/tags?post=809"}],"curies":[{"name":"wp","href":"https:\/\/api.w.org\/{rel}","templated":true}]}}