{"id":79,"date":"2012-04-14T14:08:35","date_gmt":"2012-04-14T12:08:35","guid":{"rendered":"http:\/\/www.skimo.at\/sportler\/?p=79"},"modified":"2012-10-22T14:13:10","modified_gmt":"2012-10-22T12:13:10","slug":"weltcup-tromso-tag-3-sprintbewerb","status":"publish","type":"post","link":"https:\/\/www.skimo.at\/sportler\/79\/weltcup-tromso-tag-3-sprintbewerb\/","title":{"rendered":"Weltcup Troms\u00f8: Tag 3, Sprintbewerb"},"content":{"rendered":"<p>Nach einem schneereichen Vorbereitungstag gestern \u2013 es ging sich bei dichtem Schneefall nur eine kleine Trainingstour zusammen mit den Spaniern aus \u2013 wird\u2019s heute erstmals ernst f\u00fcr unsere Athleten in Troms\u00f8\/Norwegen.<\/p>\n<p>Ein spannender und vor allem publikumswirksamer Event war der Sprintbewerb heute in Troms\u00f8. Mit riesigem Aufwand wurden die Stra\u00dfen der Stadt mit Tonnen von Schnee zugesch\u00fcttet, um einen Rundkurs durch die h\u00fcgelige Stadt zu erm\u00f6glichen. Die Zeitungen der Region rund um die alte Walf\u00e4ngerstadt waren voll mit Berichten \u00fcber den Sprint, etwas ganz besonderes in Norwegen, wo ja eigentlich die Langl\u00e4ufer dominieren.<\/p>\n<p>F\u00fcr \u00d6sterreich gingen die beiden Damen des Teams an den Start, Veronika Swidrak und Michaela Essl. Alexander Fasser nahm sich aus dem Sprint heraus um f\u00fcr den morgigen Hauptbewerb, dem Individualrennen, frisch zu sein.<\/p>\n<p>Bei besten Bedingungen \u2013 Neuschnee und sch\u00f6nes Wetter \u2013 sammelte sich schon am Vormittag beachtliche Zuschauermenge. Zu Mittag erfolgte dann der Start zur Qualifikation. 18 Damen und 28 Herren sprinteten um den Einzug ins Halbfinale, und unsere beiden M\u00e4dels mittendrin. In einer hervorragenden Performance belegten die beiden dann die Pl\u00e4tze 5 (Veronika Swidrak) und 11 (Michaela Essl) und konnten sich damit f\u00fcr den Einzug ins Halbfinale qualifizieren. Den Qualilauf der Damen gewann die US-Amerikanerin und oftmalige Teampartnerin von Vroni Swidrak, Nina Silitch. Den Vorlauf der Herren gewann der junge Deutsche Seppi Rottmoser.<br \/>\nIm Halbfinale war f\u00fcr unsere beiden Damen dann aber leider Schluss. Veronika Swidrak konnte um Haaresbreite nicht ins Finale einziehen, der undankbare 7. Platz war dennoch ausgesprochen gut\u2026Top10 in einem extrem starken Feld. Michaela Essl ging es nicht so gut, mit verpatzen Wechseln konnte sie \u201enur\u201c Platz 11 nach Hause fahren. Die Entt\u00e4uschung war gro\u00df, aber Michi schwenkte professionell sofort um und setzte alle Konzentration auf den morgigen Hauptbewerb, dem Individualrennen. Gewonnen wurde der Sprint schlie\u00dflich bei den Damen von Nina Silitch, bei den Herren vom Schweizer Marcel Marti.<\/p>\n<p>Res\u00fcmee: wenn es auch Probleme durch den raschen Ablauf des Sprints bei der Auswertung gab, die N\u00e4he zum Publikum und die beeindruckende Kulisse zeigen, dass solche Rennen zweifellos ein riesiger Schritt in die richtige Richtung der Entwicklung des Skibergsteigens sind.<\/p>\n<p>Heute Abend stehen noch das Briefing der Rennleitung f\u00fcr morgen sowie das interne Briefing der \u00d6sterreichischen Nationalmannschaft durch Alexander Lugger auf de Programm. F\u00fcr morgen werden gute Bedingungen prognostiziert, und das Rennen d\u00fcrfte auf der Originalstrecke ablaufen.<\/p>\n<p>Hier geht\u2019s zu den Ergebnissen des heutigen Sprints<\/p>\n<p>&nbsp;<\/p>\n","protected":false},"excerpt":{"rendered":"<p>Nach einem schneereichen Vorbereitungstag gestern \u2013 es ging sich bei dichtem Schneefall nur eine kleine Trainingstour zusammen mit den Spaniern aus \u2013 wird\u2019s heute erstmals ernst f\u00fcr unsere Athleten in Troms\u00f8\/Norwegen. Ein spannender und vor allem publikumswirksamer Event war der Sprintbewerb heute in Troms\u00f8. Mit riesigem Aufwand wurden die Stra\u00dfen der Stadt mit Tonnen von [&hellip;]<\/p>\n","protected":false},"author":3,"featured_media":81,"comment_status":"closed","ping_status":"closed","sticky":false,"template":"","format":"standard","meta":[],"categories":[3],"tags":[],"yoast_head":"<!-- This site is optimized with the Yoast SEO plugin v16.3 - https:\/\/yoast.com\/wordpress\/plugins\/seo\/ -->\n<title>Weltcup Troms\u00f8: Tag 3, Sprintbewerb - Sportler<\/title>\n<meta name=\"robots\" content=\"index, follow, max-snippet:-1, max-image-preview:large, max-video-preview:-1\" \/>\n<link rel=\"canonical\" href=\"https:\/\/www.skimo.at\/sportler\/79\/weltcup-tromso-tag-3-sprintbewerb\/\" \/>\n<meta property=\"og:locale\" content=\"de_DE\" \/>\n<meta property=\"og:type\" content=\"article\" \/>\n<meta property=\"og:title\" content=\"Weltcup Troms\u00f8: Tag 3, Sprintbewerb - Sportler\" \/>\n<meta property=\"og:description\" content=\"Nach einem schneereichen Vorbereitungstag gestern \u2013 es ging sich bei dichtem Schneefall nur eine kleine Trainingstour zusammen mit den Spaniern aus \u2013 wird\u2019s heute erstmals ernst f\u00fcr unsere Athleten in Troms\u00f8\/Norwegen. Ein spannender und vor allem publikumswirksamer Event war der Sprintbewerb heute in Troms\u00f8. Mit riesigem Aufwand wurden die Stra\u00dfen der Stadt mit Tonnen von [&hellip;]\" \/>\n<meta property=\"og:url\" content=\"https:\/\/www.skimo.at\/sportler\/79\/weltcup-tromso-tag-3-sprintbewerb\/\" \/>\n<meta property=\"og:site_name\" content=\"Sportler\" \/>\n<meta property=\"article:published_time\" content=\"2012-04-14T12:08:35+00:00\" \/>\n<meta property=\"article:modified_time\" content=\"2012-10-22T12:13:10+00:00\" \/>\n<meta property=\"og:image\" content=\"https:\/\/skimo.73.jarolim.eu\/sportler\/files\/2012\/10\/Arctic_Race_Blaatind_Sprint___3772___Bild_Stephan_Mantler___LR.jpg\" \/>\n\t<meta property=\"og:image:width\" content=\"600\" \/>\n\t<meta property=\"og:image:height\" content=\"399\" \/>\n<meta name=\"twitter:card\" content=\"summary\" \/>\n<meta name=\"twitter:label1\" content=\"Gesch\u00e4tzte Lesezeit\">\n\t<meta name=\"twitter:data1\" content=\"2\u00a0Minuten\">\n<script type=\"application\/ld+json\" class=\"yoast-schema-graph\">{\"@context\":\"https:\/\/schema.org\",\"@graph\":[{\"@type\":\"WebSite\",\"@id\":\"https:\/\/skimo.73.jarolim.eu\/sportler\/#website\",\"url\":\"https:\/\/skimo.73.jarolim.eu\/sportler\/\",\"name\":\"Sportler\",\"description\":\"\",\"potentialAction\":[{\"@type\":\"SearchAction\",\"target\":\"https:\/\/skimo.73.jarolim.eu\/sportler\/?s={search_term_string}\",\"query-input\":\"required name=search_term_string\"}],\"inLanguage\":\"de\"},{\"@type\":\"ImageObject\",\"@id\":\"https:\/\/www.skimo.at\/sportler\/79\/weltcup-tromso-tag-3-sprintbewerb\/#primaryimage\",\"inLanguage\":\"de\",\"url\":\"https:\/\/www.skimo.at\/sportler\/files\/2012\/10\/Arctic_Race_Blaatind_Sprint___3772___Bild_Stephan_Mantler___LR.jpg\",\"contentUrl\":\"https:\/\/www.skimo.at\/sportler\/files\/2012\/10\/Arctic_Race_Blaatind_Sprint___3772___Bild_Stephan_Mantler___LR.jpg\",\"width\":600,\"height\":399,\"caption\":\"Foto Stephan Mantler\"},{\"@type\":\"WebPage\",\"@id\":\"https:\/\/www.skimo.at\/sportler\/79\/weltcup-tromso-tag-3-sprintbewerb\/#webpage\",\"url\":\"https:\/\/www.skimo.at\/sportler\/79\/weltcup-tromso-tag-3-sprintbewerb\/\",\"name\":\"Weltcup Troms\\u00f8: Tag 3, Sprintbewerb - Sportler\",\"isPartOf\":{\"@id\":\"https:\/\/skimo.73.jarolim.eu\/sportler\/#website\"},\"primaryImageOfPage\":{\"@id\":\"https:\/\/www.skimo.at\/sportler\/79\/weltcup-tromso-tag-3-sprintbewerb\/#primaryimage\"},\"datePublished\":\"2012-04-14T12:08:35+00:00\",\"dateModified\":\"2012-10-22T12:13:10+00:00\",\"author\":{\"@id\":\"https:\/\/skimo.73.jarolim.eu\/sportler\/#\/schema\/person\/796ecbce6796efca58bf848ca63ec12c\"},\"breadcrumb\":{\"@id\":\"https:\/\/www.skimo.at\/sportler\/79\/weltcup-tromso-tag-3-sprintbewerb\/#breadcrumb\"},\"inLanguage\":\"de\",\"potentialAction\":[{\"@type\":\"ReadAction\",\"target\":[\"https:\/\/www.skimo.at\/sportler\/79\/weltcup-tromso-tag-3-sprintbewerb\/\"]}]},{\"@type\":\"BreadcrumbList\",\"@id\":\"https:\/\/www.skimo.at\/sportler\/79\/weltcup-tromso-tag-3-sprintbewerb\/#breadcrumb\",\"itemListElement\":[{\"@type\":\"ListItem\",\"position\":1,\"item\":{\"@type\":\"WebPage\",\"@id\":\"https:\/\/skimo.73.jarolim.eu\/sportler\/\",\"url\":\"https:\/\/skimo.73.jarolim.eu\/sportler\/\",\"name\":\"Home\"}},{\"@type\":\"ListItem\",\"position\":2,\"item\":{\"@id\":\"https:\/\/www.skimo.at\/sportler\/79\/weltcup-tromso-tag-3-sprintbewerb\/#webpage\"}}]},{\"@type\":\"Person\",\"@id\":\"https:\/\/skimo.73.jarolim.eu\/sportler\/#\/schema\/person\/796ecbce6796efca58bf848ca63ec12c\",\"name\":\"kposch\",\"image\":{\"@type\":\"ImageObject\",\"@id\":\"https:\/\/skimo.73.jarolim.eu\/sportler\/#personlogo\",\"inLanguage\":\"de\",\"url\":\"https:\/\/secure.gravatar.com\/avatar\/e9f5f28da60e5e563d3f4d3cc0b9b425?s=96&r=g\",\"contentUrl\":\"https:\/\/secure.gravatar.com\/avatar\/e9f5f28da60e5e563d3f4d3cc0b9b425?s=96&r=g\",\"caption\":\"kposch\"},\"url\":\"https:\/\/www.skimo.at\/sportler\/author\/kposch\/\"}]}<\/script>\n<!-- \/ Yoast SEO plugin. -->","_links":{"self":[{"href":"https:\/\/www.skimo.at\/sportler\/wp-json\/wp\/v2\/posts\/79"}],"collection":[{"href":"https:\/\/www.skimo.at\/sportler\/wp-json\/wp\/v2\/posts"}],"about":[{"href":"https:\/\/www.skimo.at\/sportler\/wp-json\/wp\/v2\/types\/post"}],"author":[{"embeddable":true,"href":"https:\/\/www.skimo.at\/sportler\/wp-json\/wp\/v2\/users\/3"}],"replies":[{"embeddable":true,"href":"https:\/\/www.skimo.at\/sportler\/wp-json\/wp\/v2\/comments?post=79"}],"version-history":[{"count":2,"href":"https:\/\/www.skimo.at\/sportler\/wp-json\/wp\/v2\/posts\/79\/revisions"}],"predecessor-version":[{"id":523,"href":"https:\/\/www.skimo.at\/sportler\/wp-json\/wp\/v2\/posts\/79\/revisions\/523"}],"wp:featuredmedia":[{"embeddable":true,"href":"https:\/\/www.skimo.at\/sportler\/wp-json\/wp\/v2\/media\/81"}],"wp:attachment":[{"href":"https:\/\/www.skimo.at\/sportler\/wp-json\/wp\/v2\/media?parent=79"}],"wp:term":[{"taxonomy":"category","embeddable":true,"href":"https:\/\/www.skimo.at\/sportler\/wp-json\/wp\/v2\/categories?post=79"},{"taxonomy":"post_tag","embeddable":true,"href":"https:\/\/www.skimo.at\/sportler\/wp-json\/wp\/v2\/tags?post=79"}],"curies":[{"name":"wp","href":"https:\/\/api.w.org\/{rel}","templated":true}]}}