{"id":769,"date":"2013-02-10T17:36:31","date_gmt":"2013-02-10T15:36:31","guid":{"rendered":"http:\/\/www.skimo.at\/sportler\/?p=769"},"modified":"2021-01-05T17:12:29","modified_gmt":"2021-01-05T15:12:29","slug":"weltmeisterschaft-pelvoux-tag-2-das-team-race","status":"publish","type":"post","link":"https:\/\/www.skimo.at\/sportler\/769\/weltmeisterschaft-pelvoux-tag-2-das-team-race\/","title":{"rendered":"Weltmeisterschaft Pelvoux Tag 2 &#8211; das Team Race"},"content":{"rendered":"<p>H\u00e4tte das \u00f6sterreichische Team ein Trainingslager in der Antarktis gemacht, dann w\u00e4re es f\u00fcr unsere Athleten sicher heute ein zus\u00e4tzlicher Vorteil gewesen. Denn ein Rennen bei Starttemperaturen von minus 16 \u00b0C ist wahrlich kein Kinderspiel mehr\u2026<\/p>\n<blockquote><p>\u201eDa zieht man die kalte Luft derart ein, das tut schon richtig weh\u201c, so der einstimmige Kommentar von Markus Stock und Thomas Wallner, dem einzigen \u00f6sterreichischen Team noch vor dem Start des heutigen Team Races.<\/p><\/blockquote>\n<p>Die paar Minuten im Rennanzug auf das Signal zu warten ist, vergehen hier fast wie Stunden, wenn die K\u00e4lte derart bei\u00dft. Und vor allem, da man wei\u00df, dass es oben am Berg noch tiefere Temperaturen geben wird, inklusive Wind nat\u00fcrlich zwischendurch, eh klar! Das h\u00f6rt sich sehr nach gem\u00fctlichen Sonntagvormittag an\u2026 Aber zumindest hielt das Wetter, die Athleten hatten strahlenden Sonnenschein, der vermutete Schlechtwettereinbruch ab Mittag blieb (noch) aus.<\/p>\n<p>Das Rennen selber bot den Athleten eigentlich alles, was ein richtiger alpiner Bewerb beinhalten soll. Aufstiege, Abfahrten, Tragepassagen mit Steigeisen und Klettergurt machten es den Athleten nicht leicht. Die Strecke war aber sehr gut angelegt, auch die Schneebedingungen waren hervorragend. Insgesamt gestaltete sich das Team Race durch die Strecken\u00e4nderungen um einiges l\u00e4nger als laut Plan, \u00fcber 2.500 H\u00f6henmeter hatten die 34 Teams laut Startliste zu bew\u00e4ltigen, aufgeteilt auf 14 Wechsel. Insgesamt 23 Teams wurden letztlich insgesamt in Ziel erfasst, eines davon nat\u00fcrlich unsere \u00d6sterreicher, die als gesamt 13., gezeichnet von der Tortur am Berg, in Vallouise einliefen.<\/p>\n<blockquote><p>\u201eVor allem am zweiten Anstieg vor der ersten Tragepassage war es schlimm. Aber bereits zu Beginn habe ich schon mit Seitenstechen gek\u00e4mpft, ganz un\u00fcblich f\u00fcr mich, ich denke, das flache Atmen zu Beginn aufgrund der K\u00e4lte, hat dies ausgel\u00f6st. Es hat so wehgetan, sobald man einen tiefen Zug holen wollte brannte die K\u00e4lte richtig runter, daher war das Luftholen etwas auf die Au\u00dfentemperatur angepasst und nicht optimal und nat\u00fcrlich\u201c, so Thomas Wallner im Ziel.<\/p><\/blockquote>\n<p>Erst bei der Abfahrt lief alles wieder bestens und unser Team konnte hier erfolgreich noch zwei andere \u00fcberholen. Mit einer Zeit von 3:03:45,1 erreichten sie schlie\u00dflich als 13. das Ziel.<\/p>\n<blockquote><p>\u201eDie Platzierung ist ok, der R\u00fcckstand auf die F\u00fchrenden ist aber sehr hoch. Ein \u201eRaufen\u201c um einen TopTen Rang ist sich gerade nicht mehr ausgegangen f\u00fcr unsere zwei\u201c, so gibt Trainer Alexander Lugger ein positives, wenn auch kritisches Res\u00fcmee nach dem heutigen Wettkampftag.<\/p><\/blockquote>\n<p>Einen \u00fcberragenden Start-Ziel Sieg lieferte das franz\u00f6sische Team bestehend aus Matheo Jacquemoud und William Bon Mardion. Zwischendurch war zwar der Zeitunterschied nicht allzu gro\u00df, aber die beiden lie\u00dfen sich trotzdem nie die F\u00fchrung abnehmen und erreichten so in 2:32:17,7 als erstes Team das Ziel in Vallouise. Matheo Jacquemoud konnte dabei einen Heimvorteil ausn\u00fctzen, der 22-j\u00e4hrige wohnt in Vallouise. Dementsprechend euphorisch war die Stimmung als das Siegerteam im Ortszentrum im Ziel eintraf. Rund 2 Minuten hinter ihnen erreichten die beiden Italiener Manfred Reichegger und Matteo Eydallin das Ziel, an dritter Stelle mit nahezu demselben Abstand ein weiteres franz\u00f6sisches Team mit Xavier Gachet und Alexis Sevennec. Rang eins bis neun war f\u00fcr unsere \u00f6sterreichischen Athleten ziemlich bald au\u00dfer Reichweite, diese Platzierungen teilten die Spitzennationen Frankreich, Italien, Spanien und Schweiz untereinander auf, auf dem 10. Rang folgte mit bereits gr\u00f6\u00dferem Abstand das US-Amerikanische Team, vor Schweden, Norwegen und eben \u00d6sterreich.<br \/>\nBei den Damen ging der Sieg ebenfalls an Frankreich: Laetitia Roux und Axelle Mollaret erreichten mit gro\u00dfem Vorsprung vor dem Italienischen Team Pellissier und Nicolini und den Schweizer Damen Gex-Fabry und Mathys unter gro\u00dfem Jubel der Zuschauer das Ziel.<\/p>\n<p>Wenngleich, wie Alex Lugger sagt, die Platzierung bei einem solch langen, harten Rennen durchaus ok sei, aber einen zu gro\u00dfen R\u00fcckstand aufweise, so muss unser Team in den Bewerben trotzdem noch ordentlich Gas geben, um den Stand der letzten Jahre im Ranking halten zu k\u00f6nnen. Morgen startet daher der Gro\u00dfteil der Mannschaft im Sprint und wird ihr Bestes geben. Die Sprintstrecke wurde heute Nachmittag schon ausgiebig besichtigt, liegt sie doch direkt vor der Unterkunft der \u00d6sterreichischen Mannschaft in Pelvoux. Martin Wei\u00dfkopf, Clemens Steinberger, Daniel Rohringer und Thomas Wallner werden morgen am Start sein. Michaela Essl ist noch nicht vollst\u00e4ndig gesund und wird auf \u00e4rztlichen Rat noch nicht starten, sondern sich auf das Individual und Vertical Race konzentrieren. Markus Stock wird morgen ebenfalls eine Pause einlegen und erst dann wieder im Einsatz sein.<br \/>\nWir berichten nat\u00fcrlich laufend \u00fcber die aktuellen News!<\/p>\n","protected":false},"excerpt":{"rendered":"<p>H\u00e4tte das \u00f6sterreichische Team ein Trainingslager in der Antarktis gemacht, dann w\u00e4re es f\u00fcr unsere Athleten sicher heute ein zus\u00e4tzlicher Vorteil gewesen. Denn ein Rennen bei Starttemperaturen von minus 16 \u00b0C ist wahrlich kein Kinderspiel mehr\u2026 \u201eDa zieht man die kalte Luft derart ein, das tut schon richtig weh\u201c, so der einstimmige Kommentar von Markus [&hellip;]<\/p>\n","protected":false},"author":4,"featured_media":786,"comment_status":"closed","ping_status":"closed","sticky":false,"template":"","format":"standard","meta":[],"categories":[1,11,9,3,7],"tags":[],"yoast_head":"<!-- This site is optimized with the Yoast SEO plugin v16.3 - https:\/\/yoast.com\/wordpress\/plugins\/seo\/ -->\n<title>Weltmeisterschaft Pelvoux Tag 2 - das Team Race - Sportler<\/title>\n<meta name=\"robots\" content=\"index, follow, max-snippet:-1, max-image-preview:large, max-video-preview:-1\" \/>\n<link rel=\"canonical\" href=\"https:\/\/www.skimo.at\/sportler\/769\/weltmeisterschaft-pelvoux-tag-2-das-team-race\/\" \/>\n<meta property=\"og:locale\" content=\"de_DE\" \/>\n<meta property=\"og:type\" content=\"article\" \/>\n<meta property=\"og:title\" content=\"Weltmeisterschaft Pelvoux Tag 2 - das Team Race - Sportler\" \/>\n<meta property=\"og:description\" content=\"H\u00e4tte das \u00f6sterreichische Team ein Trainingslager in der Antarktis gemacht, dann w\u00e4re es f\u00fcr unsere Athleten sicher heute ein zus\u00e4tzlicher Vorteil gewesen. Denn ein Rennen bei Starttemperaturen von minus 16 \u00b0C ist wahrlich kein Kinderspiel mehr\u2026 \u201eDa zieht man die kalte Luft derart ein, das tut schon richtig weh\u201c, so der einstimmige Kommentar von Markus [&hellip;]\" \/>\n<meta property=\"og:url\" content=\"https:\/\/www.skimo.at\/sportler\/769\/weltmeisterschaft-pelvoux-tag-2-das-team-race\/\" \/>\n<meta property=\"og:site_name\" content=\"Sportler\" \/>\n<meta property=\"article:published_time\" content=\"2013-02-10T15:36:31+00:00\" \/>\n<meta property=\"article:modified_time\" content=\"2021-01-05T15:12:29+00:00\" \/>\n<meta property=\"og:image\" content=\"https:\/\/skimo.73.jarolim.eu\/sportler\/files\/2013\/02\/Pelvoux-Team-Markus-Stock-und-Thomas-Wallner-7-Foto-werbegams.at-LR.jpg\" \/>\n\t<meta property=\"og:image:width\" content=\"1800\" \/>\n\t<meta property=\"og:image:height\" content=\"1198\" \/>\n<meta name=\"twitter:card\" content=\"summary\" \/>\n<meta name=\"twitter:label1\" content=\"Gesch\u00e4tzte Lesezeit\">\n\t<meta name=\"twitter:data1\" content=\"4\u00a0Minuten\">\n<script type=\"application\/ld+json\" class=\"yoast-schema-graph\">{\"@context\":\"https:\/\/schema.org\",\"@graph\":[{\"@type\":\"WebSite\",\"@id\":\"https:\/\/skimo.73.jarolim.eu\/sportler\/#website\",\"url\":\"https:\/\/skimo.73.jarolim.eu\/sportler\/\",\"name\":\"Sportler\",\"description\":\"\",\"potentialAction\":[{\"@type\":\"SearchAction\",\"target\":\"https:\/\/skimo.73.jarolim.eu\/sportler\/?s={search_term_string}\",\"query-input\":\"required name=search_term_string\"}],\"inLanguage\":\"de\"},{\"@type\":\"ImageObject\",\"@id\":\"https:\/\/www.skimo.at\/sportler\/769\/weltmeisterschaft-pelvoux-tag-2-das-team-race\/#primaryimage\",\"inLanguage\":\"de\",\"url\":\"https:\/\/www.skimo.at\/sportler\/files\/2013\/02\/Pelvoux-Team-Markus-Stock-und-Thomas-Wallner-7-Foto-werbegams.at-LR.jpg\",\"contentUrl\":\"https:\/\/www.skimo.at\/sportler\/files\/2013\/02\/Pelvoux-Team-Markus-Stock-und-Thomas-Wallner-7-Foto-werbegams.at-LR.jpg\",\"width\":1800,\"height\":1198,\"caption\":\"Bild Werbegams\"},{\"@type\":\"WebPage\",\"@id\":\"https:\/\/www.skimo.at\/sportler\/769\/weltmeisterschaft-pelvoux-tag-2-das-team-race\/#webpage\",\"url\":\"https:\/\/www.skimo.at\/sportler\/769\/weltmeisterschaft-pelvoux-tag-2-das-team-race\/\",\"name\":\"Weltmeisterschaft Pelvoux Tag 2 - das Team Race - Sportler\",\"isPartOf\":{\"@id\":\"https:\/\/skimo.73.jarolim.eu\/sportler\/#website\"},\"primaryImageOfPage\":{\"@id\":\"https:\/\/www.skimo.at\/sportler\/769\/weltmeisterschaft-pelvoux-tag-2-das-team-race\/#primaryimage\"},\"datePublished\":\"2013-02-10T15:36:31+00:00\",\"dateModified\":\"2021-01-05T15:12:29+00:00\",\"author\":{\"@id\":\"https:\/\/skimo.73.jarolim.eu\/sportler\/#\/schema\/person\/89e18f4c3d09b5434dbc2dc0cefbcd30\"},\"breadcrumb\":{\"@id\":\"https:\/\/www.skimo.at\/sportler\/769\/weltmeisterschaft-pelvoux-tag-2-das-team-race\/#breadcrumb\"},\"inLanguage\":\"de\",\"potentialAction\":[{\"@type\":\"ReadAction\",\"target\":[\"https:\/\/www.skimo.at\/sportler\/769\/weltmeisterschaft-pelvoux-tag-2-das-team-race\/\"]}]},{\"@type\":\"BreadcrumbList\",\"@id\":\"https:\/\/www.skimo.at\/sportler\/769\/weltmeisterschaft-pelvoux-tag-2-das-team-race\/#breadcrumb\",\"itemListElement\":[{\"@type\":\"ListItem\",\"position\":1,\"item\":{\"@type\":\"WebPage\",\"@id\":\"https:\/\/skimo.73.jarolim.eu\/sportler\/\",\"url\":\"https:\/\/skimo.73.jarolim.eu\/sportler\/\",\"name\":\"Home\"}},{\"@type\":\"ListItem\",\"position\":2,\"item\":{\"@id\":\"https:\/\/www.skimo.at\/sportler\/769\/weltmeisterschaft-pelvoux-tag-2-das-team-race\/#webpage\"}}]},{\"@type\":\"Person\",\"@id\":\"https:\/\/skimo.73.jarolim.eu\/sportler\/#\/schema\/person\/89e18f4c3d09b5434dbc2dc0cefbcd30\",\"name\":\"aspielbuechler\",\"image\":{\"@type\":\"ImageObject\",\"@id\":\"https:\/\/skimo.73.jarolim.eu\/sportler\/#personlogo\",\"inLanguage\":\"de\",\"url\":\"https:\/\/secure.gravatar.com\/avatar\/1220d25619b41a33e4710c8b968dc56e?s=96&r=g\",\"contentUrl\":\"https:\/\/secure.gravatar.com\/avatar\/1220d25619b41a33e4710c8b968dc56e?s=96&r=g\",\"caption\":\"aspielbuechler\"},\"url\":\"https:\/\/www.skimo.at\/sportler\/author\/aspielbuechler\/\"}]}<\/script>\n<!-- \/ Yoast SEO plugin. -->","_links":{"self":[{"href":"https:\/\/www.skimo.at\/sportler\/wp-json\/wp\/v2\/posts\/769"}],"collection":[{"href":"https:\/\/www.skimo.at\/sportler\/wp-json\/wp\/v2\/posts"}],"about":[{"href":"https:\/\/www.skimo.at\/sportler\/wp-json\/wp\/v2\/types\/post"}],"author":[{"embeddable":true,"href":"https:\/\/www.skimo.at\/sportler\/wp-json\/wp\/v2\/users\/4"}],"replies":[{"embeddable":true,"href":"https:\/\/www.skimo.at\/sportler\/wp-json\/wp\/v2\/comments?post=769"}],"version-history":[{"count":7,"href":"https:\/\/www.skimo.at\/sportler\/wp-json\/wp\/v2\/posts\/769\/revisions"}],"predecessor-version":[{"id":15586,"href":"https:\/\/www.skimo.at\/sportler\/wp-json\/wp\/v2\/posts\/769\/revisions\/15586"}],"wp:featuredmedia":[{"embeddable":true,"href":"https:\/\/www.skimo.at\/sportler\/wp-json\/wp\/v2\/media\/786"}],"wp:attachment":[{"href":"https:\/\/www.skimo.at\/sportler\/wp-json\/wp\/v2\/media?parent=769"}],"wp:term":[{"taxonomy":"category","embeddable":true,"href":"https:\/\/www.skimo.at\/sportler\/wp-json\/wp\/v2\/categories?post=769"},{"taxonomy":"post_tag","embeddable":true,"href":"https:\/\/www.skimo.at\/sportler\/wp-json\/wp\/v2\/tags?post=769"}],"curies":[{"name":"wp","href":"https:\/\/api.w.org\/{rel}","templated":true}]}}