{"id":7466,"date":"2017-11-14T08:19:39","date_gmt":"2017-11-14T06:19:39","guid":{"rendered":"http:\/\/www.skimo.at\/sportler\/?p=7466"},"modified":"2017-11-14T08:20:06","modified_gmt":"2017-11-14T06:20:06","slug":"zweites-schneetrainingslager-und-alpinmesse-war-ein-voller-erfolg-fuer-die-skibergsteiger","status":"publish","type":"post","link":"https:\/\/www.skimo.at\/sportler\/7466\/zweites-schneetrainingslager-und-alpinmesse-war-ein-voller-erfolg-fuer-die-skibergsteiger\/","title":{"rendered":"Zweites Schneetrainingslager und Alpinmesse war ein voller Erfolg f\u00fcr die \u00d6SV Skibergsteiger"},"content":{"rendered":"<p>Erneut war das Stubaital der Trainingsmittelpunkt f\u00fcr die Nationalmannschaft der \u00d6SV-Skibergsteiger. Bestens untergebracht und versorgt im Hotel \u201eHappy Stubai\u201c in Neustift konnte so der zweite Ausdauerblock in der H\u00f6he absolviert werden. Mit dem Neuschnee herrschten optimale Trainingsbedingungen auf dem Stubaier Gletscher!<\/p>\n<p><!--more--><\/p>\n<p>Bei dem zehnt\u00e4gigen Trainingslager war die Nationalmannschaft mit Jakob Herrmann, Daniel Zugg, Armin H\u00f6fl, Martin Wei\u00dfkopf und Christian Hoffmann vollst\u00e4ndig anwesend. Ebenfalls mit dabei war der A-Kader (wenn auch nicht alle \u00fcber den gesamten Zeitraum) mit Alexandra Hauser, Andrea Mayr, Johanna Erhart und Manuel Seibald. Bei den dreit\u00e4gigen Trainingskursen war der Nachwuchs mit Ina Forchthammer, Verena Streitberger und Paul Verbnjak mit anwesend.<\/p>\n<p>Das Ausdauertraining in der H\u00f6he wurde durch Laktat-Feldtests \u00fcberwacht, erg\u00e4nzt wurde der Grundlagenblock durch Techniktraining im Bereich der Schritt- und Armtechnik zur Verbesserung der Bewegungs\u00f6konomie bei Aufsteigen und beim Gleiten sowie im alpinen Gel\u00e4nde die Spitzkehren.<\/p>\n<p>W\u00e4hrend des ersten Kurswochenendes wurde die Ausstattung von BUFF \u00ae und X-Bionic ausgegeben und die Athleten haben diese Bekleidung bereits auf Herz und Nieren getestet. Als weitere Ausbildungsinhalte stand ein Abfahrtstraining auf der freien Piste, im Torlauf und im freien Gel\u00e4nde am Programm. Auch hier konnte sich speziell der Nachwuchs einiges an Input rausholen. Ein verpflichtender Teil war die Sicherheitsschulung mit Pieps, welche vor allem den Umgang mit dem Marktf\u00fchrermodell Micro, die Versch\u00fcttetensuche und \u2013bergung beinhaltete.<\/p>\n<p>Am Samstag, den 11. November, stand ein Ausflug nach Innsbruck zur Alpinmesse am Programm. Erstmals im Outfit von MARTINI SPORTSWEAR pr\u00e4sentierten sich die Athleten auf der Hauptb\u00fchne und informierten \u00fcber eine Stunde lang \u00fcber die Ausr\u00fcstung, das Training, den Weltcupkalender und die Zukunftschancen f\u00fcr Olympia die interessierten Zuh\u00f6rer.<\/p>\n<p>Der n\u00e4chste Trainingsblock ist f\u00fcr Ende November geplant, um dann unter anderem auch die drei startberechtigten AthletInnen f\u00fcr den China-Weltcup Mitte Dezember, Jakob Herrmann, Daniel Zugg und Alexandra Hauser, perfekt f\u00fcr den Saisonstart vorzubereiten!<\/p>\n<p>Text: Josef Gruber<\/p>\n","protected":false},"excerpt":{"rendered":"<p>Erneut war das Stubaital der Trainingsmittelpunkt f\u00fcr die Nationalmannschaft der \u00d6SV-Skibergsteiger. Bestens untergebracht und versorgt im Hotel \u201eHappy Stubai\u201c in Neustift konnte so der zweite Ausdauerblock in der H\u00f6he absolviert werden. Mit dem Neuschnee herrschten optimale Trainingsbedingungen auf dem Stubaier Gletscher!<\/p>\n","protected":false},"author":3,"featured_media":7468,"comment_status":"closed","ping_status":"closed","sticky":false,"template":"","format":"standard","meta":[],"categories":[1,3],"tags":[],"yoast_head":"<!-- This site is optimized with the Yoast SEO plugin v16.3 - https:\/\/yoast.com\/wordpress\/plugins\/seo\/ -->\n<title>Zweites Schneetrainingslager und Alpinmesse war ein voller Erfolg f\u00fcr die \u00d6SV Skibergsteiger - Sportler<\/title>\n<meta name=\"robots\" content=\"index, follow, max-snippet:-1, max-image-preview:large, max-video-preview:-1\" \/>\n<link rel=\"canonical\" href=\"https:\/\/www.skimo.at\/sportler\/7466\/zweites-schneetrainingslager-und-alpinmesse-war-ein-voller-erfolg-fuer-die-skibergsteiger\/\" \/>\n<meta property=\"og:locale\" content=\"de_DE\" \/>\n<meta property=\"og:type\" content=\"article\" \/>\n<meta property=\"og:title\" content=\"Zweites Schneetrainingslager und Alpinmesse war ein voller Erfolg f\u00fcr die \u00d6SV Skibergsteiger - Sportler\" \/>\n<meta property=\"og:description\" content=\"Erneut war das Stubaital der Trainingsmittelpunkt f\u00fcr die Nationalmannschaft der \u00d6SV-Skibergsteiger. Bestens untergebracht und versorgt im Hotel \u201eHappy Stubai\u201c in Neustift konnte so der zweite Ausdauerblock in der H\u00f6he absolviert werden. Mit dem Neuschnee herrschten optimale Trainingsbedingungen auf dem Stubaier Gletscher!\" \/>\n<meta property=\"og:url\" content=\"https:\/\/www.skimo.at\/sportler\/7466\/zweites-schneetrainingslager-und-alpinmesse-war-ein-voller-erfolg-fuer-die-skibergsteiger\/\" \/>\n<meta property=\"og:site_name\" content=\"Sportler\" \/>\n<meta property=\"article:published_time\" content=\"2017-11-14T06:19:39+00:00\" \/>\n<meta property=\"article:modified_time\" content=\"2017-11-14T06:20:06+00:00\" \/>\n<meta property=\"og:image\" content=\"https:\/\/www.skimo.at\/sportler\/files\/2017\/11\/2017Alpinmesse_MartiniSportswearK.jpg\" \/>\n\t<meta property=\"og:image:width\" content=\"2420\" \/>\n\t<meta property=\"og:image:height\" content=\"1361\" \/>\n<meta name=\"twitter:card\" content=\"summary\" \/>\n<meta name=\"twitter:label1\" content=\"Gesch\u00e4tzte Lesezeit\">\n\t<meta name=\"twitter:data1\" content=\"2\u00a0Minuten\">\n<script type=\"application\/ld+json\" class=\"yoast-schema-graph\">{\"@context\":\"https:\/\/schema.org\",\"@graph\":[{\"@type\":\"WebSite\",\"@id\":\"https:\/\/skimo.73.jarolim.eu\/sportler\/#website\",\"url\":\"https:\/\/skimo.73.jarolim.eu\/sportler\/\",\"name\":\"Sportler\",\"description\":\"\",\"potentialAction\":[{\"@type\":\"SearchAction\",\"target\":\"https:\/\/skimo.73.jarolim.eu\/sportler\/?s={search_term_string}\",\"query-input\":\"required name=search_term_string\"}],\"inLanguage\":\"de\"},{\"@type\":\"ImageObject\",\"@id\":\"https:\/\/www.skimo.at\/sportler\/7466\/zweites-schneetrainingslager-und-alpinmesse-war-ein-voller-erfolg-fuer-die-skibergsteiger\/#primaryimage\",\"inLanguage\":\"de\",\"url\":\"https:\/\/www.skimo.at\/sportler\/files\/2017\/11\/2017Alpinmesse_MartiniSportswearK.jpg\",\"contentUrl\":\"https:\/\/www.skimo.at\/sportler\/files\/2017\/11\/2017Alpinmesse_MartiniSportswearK.jpg\",\"width\":2420,\"height\":1361},{\"@type\":\"WebPage\",\"@id\":\"https:\/\/www.skimo.at\/sportler\/7466\/zweites-schneetrainingslager-und-alpinmesse-war-ein-voller-erfolg-fuer-die-skibergsteiger\/#webpage\",\"url\":\"https:\/\/www.skimo.at\/sportler\/7466\/zweites-schneetrainingslager-und-alpinmesse-war-ein-voller-erfolg-fuer-die-skibergsteiger\/\",\"name\":\"Zweites Schneetrainingslager und Alpinmesse war ein voller Erfolg f\\u00fcr die \\u00d6SV Skibergsteiger - Sportler\",\"isPartOf\":{\"@id\":\"https:\/\/skimo.73.jarolim.eu\/sportler\/#website\"},\"primaryImageOfPage\":{\"@id\":\"https:\/\/www.skimo.at\/sportler\/7466\/zweites-schneetrainingslager-und-alpinmesse-war-ein-voller-erfolg-fuer-die-skibergsteiger\/#primaryimage\"},\"datePublished\":\"2017-11-14T06:19:39+00:00\",\"dateModified\":\"2017-11-14T06:20:06+00:00\",\"author\":{\"@id\":\"https:\/\/skimo.73.jarolim.eu\/sportler\/#\/schema\/person\/796ecbce6796efca58bf848ca63ec12c\"},\"breadcrumb\":{\"@id\":\"https:\/\/www.skimo.at\/sportler\/7466\/zweites-schneetrainingslager-und-alpinmesse-war-ein-voller-erfolg-fuer-die-skibergsteiger\/#breadcrumb\"},\"inLanguage\":\"de\",\"potentialAction\":[{\"@type\":\"ReadAction\",\"target\":[\"https:\/\/www.skimo.at\/sportler\/7466\/zweites-schneetrainingslager-und-alpinmesse-war-ein-voller-erfolg-fuer-die-skibergsteiger\/\"]}]},{\"@type\":\"BreadcrumbList\",\"@id\":\"https:\/\/www.skimo.at\/sportler\/7466\/zweites-schneetrainingslager-und-alpinmesse-war-ein-voller-erfolg-fuer-die-skibergsteiger\/#breadcrumb\",\"itemListElement\":[{\"@type\":\"ListItem\",\"position\":1,\"item\":{\"@type\":\"WebPage\",\"@id\":\"https:\/\/skimo.73.jarolim.eu\/sportler\/\",\"url\":\"https:\/\/skimo.73.jarolim.eu\/sportler\/\",\"name\":\"Home\"}},{\"@type\":\"ListItem\",\"position\":2,\"item\":{\"@id\":\"https:\/\/www.skimo.at\/sportler\/7466\/zweites-schneetrainingslager-und-alpinmesse-war-ein-voller-erfolg-fuer-die-skibergsteiger\/#webpage\"}}]},{\"@type\":\"Person\",\"@id\":\"https:\/\/skimo.73.jarolim.eu\/sportler\/#\/schema\/person\/796ecbce6796efca58bf848ca63ec12c\",\"name\":\"kposch\",\"image\":{\"@type\":\"ImageObject\",\"@id\":\"https:\/\/skimo.73.jarolim.eu\/sportler\/#personlogo\",\"inLanguage\":\"de\",\"url\":\"https:\/\/secure.gravatar.com\/avatar\/e9f5f28da60e5e563d3f4d3cc0b9b425?s=96&r=g\",\"contentUrl\":\"https:\/\/secure.gravatar.com\/avatar\/e9f5f28da60e5e563d3f4d3cc0b9b425?s=96&r=g\",\"caption\":\"kposch\"},\"url\":\"https:\/\/www.skimo.at\/sportler\/author\/kposch\/\"}]}<\/script>\n<!-- \/ Yoast SEO plugin. -->","_links":{"self":[{"href":"https:\/\/www.skimo.at\/sportler\/wp-json\/wp\/v2\/posts\/7466"}],"collection":[{"href":"https:\/\/www.skimo.at\/sportler\/wp-json\/wp\/v2\/posts"}],"about":[{"href":"https:\/\/www.skimo.at\/sportler\/wp-json\/wp\/v2\/types\/post"}],"author":[{"embeddable":true,"href":"https:\/\/www.skimo.at\/sportler\/wp-json\/wp\/v2\/users\/3"}],"replies":[{"embeddable":true,"href":"https:\/\/www.skimo.at\/sportler\/wp-json\/wp\/v2\/comments?post=7466"}],"version-history":[{"count":2,"href":"https:\/\/www.skimo.at\/sportler\/wp-json\/wp\/v2\/posts\/7466\/revisions"}],"predecessor-version":[{"id":7472,"href":"https:\/\/www.skimo.at\/sportler\/wp-json\/wp\/v2\/posts\/7466\/revisions\/7472"}],"wp:featuredmedia":[{"embeddable":true,"href":"https:\/\/www.skimo.at\/sportler\/wp-json\/wp\/v2\/media\/7468"}],"wp:attachment":[{"href":"https:\/\/www.skimo.at\/sportler\/wp-json\/wp\/v2\/media?parent=7466"}],"wp:term":[{"taxonomy":"category","embeddable":true,"href":"https:\/\/www.skimo.at\/sportler\/wp-json\/wp\/v2\/categories?post=7466"},{"taxonomy":"post_tag","embeddable":true,"href":"https:\/\/www.skimo.at\/sportler\/wp-json\/wp\/v2\/tags?post=7466"}],"curies":[{"name":"wp","href":"https:\/\/api.w.org\/{rel}","templated":true}]}}