{"id":730,"date":"2013-02-10T00:08:41","date_gmt":"2013-02-09T22:08:41","guid":{"rendered":"http:\/\/www.skimo.at\/sportler\/?p=730"},"modified":"2013-02-10T00:13:23","modified_gmt":"2013-02-09T22:13:23","slug":"weltmeisterschaft-pelvoux-fra-tag-1-die-anreise","status":"publish","type":"post","link":"https:\/\/www.skimo.at\/sportler\/730\/weltmeisterschaft-pelvoux-fra-tag-1-die-anreise\/","title":{"rendered":"Weltmeisterschaft Pelvoux (FRA) Tag 1 &#8211; die Anreise"},"content":{"rendered":"<p>Da waren\u2018s nur noch 6\u2026<\/p>\n<p>Nach diesem Motto reiste eine kleine aber feine Nationalmannschaft heute nach Pelvoux (FRA), um die Ehre der \u00f6sterreichischen Nation bei der Weltmeisterschaft 2013 zu verteidigen. Letzte (leider schlechte) Meldung: Ina Forchthammer, die Medaillenhoffnung f\u00fcr das Team, musste krankheitsbedingt noch kurzfristig absagen. Somit werden Ina, Alex Fasser, Veronika Swidrak und Jakob Herrmann das Gro\u00dfereignis dieses Jahr nur von der Ferne beobachten k\u00f6nnen. Krankheitsbedingt ist leider auch der Renneinsatz kurzfristig etwas mehr geschrumpft, als urspr\u00fcnglich geplant. Michaela Essl ist ebenfalls nicht zu 100% fit und wird daher den Sprint am Montag noch nicht bestreiten, sondern nur das Individual Race und das Vertical Race.<\/p>\n<p>Nun aber vorerst einmal zum heutigen Tag: neben einer Er\u00f6ffnungsfeier mit Nationeneinmarsch (23 Nationen aus drei unterschiedlichen Kontinenten nehmen dieses Jahr bei der WM teil) und Alphornkl\u00e4ngen begann der Sp\u00e4tnachmittag f\u00fcr das Nationalteam noch recht gem\u00fctlich, schlie\u00dflich starten nur zwei Athleten beim morgigen Team Race. Markus Stock und Thomas Wallner werden die ersten beiden sein, die f\u00fcr die rot-wei\u00df-rote Mannschaft ins Rennen gehen und eine Spitzenplatzierung erreichen wollen. Die restlichen Teammitglieder werden die zwei Salzburger unterwegs unterst\u00fctzen und ordentlich anfeuern. Clemens Steinberger wird mit Alex Lugger im Gel\u00e4nde sein und sich neben dem Bewerb noch die Gegend f\u00fcr das Individual der Juniorenklasse f\u00fcr Dienstag anschauen.<\/p>\n<p>Trotz der Ausf\u00e4lle vieler Athleten des Teams, urspr\u00fcnglich w\u00e4re der Einsatz f\u00fcr 10\u00a0Atheten geplant gewesen, wird die \u00f6sterreichische Mannschaft morgen voller Motivation in die Bewerbe starten. Mit dabei sind nun: Markus Stock, Thomas Wallner, Daniel Rohringer, Martin Wei\u00dfkopf, Clemens Steinberger, Michaela Essl, Trainer Alexander Lugger, Fotograf Christian Gamsj\u00e4ger und f\u00fcr die Presse und als weitere Betreuerin Anna Spielb\u00fcchler. Wir werden nat\u00fcrlich laufend auf der Webseite und auf der ASKIMO Facebook Seite informieren.<\/p>\n","protected":false},"excerpt":{"rendered":"<p>Da waren\u2018s nur noch 6\u2026 Nach diesem Motto reiste eine kleine aber feine Nationalmannschaft heute nach Pelvoux (FRA), um die Ehre der \u00f6sterreichischen Nation bei der Weltmeisterschaft 2013 zu verteidigen. Letzte (leider schlechte) Meldung: Ina Forchthammer, die Medaillenhoffnung f\u00fcr das Team, musste krankheitsbedingt noch kurzfristig absagen. Somit werden Ina, Alex Fasser, Veronika Swidrak und Jakob [&hellip;]<\/p>\n","protected":false},"author":4,"featured_media":740,"comment_status":"closed","ping_status":"closed","sticky":false,"template":"","format":"standard","meta":[],"categories":[1,11,9,3],"tags":[],"yoast_head":"<!-- This site is optimized with the Yoast SEO plugin v16.3 - https:\/\/yoast.com\/wordpress\/plugins\/seo\/ -->\n<title>Weltmeisterschaft Pelvoux (FRA) Tag 1 - die Anreise - Sportler<\/title>\n<meta name=\"robots\" content=\"index, follow, max-snippet:-1, max-image-preview:large, max-video-preview:-1\" \/>\n<link rel=\"canonical\" href=\"https:\/\/www.skimo.at\/sportler\/730\/weltmeisterschaft-pelvoux-fra-tag-1-die-anreise\/\" \/>\n<meta property=\"og:locale\" content=\"de_DE\" \/>\n<meta property=\"og:type\" content=\"article\" \/>\n<meta property=\"og:title\" content=\"Weltmeisterschaft Pelvoux (FRA) Tag 1 - die Anreise - Sportler\" \/>\n<meta property=\"og:description\" content=\"Da waren\u2018s nur noch 6\u2026 Nach diesem Motto reiste eine kleine aber feine Nationalmannschaft heute nach Pelvoux (FRA), um die Ehre der \u00f6sterreichischen Nation bei der Weltmeisterschaft 2013 zu verteidigen. Letzte (leider schlechte) Meldung: Ina Forchthammer, die Medaillenhoffnung f\u00fcr das Team, musste krankheitsbedingt noch kurzfristig absagen. Somit werden Ina, Alex Fasser, Veronika Swidrak und Jakob [&hellip;]\" \/>\n<meta property=\"og:url\" content=\"https:\/\/www.skimo.at\/sportler\/730\/weltmeisterschaft-pelvoux-fra-tag-1-die-anreise\/\" \/>\n<meta property=\"og:site_name\" content=\"Sportler\" \/>\n<meta property=\"article:published_time\" content=\"2013-02-09T22:08:41+00:00\" \/>\n<meta property=\"article:modified_time\" content=\"2013-02-09T22:13:23+00:00\" \/>\n<meta property=\"og:image\" content=\"https:\/\/skimo.73.jarolim.eu\/sportler\/files\/2013\/02\/Pelvoux-Er\u00f6ffnung-001-Foto-werbegams.at-LR.jpg\" \/>\n\t<meta property=\"og:image:width\" content=\"1800\" \/>\n\t<meta property=\"og:image:height\" content=\"1198\" \/>\n<meta name=\"twitter:card\" content=\"summary\" \/>\n<meta name=\"twitter:label1\" content=\"Gesch\u00e4tzte Lesezeit\">\n\t<meta name=\"twitter:data1\" content=\"2\u00a0Minuten\">\n<script type=\"application\/ld+json\" class=\"yoast-schema-graph\">{\"@context\":\"https:\/\/schema.org\",\"@graph\":[{\"@type\":\"WebSite\",\"@id\":\"https:\/\/skimo.73.jarolim.eu\/sportler\/#website\",\"url\":\"https:\/\/skimo.73.jarolim.eu\/sportler\/\",\"name\":\"Sportler\",\"description\":\"\",\"potentialAction\":[{\"@type\":\"SearchAction\",\"target\":\"https:\/\/skimo.73.jarolim.eu\/sportler\/?s={search_term_string}\",\"query-input\":\"required name=search_term_string\"}],\"inLanguage\":\"de\"},{\"@type\":\"ImageObject\",\"@id\":\"https:\/\/www.skimo.at\/sportler\/730\/weltmeisterschaft-pelvoux-fra-tag-1-die-anreise\/#primaryimage\",\"inLanguage\":\"de\",\"url\":\"https:\/\/www.skimo.at\/sportler\/files\/2013\/02\/Pelvoux-Er\\u00f6ffnung-001-Foto-werbegams.at-LR.jpg\",\"contentUrl\":\"https:\/\/www.skimo.at\/sportler\/files\/2013\/02\/Pelvoux-Er\\u00f6ffnung-001-Foto-werbegams.at-LR.jpg\",\"width\":1800,\"height\":1198},{\"@type\":\"WebPage\",\"@id\":\"https:\/\/www.skimo.at\/sportler\/730\/weltmeisterschaft-pelvoux-fra-tag-1-die-anreise\/#webpage\",\"url\":\"https:\/\/www.skimo.at\/sportler\/730\/weltmeisterschaft-pelvoux-fra-tag-1-die-anreise\/\",\"name\":\"Weltmeisterschaft Pelvoux (FRA) Tag 1 - die Anreise - Sportler\",\"isPartOf\":{\"@id\":\"https:\/\/skimo.73.jarolim.eu\/sportler\/#website\"},\"primaryImageOfPage\":{\"@id\":\"https:\/\/www.skimo.at\/sportler\/730\/weltmeisterschaft-pelvoux-fra-tag-1-die-anreise\/#primaryimage\"},\"datePublished\":\"2013-02-09T22:08:41+00:00\",\"dateModified\":\"2013-02-09T22:13:23+00:00\",\"author\":{\"@id\":\"https:\/\/skimo.73.jarolim.eu\/sportler\/#\/schema\/person\/89e18f4c3d09b5434dbc2dc0cefbcd30\"},\"breadcrumb\":{\"@id\":\"https:\/\/www.skimo.at\/sportler\/730\/weltmeisterschaft-pelvoux-fra-tag-1-die-anreise\/#breadcrumb\"},\"inLanguage\":\"de\",\"potentialAction\":[{\"@type\":\"ReadAction\",\"target\":[\"https:\/\/www.skimo.at\/sportler\/730\/weltmeisterschaft-pelvoux-fra-tag-1-die-anreise\/\"]}]},{\"@type\":\"BreadcrumbList\",\"@id\":\"https:\/\/www.skimo.at\/sportler\/730\/weltmeisterschaft-pelvoux-fra-tag-1-die-anreise\/#breadcrumb\",\"itemListElement\":[{\"@type\":\"ListItem\",\"position\":1,\"item\":{\"@type\":\"WebPage\",\"@id\":\"https:\/\/skimo.73.jarolim.eu\/sportler\/\",\"url\":\"https:\/\/skimo.73.jarolim.eu\/sportler\/\",\"name\":\"Home\"}},{\"@type\":\"ListItem\",\"position\":2,\"item\":{\"@id\":\"https:\/\/www.skimo.at\/sportler\/730\/weltmeisterschaft-pelvoux-fra-tag-1-die-anreise\/#webpage\"}}]},{\"@type\":\"Person\",\"@id\":\"https:\/\/skimo.73.jarolim.eu\/sportler\/#\/schema\/person\/89e18f4c3d09b5434dbc2dc0cefbcd30\",\"name\":\"aspielbuechler\",\"image\":{\"@type\":\"ImageObject\",\"@id\":\"https:\/\/skimo.73.jarolim.eu\/sportler\/#personlogo\",\"inLanguage\":\"de\",\"url\":\"https:\/\/secure.gravatar.com\/avatar\/1220d25619b41a33e4710c8b968dc56e?s=96&r=g\",\"contentUrl\":\"https:\/\/secure.gravatar.com\/avatar\/1220d25619b41a33e4710c8b968dc56e?s=96&r=g\",\"caption\":\"aspielbuechler\"},\"url\":\"https:\/\/www.skimo.at\/sportler\/author\/aspielbuechler\/\"}]}<\/script>\n<!-- \/ Yoast SEO plugin. -->","_links":{"self":[{"href":"https:\/\/www.skimo.at\/sportler\/wp-json\/wp\/v2\/posts\/730"}],"collection":[{"href":"https:\/\/www.skimo.at\/sportler\/wp-json\/wp\/v2\/posts"}],"about":[{"href":"https:\/\/www.skimo.at\/sportler\/wp-json\/wp\/v2\/types\/post"}],"author":[{"embeddable":true,"href":"https:\/\/www.skimo.at\/sportler\/wp-json\/wp\/v2\/users\/4"}],"replies":[{"embeddable":true,"href":"https:\/\/www.skimo.at\/sportler\/wp-json\/wp\/v2\/comments?post=730"}],"version-history":[{"count":5,"href":"https:\/\/www.skimo.at\/sportler\/wp-json\/wp\/v2\/posts\/730\/revisions"}],"predecessor-version":[{"id":767,"href":"https:\/\/www.skimo.at\/sportler\/wp-json\/wp\/v2\/posts\/730\/revisions\/767"}],"wp:featuredmedia":[{"embeddable":true,"href":"https:\/\/www.skimo.at\/sportler\/wp-json\/wp\/v2\/media\/740"}],"wp:attachment":[{"href":"https:\/\/www.skimo.at\/sportler\/wp-json\/wp\/v2\/media?parent=730"}],"wp:term":[{"taxonomy":"category","embeddable":true,"href":"https:\/\/www.skimo.at\/sportler\/wp-json\/wp\/v2\/categories?post=730"},{"taxonomy":"post_tag","embeddable":true,"href":"https:\/\/www.skimo.at\/sportler\/wp-json\/wp\/v2\/tags?post=730"}],"curies":[{"name":"wp","href":"https:\/\/api.w.org\/{rel}","templated":true}]}}