{"id":716,"date":"2013-02-08T13:06:46","date_gmt":"2013-02-08T11:06:46","guid":{"rendered":"http:\/\/www.skimo.at\/sportler\/?p=716"},"modified":"2021-01-05T17:11:02","modified_gmt":"2021-01-05T15:11:02","slug":"weltmeisterschaft-wettkampf-skibergsteigen-2013-lets-go","status":"publish","type":"post","link":"https:\/\/www.skimo.at\/sportler\/716\/weltmeisterschaft-wettkampf-skibergsteigen-2013-lets-go\/","title":{"rendered":"Weltmeisterschaft Wettkampf-Skibergsteigen 2013: let&#8217;s go!"},"content":{"rendered":"<p>In der kommenden Woche steht f\u00fcr die Skibergsteiger weltweit der H\u00f6hepunkt vor der T\u00fcr: die Weltmeisterschaft in Pelvoux (FRA). Mittendrinn in der internationalen Elite nat\u00fcrlich die \u00d6sterreicher! Schlie\u00dflich gilt es, die Erfolge der letzten Jahre zu verteidigen! 2011 waren eine Silber-, zwei Bronzemedaillen (durch Ina Forchthammer) und der f\u00fcnfte Rang in der Nationenwertung das Res\u00fcmee. An diese Erfolge anzuschlie\u00dfen wird aber heuer nicht leicht werden\u2026<\/p>\n<p>Mehrere leistungsstarke Athleten fallen dieses Jahr aus. So hat Alexander Fasser (Lermoos) eine rund einmonatige Zwangspause vor sich, Veronika Swidrak k\u00e4mpft noch immer vorrangig mehr mit ihrer nicht heilen wollenden Achillessehne als mit der Konkurrenz, Jakob Herrmann, vor kurzem noch \u00d6sterreichischer Vizemeister im Vertical, muss ebenfalls gesundheitsbedingt f\u00fcr die n\u00e4chsten Bewerbe aussetzen. \u201eDiese Weltmeisterschaft wird f\u00fcr uns heuer wahrscheinlich nicht so gut laufen, wie die Gro\u00dfevents der letzten Jahre. Durch die Ausf\u00e4lle einiger unserer besten Athleten wird es f\u00fcr die Mannschaft schwierig werden, mit Spitzenplatzierungen derart aufzuzeigen, wie in den letzten Jahren\u201c, so die Aussicht von Nationalteamtrainer Alexander Lugger. Damals konnte sich das \u00d6sterreichische Team gleich hinter den f\u00fchrenden Nationen im Skibergsteigen, Frankreich, Schweiz, Italien und Spanien, einreihen. Im Hinblick auf die Nationenwertung, aber auch f\u00fcr die Team- und Staffelbewerbe geht dieses Jahr jeder einzelne gute Athlet ab.<\/p>\n<p>Nichts desto trotz startet eine top motivierte, wenn auch verkleinerte Mannschaft heute und morgen los nach Frankreich. Einberufen worden sind f\u00fcr die kommende Woche 7 Athleten, die vorl\u00e4ufige Einteilung der Bewerbe schaut folgenderma\u00dfen aus:<\/p>\n<ul>\n<li>Michaela Essl (Sprint, individual, Vertical)<\/li>\n<li>Ina Forchthammer (Sprint, Individual Jugend, Vertical)<\/li>\n<li>Daniel Rohringer (Sprint, Individual, Vertical)<\/li>\n<li>Clemens Steinberger (Sprint, Individual Jugend, Vertical)<\/li>\n<li>Markus Stock (Team, Individual, Vertical)<\/li>\n<li>Thomas Wallner (Team, Sprint, Vertical)<\/li>\n<li>Martin Wei\u00dfkopf (Sprint, Individual, Vertical)<\/li>\n<\/ul>\n<p>Zusammengestellt wird voraussichtlich auch eine Herrenstaffel f\u00fcr den Abschluss am Freitag (Rohringer, Stock, Wallner, Wei\u00dfkopf). Noch nicht fix ist es, ob die M\u00f6glichkeit besteht, eine an Nationen gemischte Staffel bei der Jugend zu bekommen, dann w\u00e4ren auch Ina Forchthammer und Clemens Steinberger im Einsatz.<\/p>\n<p>Schweren Herzens pausiert Alexander Fasser und wird die Weltmeisterschaft in diesem Jahr nur von der Ferne beobachten k\u00f6nnen.<\/p>\n<blockquote><p>\u201eNachdem die ersten Bewerbe bereits gar nicht nach Wunsch verlaufen sind, habe ich mich medizinisch gr\u00fcndlich untersuchen lassen. Trainerin und \u00c4rzte haben aufgrund schlechter Blutwerte eine Wettkampfpause empfohlen, aber ich habe ohnehin selber in der letzten Zeit bereits gesp\u00fcrt, dass irgendwas nicht passt, zu stark war der unerkl\u00e4rbare Leistungseinbruch im ersten Teil dieser Saison\u201c<\/p>\n<p>Alex Fasser<\/p><\/blockquote>\n<p>Gesundheit geht vor und bei den Weltcup Bewerben ab M\u00e4rz und der \u00d6sterreichischen Meisterschaft Individual im Zuge der Hohen Tauern Trophy will er aber erneut voll durchstarten. Wir w\u00fcnschen ihm bis dahin alles Gute und freuen uns schon auf seinen Einsatz mit vollem Speed, wie wir Alex Fasser eben kennen.<\/p>\n<p>Das Programm zur Weltmeisterschaft in der kommenden Woche sieht folgenderma\u00dfen aus:<\/p>\n<p><strong>Samstag, 9.2.2012:<\/strong> Ankunft der Athleten bzw. erste Besichtigungstouren f\u00fcr die Teilnehmer des Teamrennens, ab 16.00 Uhr offizielle Er\u00f6ffnungsfeier<\/p>\n<p><strong>Sonntag, 10.2.2013:<\/strong> Team Race<\/p>\n<p><strong>Montag, 11.2.2013:<\/strong> Sprint Race<\/p>\n<p><strong>Dienstag, 12.2.2013:<\/strong> Individual Cadet, Junior<\/p>\n<p><strong>Mittwoch, 13.2.2013:<\/strong> Individual Senior, Espoir<\/p>\n<p><strong>Donnerstag, 14.2.2013:<\/strong> Vertical Race<\/p>\n<p><strong>Freitag, 15.2.2013:<\/strong> Relay (Staffel) und Abschlussfeier<\/p>\n<p><strong>Samstag, 16.2.2013:<\/strong> Abreisetag<\/p>\n<p>Wir werden nat\u00fcrlich laufend vor Ort berichten und freuen uns auf eine erfolgreiche Weltmeisterschaft 2013!<\/p>\n","protected":false},"excerpt":{"rendered":"<p>In der kommenden Woche steht f\u00fcr die Skibergsteiger weltweit der H\u00f6hepunkt vor der T\u00fcr: die Weltmeisterschaft in Pelvoux (FRA). Mittendrinn in der internationalen Elite nat\u00fcrlich die \u00d6sterreicher! Schlie\u00dflich gilt es, die Erfolge der letzten Jahre zu verteidigen! 2011 waren eine Silber-, zwei Bronzemedaillen (durch Ina Forchthammer) und der f\u00fcnfte Rang in der Nationenwertung das Res\u00fcmee. [&hellip;]<\/p>\n","protected":false},"author":4,"featured_media":726,"comment_status":"closed","ping_status":"closed","sticky":false,"template":"","format":"standard","meta":[],"categories":[1,11,3],"tags":[],"yoast_head":"<!-- This site is optimized with the Yoast SEO plugin v16.3 - https:\/\/yoast.com\/wordpress\/plugins\/seo\/ -->\n<title>Weltmeisterschaft Wettkampf-Skibergsteigen 2013: let&#039;s go! - Sportler<\/title>\n<meta name=\"robots\" content=\"index, follow, max-snippet:-1, max-image-preview:large, max-video-preview:-1\" \/>\n<link rel=\"canonical\" href=\"https:\/\/www.skimo.at\/sportler\/716\/weltmeisterschaft-wettkampf-skibergsteigen-2013-lets-go\/\" \/>\n<meta property=\"og:locale\" content=\"de_DE\" \/>\n<meta property=\"og:type\" content=\"article\" \/>\n<meta property=\"og:title\" content=\"Weltmeisterschaft Wettkampf-Skibergsteigen 2013: let&#039;s go! - Sportler\" \/>\n<meta property=\"og:description\" content=\"In der kommenden Woche steht f\u00fcr die Skibergsteiger weltweit der H\u00f6hepunkt vor der T\u00fcr: die Weltmeisterschaft in Pelvoux (FRA). Mittendrinn in der internationalen Elite nat\u00fcrlich die \u00d6sterreicher! Schlie\u00dflich gilt es, die Erfolge der letzten Jahre zu verteidigen! 2011 waren eine Silber-, zwei Bronzemedaillen (durch Ina Forchthammer) und der f\u00fcnfte Rang in der Nationenwertung das Res\u00fcmee. [&hellip;]\" \/>\n<meta property=\"og:url\" content=\"https:\/\/www.skimo.at\/sportler\/716\/weltmeisterschaft-wettkampf-skibergsteigen-2013-lets-go\/\" \/>\n<meta property=\"og:site_name\" content=\"Sportler\" \/>\n<meta property=\"article:published_time\" content=\"2013-02-08T11:06:46+00:00\" \/>\n<meta property=\"article:modified_time\" content=\"2021-01-05T15:11:02+00:00\" \/>\n<meta property=\"og:image\" content=\"https:\/\/skimo.73.jarolim.eu\/sportler\/files\/2013\/02\/Relay-Pelvoux-2012-Gruppenbild-3-Foto-Werbegams-LR.jpg\" \/>\n\t<meta property=\"og:image:width\" content=\"1800\" \/>\n\t<meta property=\"og:image:height\" content=\"1200\" \/>\n<meta name=\"twitter:card\" content=\"summary\" \/>\n<meta name=\"twitter:label1\" content=\"Gesch\u00e4tzte Lesezeit\">\n\t<meta name=\"twitter:data1\" content=\"3\u00a0Minuten\">\n<script type=\"application\/ld+json\" class=\"yoast-schema-graph\">{\"@context\":\"https:\/\/schema.org\",\"@graph\":[{\"@type\":\"WebSite\",\"@id\":\"https:\/\/skimo.73.jarolim.eu\/sportler\/#website\",\"url\":\"https:\/\/skimo.73.jarolim.eu\/sportler\/\",\"name\":\"Sportler\",\"description\":\"\",\"potentialAction\":[{\"@type\":\"SearchAction\",\"target\":\"https:\/\/skimo.73.jarolim.eu\/sportler\/?s={search_term_string}\",\"query-input\":\"required name=search_term_string\"}],\"inLanguage\":\"de\"},{\"@type\":\"ImageObject\",\"@id\":\"https:\/\/www.skimo.at\/sportler\/716\/weltmeisterschaft-wettkampf-skibergsteigen-2013-lets-go\/#primaryimage\",\"inLanguage\":\"de\",\"url\":\"https:\/\/www.skimo.at\/sportler\/files\/2013\/02\/Relay-Pelvoux-2012-Gruppenbild-3-Foto-Werbegams-LR.jpg\",\"contentUrl\":\"https:\/\/www.skimo.at\/sportler\/files\/2013\/02\/Relay-Pelvoux-2012-Gruppenbild-3-Foto-Werbegams-LR.jpg\",\"width\":1800,\"height\":1200,\"caption\":\"Bild Werbegams\"},{\"@type\":\"WebPage\",\"@id\":\"https:\/\/www.skimo.at\/sportler\/716\/weltmeisterschaft-wettkampf-skibergsteigen-2013-lets-go\/#webpage\",\"url\":\"https:\/\/www.skimo.at\/sportler\/716\/weltmeisterschaft-wettkampf-skibergsteigen-2013-lets-go\/\",\"name\":\"Weltmeisterschaft Wettkampf-Skibergsteigen 2013: let's go! - Sportler\",\"isPartOf\":{\"@id\":\"https:\/\/skimo.73.jarolim.eu\/sportler\/#website\"},\"primaryImageOfPage\":{\"@id\":\"https:\/\/www.skimo.at\/sportler\/716\/weltmeisterschaft-wettkampf-skibergsteigen-2013-lets-go\/#primaryimage\"},\"datePublished\":\"2013-02-08T11:06:46+00:00\",\"dateModified\":\"2021-01-05T15:11:02+00:00\",\"author\":{\"@id\":\"https:\/\/skimo.73.jarolim.eu\/sportler\/#\/schema\/person\/89e18f4c3d09b5434dbc2dc0cefbcd30\"},\"breadcrumb\":{\"@id\":\"https:\/\/www.skimo.at\/sportler\/716\/weltmeisterschaft-wettkampf-skibergsteigen-2013-lets-go\/#breadcrumb\"},\"inLanguage\":\"de\",\"potentialAction\":[{\"@type\":\"ReadAction\",\"target\":[\"https:\/\/www.skimo.at\/sportler\/716\/weltmeisterschaft-wettkampf-skibergsteigen-2013-lets-go\/\"]}]},{\"@type\":\"BreadcrumbList\",\"@id\":\"https:\/\/www.skimo.at\/sportler\/716\/weltmeisterschaft-wettkampf-skibergsteigen-2013-lets-go\/#breadcrumb\",\"itemListElement\":[{\"@type\":\"ListItem\",\"position\":1,\"item\":{\"@type\":\"WebPage\",\"@id\":\"https:\/\/skimo.73.jarolim.eu\/sportler\/\",\"url\":\"https:\/\/skimo.73.jarolim.eu\/sportler\/\",\"name\":\"Home\"}},{\"@type\":\"ListItem\",\"position\":2,\"item\":{\"@id\":\"https:\/\/www.skimo.at\/sportler\/716\/weltmeisterschaft-wettkampf-skibergsteigen-2013-lets-go\/#webpage\"}}]},{\"@type\":\"Person\",\"@id\":\"https:\/\/skimo.73.jarolim.eu\/sportler\/#\/schema\/person\/89e18f4c3d09b5434dbc2dc0cefbcd30\",\"name\":\"aspielbuechler\",\"image\":{\"@type\":\"ImageObject\",\"@id\":\"https:\/\/skimo.73.jarolim.eu\/sportler\/#personlogo\",\"inLanguage\":\"de\",\"url\":\"https:\/\/secure.gravatar.com\/avatar\/1220d25619b41a33e4710c8b968dc56e?s=96&r=g\",\"contentUrl\":\"https:\/\/secure.gravatar.com\/avatar\/1220d25619b41a33e4710c8b968dc56e?s=96&r=g\",\"caption\":\"aspielbuechler\"},\"url\":\"https:\/\/www.skimo.at\/sportler\/author\/aspielbuechler\/\"}]}<\/script>\n<!-- \/ Yoast SEO plugin. -->","_links":{"self":[{"href":"https:\/\/www.skimo.at\/sportler\/wp-json\/wp\/v2\/posts\/716"}],"collection":[{"href":"https:\/\/www.skimo.at\/sportler\/wp-json\/wp\/v2\/posts"}],"about":[{"href":"https:\/\/www.skimo.at\/sportler\/wp-json\/wp\/v2\/types\/post"}],"author":[{"embeddable":true,"href":"https:\/\/www.skimo.at\/sportler\/wp-json\/wp\/v2\/users\/4"}],"replies":[{"embeddable":true,"href":"https:\/\/www.skimo.at\/sportler\/wp-json\/wp\/v2\/comments?post=716"}],"version-history":[{"count":4,"href":"https:\/\/www.skimo.at\/sportler\/wp-json\/wp\/v2\/posts\/716\/revisions"}],"predecessor-version":[{"id":15584,"href":"https:\/\/www.skimo.at\/sportler\/wp-json\/wp\/v2\/posts\/716\/revisions\/15584"}],"wp:featuredmedia":[{"embeddable":true,"href":"https:\/\/www.skimo.at\/sportler\/wp-json\/wp\/v2\/media\/726"}],"wp:attachment":[{"href":"https:\/\/www.skimo.at\/sportler\/wp-json\/wp\/v2\/media?parent=716"}],"wp:term":[{"taxonomy":"category","embeddable":true,"href":"https:\/\/www.skimo.at\/sportler\/wp-json\/wp\/v2\/categories?post=716"},{"taxonomy":"post_tag","embeddable":true,"href":"https:\/\/www.skimo.at\/sportler\/wp-json\/wp\/v2\/tags?post=716"}],"curies":[{"name":"wp","href":"https:\/\/api.w.org\/{rel}","templated":true}]}}