{"id":695,"date":"2013-01-26T21:08:21","date_gmt":"2013-01-26T19:08:21","guid":{"rendered":"http:\/\/www.skimo.at\/sportler\/?p=695"},"modified":"2013-01-27T18:34:39","modified_gmt":"2013-01-27T16:34:39","slug":"weltcup-alpiniski-sui-tag-3-das-individual-und-nachtraglich-kam-eine-topten-platzierung-im-gestrigen-sprint-zum-vorschein","status":"publish","type":"post","link":"https:\/\/www.skimo.at\/sportler\/695\/weltcup-alpiniski-sui-tag-3-das-individual-und-nachtraglich-kam-eine-topten-platzierung-im-gestrigen-sprint-zum-vorschein\/","title":{"rendered":"Weltcup Alpiniski (SUI), Tag 3 \u2013 das Individual und nachtr\u00e4glich kam eine TopTen Platzierung im gestrigen Sprint zum \u201eVorschein\u201c"},"content":{"rendered":"<p>An und f\u00fcr sich gelten die Schweizer ja als durchaus korrekte Menschen. Die Veranstalter des Alpiniski in Martigny (SUI), Austragungsort des zweiten Weltcup Wochenendes bewiesen aber durchaus das Gegenteil. Die Streckenf\u00fchrungen waren bei beiden Bewerben mehr als perfekt, die offiziellen Ergebnislisten hingegen lie\u00dfen stundenlang auf sich warten\u2026 So kommt es auch, dass wir im Zuge des heutigen Berichts erst bekannt geben d\u00fcrfen, dass sich im gestrigen Sprint Race sogar ein TopTen Platz f\u00fcr \u00d6sterreich ausging!<\/p>\n<p>Das Sprint Race von gestern, 25.1.2013, war enorm stark besetzt, trotzdem schlugen sich unsere Athleten tapfer und zeigten ihre Z\u00e4hne. Martin Wei\u00dfkopf schaffte den Einzug ins Viertelfinale mit einem sehr starken Qualifikationsrennen und nur geringem R\u00fcckstand auf den Sieger der Qualifikationsrunde. Aber dann war f\u00fcr ihn leider Endstation, die Konkurrenz in seiner Gruppe war zu stark, den Einzug in die n\u00e4chste Runde verpasste er knapp. W\u00e4re er zu diesem Zeitpunkt um einen Rang besser platziert gewesen, so h\u00e4tte er mit Hilfe der \u201eLucky Looser\u201c Regel auch noch einen Sprung nach vorne schaffen k\u00f6nnen. Durch die fehlende Ergebnisliste wussten nicht einmal Athleten und Trainer vor Ort von den genauen Endergebnissen. Da es sich bei den Sprint Bewerben um deratrt schnelle Rennen mit stets sehr geringen Zeitunterschieden handelt, h\u00e4tte Martin Wei\u00dfkopf in einer Bandbreite von 15. bis 30. Position zu finden sein k\u00f6nnen. Umso gr\u00f6\u00dfer war die Freude nach dem heuteigen analysieren der Ergebnisse: es ging sich f\u00fcr ihn ein 7. Rang in der Espoir Klasse aus (von 17 gewerteten Espoirs), das bedeutete den 18. Platz in der Gesamtwertung. Insgesamt waren 48 Herren am Start, ein sehr gro\u00dfes und vor allem qualitativ sehr hochwertiges Starterfeld f\u00fcr einen Sprint Bewerb.\u00a0Weniger rund lief es punkto Platzierung f\u00fcr den 17-j\u00e4hrigen Clemens Steinberger: es war sein erster Einsatz bei einem Sprintbewerb mit internationalen Konkurrenten. \u201eSein Rennen hat optisch sehr gut ausgeschaut, der Zeitr\u00fcckstand war allerdings dann doch sehr gro\u00df, sodass er sich weit hinten an 24. Stelle von den insgesamt nur 25 Teilnehmern der Juniorenklasse einreihen musste\u201c, so Trainer Alex Lugger nach dem Rennen. In der Junioren Klasse siegte einmal mehr \u00fcberragend Anton Palzer, Spitzenathlet aus dem benachbarten Bayern. Bei den Herren Senior ging der Sieg an den Schweizer Marcel Marti vor Robert Antonioli (ITA) und Theux Marcel (SUI). Ein souver\u00e4nes Rennen lief Sprint Europameister Sepp Rottmoser (GER), er beendete als 3. in der Espoir Klasse den Bewerb.\u00a0Bei den Damen Senior gewann die Franz\u00f6sin Laetitia Roux vor den beiden Schweizerinnen Mathys Maude und Emilie Gex-Fabry.<\/p>\n<p>Hauptaugenmerk h\u00e4tten die \u00d6sterreicher eigentlich auf das heutige Individual Race gelegt. Lag gestern noch Nebel \u00fcber der Strecke des Sprintbewerbes und machte die Temperaturen feucht und unangenehm k\u00fchl, so starteten die Athleten heute bei strahlendem Sonnenschein das Rennen. Was auch gut war bei der sehr interessanten und schwierigen Strecke. Einem kurzen Anstieg und einer kurzen Abfahrt folgte eine lange Passage bergauf mit den Ski, gefolgt von einer steilen und langen Tragepassage, unser Fotograf Stephan Mantler bezog hier Position und l\u00e4sst auf seinen Bildern deutlich den exponierten Streckenteil erkennen. Nach der Wechselzone folgte ein Abstieg am Seil, bevor es die steile Rinne auf den Skiern in rasanter Fahrt bergab ging. Klingt recht extrem, war aber dank perfekter Pulverschnee Bedingungen recht gut zu fahren. Normalerweise k\u00f6nnen unsere Athleten hier ihre alpinistischen F\u00e4higkeiten gut ausspielen, heute jedoch ging der Plan nicht so richtig auf. Bei einem sehr langen und hochalpinen Rennen schaffte es Martin Wei\u00dfkopf sich diesmal nur in der hinteren H\u00e4lfte zu positionieren, mit dem 34. Gesamtrang von 51 Teilnehmern (12. Rang Espoir Klasse von 17 gewerteten) beendete er unzufrieden das Rennen. \u00c4hnlich ging es Clemens Steinberger, mehr als ein 21 Rang bei 23 Teilnehmern ging sich f\u00fcr ihn nicht aus, den Sieg in der Junioren Klasse schnappte sich erneut Toni Palzer (GER). Im Individual Race ungeschlagen beendete Laetitia Roux (FRA) bei den Damen erneut als Gewinnerin das Rennen, sowie Kilian Jornet (ESP) bei den Herren. \u201eDie Bedingungen im heutigen Rennen w\u00e4ren optimal gewesen, zwar sehr steile und schwierige Passagen, aber durch perfekte Schneeverh\u00e4ltnisse gut begeh- und befahrbar. Leider haben die beiden Athleten ihre Leistung nicht richtig umsetzen k\u00f6nnen. Martin Wei\u00dfkopf lag deutlich unter den Erwartungen. Bleibt nur zu hoffen, dass unsere Mannschaftsmitglieder bis zur Weltmeisterschaft ihren Turbo noch z\u00fcnden k\u00f6nnen\u201c, so Alex Luggers Res\u00fcmee auf den heutigen Wettkampftag.<\/p>\n<p>&nbsp;<\/p>\n<p>Deutlich zufriedener zeigt sich Sieger Kilian Jornet, klar, der darf immerhin diesmal nach seinem Triumph beim Vertical Race vor zwei Wochen erneut an der obersten Stufe des Siegerpodest stehen: \u201eEs war ein Rennen ohne Probleme vom Start bis ins Ziel. Die schwierige Streckenf\u00fchrung hat mir sehr gefallen, vor allem der Aufstieg war perfekt f\u00fcr mich, das Rennen hat die Bezeichnung \u201eSkimountaineering\u201c wirklich verdient. Nachdem ich mich in der letzten Woche nicht so gut gef\u00fchlt habe und sehr m\u00fcde war, ist es mir heute nach einer kurzen Ruhepause in den letzten Tagen voll aufgegangen. Ich bin \u00fcbergl\u00fccklich!\u201c<\/p>\n<p>Hier noch die wichtigsten Ergebnisse des heutigen Tages:<\/p>\n<p>1.Kilian Jornet Burgada (ESP)<\/p>\n<p>2.Matheo Jacquemoud (FRA)<\/p>\n<p>3.Matteo Eydallin (ITA)<\/p>\n<p>&nbsp;<\/p>\n<p>1.Laetitia Roux (FRA)<\/p>\n<p>2. Mireia Miro Varela (ESP)<\/p>\n<p>3.Maude Mathys (SUI)<\/p>\n<p>&nbsp;<\/p>\n<p>Genauere Ergebnisse vorerst einmal auf\u00a0<a href=\"http:\/\/www.ismf-ski.org\/\" target=\"_blank\">http:\/\/www.ismf-ski.org\/<\/a><\/p>\n<p>Das Alpiniski in Martigny (SUI) war das letzte Weltcup Rennen vor dem heurigen Saisonh\u00f6hepunkt, der Weltmeisterschaft in Pelvoux (FRA). In den kommenden Tagen wird es die Aufgabe von Trainer Lugger sein, die Mannschaft f\u00fcr den internationalen Gro\u00dfevent zu formieren und das wird wahrlich keine leichte Aufgabe werden. .<\/p>\n<p>&nbsp;<\/p>\n<p>&nbsp;<\/p>\n<p>&nbsp;<\/p>\n","protected":false},"excerpt":{"rendered":"<p>An und f\u00fcr sich gelten die Schweizer ja als durchaus korrekte Menschen. Die Veranstalter des Alpiniski in Martigny (SUI), Austragungsort des zweiten Weltcup Wochenendes bewiesen aber durchaus das Gegenteil. Die Streckenf\u00fchrungen waren bei beiden Bewerben mehr als perfekt, die offiziellen Ergebnislisten hingegen lie\u00dfen stundenlang auf sich warten\u2026 So kommt es auch, dass wir im Zuge [&hellip;]<\/p>\n","protected":false},"author":4,"featured_media":701,"comment_status":"closed","ping_status":"closed","sticky":false,"template":"","format":"standard","meta":[],"categories":[1,11,3,7],"tags":[],"yoast_head":"<!-- This site is optimized with the Yoast SEO plugin v16.3 - https:\/\/yoast.com\/wordpress\/plugins\/seo\/ -->\n<title>Weltcup Alpiniski (SUI), Tag 3 \u2013 das Individual und nachtr\u00e4glich kam eine TopTen Platzierung im gestrigen Sprint zum \u201eVorschein\u201c - Sportler<\/title>\n<meta name=\"robots\" content=\"index, follow, max-snippet:-1, max-image-preview:large, max-video-preview:-1\" \/>\n<link rel=\"canonical\" href=\"https:\/\/www.skimo.at\/sportler\/695\/weltcup-alpiniski-sui-tag-3-das-individual-und-nachtraglich-kam-eine-topten-platzierung-im-gestrigen-sprint-zum-vorschein\/\" \/>\n<meta property=\"og:locale\" content=\"de_DE\" \/>\n<meta property=\"og:type\" content=\"article\" \/>\n<meta property=\"og:title\" content=\"Weltcup Alpiniski (SUI), Tag 3 \u2013 das Individual und nachtr\u00e4glich kam eine TopTen Platzierung im gestrigen Sprint zum \u201eVorschein\u201c - Sportler\" \/>\n<meta property=\"og:description\" content=\"An und f\u00fcr sich gelten die Schweizer ja als durchaus korrekte Menschen. Die Veranstalter des Alpiniski in Martigny (SUI), Austragungsort des zweiten Weltcup Wochenendes bewiesen aber durchaus das Gegenteil. Die Streckenf\u00fchrungen waren bei beiden Bewerben mehr als perfekt, die offiziellen Ergebnislisten hingegen lie\u00dfen stundenlang auf sich warten\u2026 So kommt es auch, dass wir im Zuge [&hellip;]\" \/>\n<meta property=\"og:url\" content=\"https:\/\/www.skimo.at\/sportler\/695\/weltcup-alpiniski-sui-tag-3-das-individual-und-nachtraglich-kam-eine-topten-platzierung-im-gestrigen-sprint-zum-vorschein\/\" \/>\n<meta property=\"og:site_name\" content=\"Sportler\" \/>\n<meta property=\"article:published_time\" content=\"2013-01-26T19:08:21+00:00\" \/>\n<meta property=\"article:modified_time\" content=\"2013-01-27T16:34:39+00:00\" \/>\n<meta property=\"og:image\" content=\"https:\/\/skimo.73.jarolim.eu\/sportler\/files\/2013\/01\/Alpiniski-Individual-_-Martin-Weisskopf-01-_-Bild-Stephan-Mantler-_-LR.jpg\" \/>\n\t<meta property=\"og:image:width\" content=\"2000\" \/>\n\t<meta property=\"og:image:height\" content=\"1328\" \/>\n<meta name=\"twitter:card\" content=\"summary\" \/>\n<meta name=\"twitter:label1\" content=\"Gesch\u00e4tzte Lesezeit\">\n\t<meta name=\"twitter:data1\" content=\"5\u00a0Minuten\">\n<script type=\"application\/ld+json\" class=\"yoast-schema-graph\">{\"@context\":\"https:\/\/schema.org\",\"@graph\":[{\"@type\":\"WebSite\",\"@id\":\"https:\/\/skimo.73.jarolim.eu\/sportler\/#website\",\"url\":\"https:\/\/skimo.73.jarolim.eu\/sportler\/\",\"name\":\"Sportler\",\"description\":\"\",\"potentialAction\":[{\"@type\":\"SearchAction\",\"target\":\"https:\/\/skimo.73.jarolim.eu\/sportler\/?s={search_term_string}\",\"query-input\":\"required name=search_term_string\"}],\"inLanguage\":\"de\"},{\"@type\":\"ImageObject\",\"@id\":\"https:\/\/www.skimo.at\/sportler\/695\/weltcup-alpiniski-sui-tag-3-das-individual-und-nachtraglich-kam-eine-topten-platzierung-im-gestrigen-sprint-zum-vorschein\/#primaryimage\",\"inLanguage\":\"de\",\"url\":\"https:\/\/www.skimo.at\/sportler\/files\/2013\/01\/Alpiniski-Individual-_-Martin-Weisskopf-01-_-Bild-Stephan-Mantler-_-LR.jpg\",\"contentUrl\":\"https:\/\/www.skimo.at\/sportler\/files\/2013\/01\/Alpiniski-Individual-_-Martin-Weisskopf-01-_-Bild-Stephan-Mantler-_-LR.jpg\",\"width\":2000,\"height\":1328,\"caption\":\"Bild Stephan Mantler\"},{\"@type\":\"WebPage\",\"@id\":\"https:\/\/www.skimo.at\/sportler\/695\/weltcup-alpiniski-sui-tag-3-das-individual-und-nachtraglich-kam-eine-topten-platzierung-im-gestrigen-sprint-zum-vorschein\/#webpage\",\"url\":\"https:\/\/www.skimo.at\/sportler\/695\/weltcup-alpiniski-sui-tag-3-das-individual-und-nachtraglich-kam-eine-topten-platzierung-im-gestrigen-sprint-zum-vorschein\/\",\"name\":\"Weltcup Alpiniski (SUI), Tag 3 \\u2013 das Individual und nachtr\\u00e4glich kam eine TopTen Platzierung im gestrigen Sprint zum \\u201eVorschein\\u201c - Sportler\",\"isPartOf\":{\"@id\":\"https:\/\/skimo.73.jarolim.eu\/sportler\/#website\"},\"primaryImageOfPage\":{\"@id\":\"https:\/\/www.skimo.at\/sportler\/695\/weltcup-alpiniski-sui-tag-3-das-individual-und-nachtraglich-kam-eine-topten-platzierung-im-gestrigen-sprint-zum-vorschein\/#primaryimage\"},\"datePublished\":\"2013-01-26T19:08:21+00:00\",\"dateModified\":\"2013-01-27T16:34:39+00:00\",\"author\":{\"@id\":\"https:\/\/skimo.73.jarolim.eu\/sportler\/#\/schema\/person\/89e18f4c3d09b5434dbc2dc0cefbcd30\"},\"breadcrumb\":{\"@id\":\"https:\/\/www.skimo.at\/sportler\/695\/weltcup-alpiniski-sui-tag-3-das-individual-und-nachtraglich-kam-eine-topten-platzierung-im-gestrigen-sprint-zum-vorschein\/#breadcrumb\"},\"inLanguage\":\"de\",\"potentialAction\":[{\"@type\":\"ReadAction\",\"target\":[\"https:\/\/www.skimo.at\/sportler\/695\/weltcup-alpiniski-sui-tag-3-das-individual-und-nachtraglich-kam-eine-topten-platzierung-im-gestrigen-sprint-zum-vorschein\/\"]}]},{\"@type\":\"BreadcrumbList\",\"@id\":\"https:\/\/www.skimo.at\/sportler\/695\/weltcup-alpiniski-sui-tag-3-das-individual-und-nachtraglich-kam-eine-topten-platzierung-im-gestrigen-sprint-zum-vorschein\/#breadcrumb\",\"itemListElement\":[{\"@type\":\"ListItem\",\"position\":1,\"item\":{\"@type\":\"WebPage\",\"@id\":\"https:\/\/skimo.73.jarolim.eu\/sportler\/\",\"url\":\"https:\/\/skimo.73.jarolim.eu\/sportler\/\",\"name\":\"Home\"}},{\"@type\":\"ListItem\",\"position\":2,\"item\":{\"@id\":\"https:\/\/www.skimo.at\/sportler\/695\/weltcup-alpiniski-sui-tag-3-das-individual-und-nachtraglich-kam-eine-topten-platzierung-im-gestrigen-sprint-zum-vorschein\/#webpage\"}}]},{\"@type\":\"Person\",\"@id\":\"https:\/\/skimo.73.jarolim.eu\/sportler\/#\/schema\/person\/89e18f4c3d09b5434dbc2dc0cefbcd30\",\"name\":\"aspielbuechler\",\"image\":{\"@type\":\"ImageObject\",\"@id\":\"https:\/\/skimo.73.jarolim.eu\/sportler\/#personlogo\",\"inLanguage\":\"de\",\"url\":\"https:\/\/secure.gravatar.com\/avatar\/1220d25619b41a33e4710c8b968dc56e?s=96&r=g\",\"contentUrl\":\"https:\/\/secure.gravatar.com\/avatar\/1220d25619b41a33e4710c8b968dc56e?s=96&r=g\",\"caption\":\"aspielbuechler\"},\"url\":\"https:\/\/www.skimo.at\/sportler\/author\/aspielbuechler\/\"}]}<\/script>\n<!-- \/ Yoast SEO plugin. -->","_links":{"self":[{"href":"https:\/\/www.skimo.at\/sportler\/wp-json\/wp\/v2\/posts\/695"}],"collection":[{"href":"https:\/\/www.skimo.at\/sportler\/wp-json\/wp\/v2\/posts"}],"about":[{"href":"https:\/\/www.skimo.at\/sportler\/wp-json\/wp\/v2\/types\/post"}],"author":[{"embeddable":true,"href":"https:\/\/www.skimo.at\/sportler\/wp-json\/wp\/v2\/users\/4"}],"replies":[{"embeddable":true,"href":"https:\/\/www.skimo.at\/sportler\/wp-json\/wp\/v2\/comments?post=695"}],"version-history":[{"count":9,"href":"https:\/\/www.skimo.at\/sportler\/wp-json\/wp\/v2\/posts\/695\/revisions"}],"predecessor-version":[{"id":704,"href":"https:\/\/www.skimo.at\/sportler\/wp-json\/wp\/v2\/posts\/695\/revisions\/704"}],"wp:featuredmedia":[{"embeddable":true,"href":"https:\/\/www.skimo.at\/sportler\/wp-json\/wp\/v2\/media\/701"}],"wp:attachment":[{"href":"https:\/\/www.skimo.at\/sportler\/wp-json\/wp\/v2\/media?parent=695"}],"wp:term":[{"taxonomy":"category","embeddable":true,"href":"https:\/\/www.skimo.at\/sportler\/wp-json\/wp\/v2\/categories?post=695"},{"taxonomy":"post_tag","embeddable":true,"href":"https:\/\/www.skimo.at\/sportler\/wp-json\/wp\/v2\/tags?post=695"}],"curies":[{"name":"wp","href":"https:\/\/api.w.org\/{rel}","templated":true}]}}