{"id":679,"date":"2013-01-26T12:11:19","date_gmt":"2013-01-26T10:11:19","guid":{"rendered":"http:\/\/www.skimo.at\/sportler\/?p=679"},"modified":"2013-01-26T12:19:47","modified_gmt":"2013-01-26T10:19:47","slug":"weltcup-alpiniski-sui-tag-2-der-sprint","status":"publish","type":"post","link":"https:\/\/www.skimo.at\/sportler\/679\/weltcup-alpiniski-sui-tag-2-der-sprint\/","title":{"rendered":"Weltcup Alpiniski (SUI), Tag 2 \u2013 der Sprint"},"content":{"rendered":"<p>Ein Lob an unsere Rennveranstalter und Zeitnehmer in \u00d6sterreich, wie schnell stets die Ergebnisse geliefert werden, denn: vom Weltcup Alpiniski in Martigny (SUI), gibt es heute noch keine offizielle Ergebnisliste vom gestrigen Sprint. Daher m\u00f6chten wir einfach mal ein paar Bilder online stellen und die wichtigsten Infos, die fix sind pr\u00e4sentieren:<\/p>\n<h3>Senior m\u00e4nnlich:<\/h3>\n<p>1. Marti Marcel (SUI)<\/p>\n<p>2. Robert Antonioli (ITA)<\/p>\n<p>3. Theux Marcel (SUI)<\/p>\n<h3>Senior weiblich:<\/h3>\n<p>1. Laetitia Roux (FRA)<\/p>\n<p>2. Mathys Maude (SUI)<\/p>\n<p>3. Emilie Gex-Fabry (SUI)<\/p>\n<p>&nbsp;<\/p>\n<p>Die Klasse Junior m\u00e4nnlich gewann Toni Palzer (GER).<\/p>\n<p>Keine fixen Ergebnisse haben wir leider zu den zwei gestarteten \u00d6sterreichern Martin Wei\u00dfkopf und Clemens Steinberger. Martin Wei\u00dfkopf war jedenfalls im Vorlauf sehr stark unterwegs und hatte als 19. nur 13 sec. R\u00fcckstand auf den Prologsieger. Im 1\/4\u00a0 finale wurden ihm sehr starke Gegner ausgelost, allen voran Sepp Rottmoser, er konnte dort auch sehr gut mithalten und kam mit nur geringem R\u00fcckstand als f\u00fcnfter von den sechs ins Ziel. Das sind die beobachteten Ergebnisse von Trainer Alex Lugger, Endresultate folgen noch, sobald vorhanden.<\/p>\n<p>F\u00fcr Clemens Steinberger war das der erster Sprint seiner Karriere. er sah im Prolog optisch recht gut aus. Der R\u00fcckstand war allerdings sehr gro\u00df und er konnte sich nur im hinteren Bereich einreihen.<\/p>\n","protected":false},"excerpt":{"rendered":"<p>Ein Lob an unsere Rennveranstalter und Zeitnehmer in \u00d6sterreich, wie schnell stets die Ergebnisse geliefert werden, denn: vom Weltcup Alpiniski in Martigny (SUI), gibt es heute noch keine offizielle Ergebnisliste vom gestrigen Sprint. Daher m\u00f6chten wir einfach mal ein paar Bilder online stellen und die wichtigsten Infos, die fix sind pr\u00e4sentieren: Senior m\u00e4nnlich: 1. Marti [&hellip;]<\/p>\n","protected":false},"author":4,"featured_media":680,"comment_status":"closed","ping_status":"closed","sticky":false,"template":"","format":"standard","meta":[],"categories":[1,3],"tags":[12],"yoast_head":"<!-- This site is optimized with the Yoast SEO plugin v16.3 - https:\/\/yoast.com\/wordpress\/plugins\/seo\/ -->\n<title>Weltcup Alpiniski (SUI), Tag 2 \u2013 der Sprint - Sportler<\/title>\n<meta name=\"robots\" content=\"index, follow, max-snippet:-1, max-image-preview:large, max-video-preview:-1\" \/>\n<link rel=\"canonical\" href=\"https:\/\/www.skimo.at\/sportler\/679\/weltcup-alpiniski-sui-tag-2-der-sprint\/\" \/>\n<meta property=\"og:locale\" content=\"de_DE\" \/>\n<meta property=\"og:type\" content=\"article\" \/>\n<meta property=\"og:title\" content=\"Weltcup Alpiniski (SUI), Tag 2 \u2013 der Sprint - Sportler\" \/>\n<meta property=\"og:description\" content=\"Ein Lob an unsere Rennveranstalter und Zeitnehmer in \u00d6sterreich, wie schnell stets die Ergebnisse geliefert werden, denn: vom Weltcup Alpiniski in Martigny (SUI), gibt es heute noch keine offizielle Ergebnisliste vom gestrigen Sprint. Daher m\u00f6chten wir einfach mal ein paar Bilder online stellen und die wichtigsten Infos, die fix sind pr\u00e4sentieren: Senior m\u00e4nnlich: 1. Marti [&hellip;]\" \/>\n<meta property=\"og:url\" content=\"https:\/\/www.skimo.at\/sportler\/679\/weltcup-alpiniski-sui-tag-2-der-sprint\/\" \/>\n<meta property=\"og:site_name\" content=\"Sportler\" \/>\n<meta property=\"article:published_time\" content=\"2013-01-26T10:11:19+00:00\" \/>\n<meta property=\"article:modified_time\" content=\"2013-01-26T10:19:47+00:00\" \/>\n<meta property=\"og:image\" content=\"https:\/\/skimo.73.jarolim.eu\/sportler\/files\/2013\/01\/Alpiniski-Sprint-_-Oesterreichisches-Nationalteam-Skibergsteigen-_-Bild-Stephan-Mantler-_-LR.jpg\" \/>\n\t<meta property=\"og:image:width\" content=\"2000\" \/>\n\t<meta property=\"og:image:height\" content=\"1331\" \/>\n<meta name=\"twitter:card\" content=\"summary\" \/>\n<meta name=\"twitter:label1\" content=\"Gesch\u00e4tzte Lesezeit\">\n\t<meta name=\"twitter:data1\" content=\"1\u00a0Minute\">\n<script type=\"application\/ld+json\" class=\"yoast-schema-graph\">{\"@context\":\"https:\/\/schema.org\",\"@graph\":[{\"@type\":\"WebSite\",\"@id\":\"https:\/\/skimo.73.jarolim.eu\/sportler\/#website\",\"url\":\"https:\/\/skimo.73.jarolim.eu\/sportler\/\",\"name\":\"Sportler\",\"description\":\"\",\"potentialAction\":[{\"@type\":\"SearchAction\",\"target\":\"https:\/\/skimo.73.jarolim.eu\/sportler\/?s={search_term_string}\",\"query-input\":\"required name=search_term_string\"}],\"inLanguage\":\"de\"},{\"@type\":\"ImageObject\",\"@id\":\"https:\/\/www.skimo.at\/sportler\/679\/weltcup-alpiniski-sui-tag-2-der-sprint\/#primaryimage\",\"inLanguage\":\"de\",\"url\":\"https:\/\/www.skimo.at\/sportler\/files\/2013\/01\/Alpiniski-Sprint-_-Oesterreichisches-Nationalteam-Skibergsteigen-_-Bild-Stephan-Mantler-_-LR.jpg\",\"contentUrl\":\"https:\/\/www.skimo.at\/sportler\/files\/2013\/01\/Alpiniski-Sprint-_-Oesterreichisches-Nationalteam-Skibergsteigen-_-Bild-Stephan-Mantler-_-LR.jpg\",\"width\":2000,\"height\":1331,\"caption\":\"Bild Stephan Mantler\"},{\"@type\":\"WebPage\",\"@id\":\"https:\/\/www.skimo.at\/sportler\/679\/weltcup-alpiniski-sui-tag-2-der-sprint\/#webpage\",\"url\":\"https:\/\/www.skimo.at\/sportler\/679\/weltcup-alpiniski-sui-tag-2-der-sprint\/\",\"name\":\"Weltcup Alpiniski (SUI), Tag 2 \\u2013 der Sprint - Sportler\",\"isPartOf\":{\"@id\":\"https:\/\/skimo.73.jarolim.eu\/sportler\/#website\"},\"primaryImageOfPage\":{\"@id\":\"https:\/\/www.skimo.at\/sportler\/679\/weltcup-alpiniski-sui-tag-2-der-sprint\/#primaryimage\"},\"datePublished\":\"2013-01-26T10:11:19+00:00\",\"dateModified\":\"2013-01-26T10:19:47+00:00\",\"author\":{\"@id\":\"https:\/\/skimo.73.jarolim.eu\/sportler\/#\/schema\/person\/89e18f4c3d09b5434dbc2dc0cefbcd30\"},\"breadcrumb\":{\"@id\":\"https:\/\/www.skimo.at\/sportler\/679\/weltcup-alpiniski-sui-tag-2-der-sprint\/#breadcrumb\"},\"inLanguage\":\"de\",\"potentialAction\":[{\"@type\":\"ReadAction\",\"target\":[\"https:\/\/www.skimo.at\/sportler\/679\/weltcup-alpiniski-sui-tag-2-der-sprint\/\"]}]},{\"@type\":\"BreadcrumbList\",\"@id\":\"https:\/\/www.skimo.at\/sportler\/679\/weltcup-alpiniski-sui-tag-2-der-sprint\/#breadcrumb\",\"itemListElement\":[{\"@type\":\"ListItem\",\"position\":1,\"item\":{\"@type\":\"WebPage\",\"@id\":\"https:\/\/skimo.73.jarolim.eu\/sportler\/\",\"url\":\"https:\/\/skimo.73.jarolim.eu\/sportler\/\",\"name\":\"Home\"}},{\"@type\":\"ListItem\",\"position\":2,\"item\":{\"@id\":\"https:\/\/www.skimo.at\/sportler\/679\/weltcup-alpiniski-sui-tag-2-der-sprint\/#webpage\"}}]},{\"@type\":\"Person\",\"@id\":\"https:\/\/skimo.73.jarolim.eu\/sportler\/#\/schema\/person\/89e18f4c3d09b5434dbc2dc0cefbcd30\",\"name\":\"aspielbuechler\",\"image\":{\"@type\":\"ImageObject\",\"@id\":\"https:\/\/skimo.73.jarolim.eu\/sportler\/#personlogo\",\"inLanguage\":\"de\",\"url\":\"https:\/\/secure.gravatar.com\/avatar\/1220d25619b41a33e4710c8b968dc56e?s=96&r=g\",\"contentUrl\":\"https:\/\/secure.gravatar.com\/avatar\/1220d25619b41a33e4710c8b968dc56e?s=96&r=g\",\"caption\":\"aspielbuechler\"},\"url\":\"https:\/\/www.skimo.at\/sportler\/author\/aspielbuechler\/\"}]}<\/script>\n<!-- \/ Yoast SEO plugin. -->","_links":{"self":[{"href":"https:\/\/www.skimo.at\/sportler\/wp-json\/wp\/v2\/posts\/679"}],"collection":[{"href":"https:\/\/www.skimo.at\/sportler\/wp-json\/wp\/v2\/posts"}],"about":[{"href":"https:\/\/www.skimo.at\/sportler\/wp-json\/wp\/v2\/types\/post"}],"author":[{"embeddable":true,"href":"https:\/\/www.skimo.at\/sportler\/wp-json\/wp\/v2\/users\/4"}],"replies":[{"embeddable":true,"href":"https:\/\/www.skimo.at\/sportler\/wp-json\/wp\/v2\/comments?post=679"}],"version-history":[{"count":12,"href":"https:\/\/www.skimo.at\/sportler\/wp-json\/wp\/v2\/posts\/679\/revisions"}],"predecessor-version":[{"id":687,"href":"https:\/\/www.skimo.at\/sportler\/wp-json\/wp\/v2\/posts\/679\/revisions\/687"}],"wp:featuredmedia":[{"embeddable":true,"href":"https:\/\/www.skimo.at\/sportler\/wp-json\/wp\/v2\/media\/680"}],"wp:attachment":[{"href":"https:\/\/www.skimo.at\/sportler\/wp-json\/wp\/v2\/media?parent=679"}],"wp:term":[{"taxonomy":"category","embeddable":true,"href":"https:\/\/www.skimo.at\/sportler\/wp-json\/wp\/v2\/categories?post=679"},{"taxonomy":"post_tag","embeddable":true,"href":"https:\/\/www.skimo.at\/sportler\/wp-json\/wp\/v2\/tags?post=679"}],"curies":[{"name":"wp","href":"https:\/\/api.w.org\/{rel}","templated":true}]}}