{"id":67,"date":"2012-04-15T13:48:09","date_gmt":"2012-04-15T11:48:09","guid":{"rendered":"http:\/\/www.skimo.at\/sportler\/?p=67"},"modified":"2012-11-30T00:01:52","modified_gmt":"2012-11-29T22:01:52","slug":"weltcup-tromso-tag-4-individualbewerb","status":"publish","type":"post","link":"https:\/\/www.skimo.at\/sportler\/67\/weltcup-tromso-tag-4-individualbewerb\/","title":{"rendered":"Weltcup Troms\u00f8: Tag 4, Individualbewerb"},"content":{"rendered":"<p>Vier TopTen Pl\u00e4tze im Weltcup Finale in Troms\u00f8 f\u00fcr \u00f6sterreichische Wettkampf-Skibergsteiger Nach dem gestrigen 7. Platz von Vroni Swidrak gingen sich heute die n\u00e4chsten drei TopTen Platzierungen aus: ein \u00e4u\u00dferst erfolgreiches Weltcupwochenende unserer teilnehmenden Athleten geht in Troms\u00f8 nun somit zu Ende. Nun aber zum Bericht des heutigen Tages von Anfang an.<\/p>\n<p>Nach dem gestrigen Sprint Race stand heute das Individual Race am Programm. Etwa 40 Minuten Fahrt von Troms\u00f8 entfernt legte das Organisationsteam eine sehr alpine Strecke mit drei Tragepassagen an, die Herren Senior hatten 1.800 H\u00f6henmeter zu bew\u00e4ltigen, die Damen Senior 1.400 H\u00f6henmeter. Das Highlight war nat\u00fcrlich die Abfahrt bis auf Meeresniveau &#8211; ca. 100 Meter entfernt von der K\u00fcste des Fjordes entfernt lag das Ziel auf nur rund 5 Metern H\u00f6he. Ein Erlebnis f\u00fcr sich und nach dem Rennen am \u00c4tna mit Blick auf das Mittelmeer sicher eines der interessantesten Weltcup Rennen dieser Saison. Sind die Berge oben zwar frei, so ist die letzten H\u00f6henmeter hinab in Richtung K\u00fcste des Atlantiks normalerweise dichter Birkenwald zu finden, ein ordentlicher Slalom durch den Wald geh\u00f6rt so nach jeder Skitour in dieser typischen K\u00fcstenregion hoch im Norden \u00fcber dem Polarkreis zum fixen Bestandteil einer jeden Skitour. Nicht so bei diesem Weltcup Rennen: Die Organisatoren schlugen extra f\u00fcr die weltbesten Athleten eine Schneise in den Wald, eine rasante Abfahrt war somit m\u00f6glich. Doch trotz Ausschluss eines &#8222;Baumslaloms&#8220; waren die Bedingungen bei dieser Abfahrt nicht weniger schwierig, denn nach drei bisher recht warmen Tagen, startetet der heutige Sonntag mit Minustemperaturen am Morgen, was eine deutliche Ver\u00e4nderung der Schneesituation mit sich brachte. Die Strecke in der Schneise war vereist, der Rest der Abfahrten nahezu durchgehender Bruchharsch. Alle Athleten hatten mit den schwierigen Bedingungen zu k\u00e4mpfen.<\/p>\n<p>F\u00fcr die \u00d6sterreicher lief es am heutigen Renntag recht gut: Alexander Fasser, der sich am gestrigen Sprint Tag schonte und hier nicht teilnahm, zeigte der Konkurrenz erneut im Individual Race, dass er mit ihr locker mithalten konnte. Er beendete das stark besetzte Rennen &#8211; da es sich um das Weltcupfinale handelt &#8211; mit einem guten 9. Rang in 1:39:00,4, trotz kleinen Problemen w\u00e4hrend des Rennens (er verlor nach einem Wechsel ein Steigeisen und verbrauchte hier wertvolle Zeit). Urspr\u00fcnglich w\u00e4re er als 10. ins Ziel gekommen, insgesamt f\u00fcnf Athleten bekamen aber eine Zeitstrafe von je f\u00fcnf Minuten, da sie eine Streckenmarkierung \u00fcbersehen hatten und so bei einer Abfahrt einen anderen Weg w\u00e4hlten. Diese Strafminuten lie\u00dfen z.B. Kilian Jornet Burgada (ESP) auf den 14 Platz zur\u00fcckfallen und Fasser somit einen Rang nach vorne r\u00fccken. Aber auch ohne dieses &#8222;Vorr\u00fccken&#8220; w\u00e4re es ein TopTen Platz geworden, wahrlich ein hervorragendes Ergebnis. In der 33 Teilnehmer starken Herrenklasse entschied der Franzose William Bon Mardion in 1:32:48,6 das Rennen f\u00fcr sich, gefolgt von Yannick Ecoeur (SUI) und Martin Anthermatten (SUI). Die f\u00fcnf Strafminuten kosteten Jornet Burgada in der Individual Weltcup Gesamtwertung den Sieg, welchen nun Bon Mardion f\u00fcr sich gewinnen konnte. Den Sieg in der kombinierten Wertung (Sprint und Individual) lie\u00df er sich aber nicht nehmen.\u00a0Fasser beendete den Individual Gesamtweltcup an 10. Position, er hat sein pers\u00f6nliches Ziel, diese Saison einen TopTen zu erreichen, somit verwirklicht.<\/p>\n<p>Teilweise erfreulich lief es f\u00fcr Michaela Essl im heutigen Individual Race, sie konnte Rang 5 das ganze Rennen \u00fcber halten und auch mit diesem Platz das Ziel erreichen, war aber leider unter den f\u00fcnf Athlet\/innen, die eine Zeitstrafe kassierten, da sie bei der wirklich schlecht markierten Abfahrt eine Streckenmarkierung \u00fcbersah. Sie wurde somit um zwei Pl\u00e4tze nach hinten gereiht und es ging sich &#8222;nur&#8220; ein 7. Rang von 17 Gewerteten aus. &#8222;Bitter, da das Rennen eigentlich wirklich gut gelaufen w\u00e4re&#8220;, so Essl im Ziel. &#8222;Trotzdem bin ich sehr zufrieden mit dem Ergebnis, in dem wirklich stark besetzten Feld ist auch ein 7. Rang ein gutes Ergebnis und ich denke, ich habe die Saison somit wirklich noch gut abgeschlossen.&#8220; Entt\u00e4uscht \u00fcber die Zeitstrafe, welche so zu einer Gesamtzeit von 1:51:00 f\u00fchrte, aber ebenfalls trotzdem recht zufrieden mit der Leistung von Michi ist auch Trainer Alex Lugger: &#8222;Rechnet man die f\u00fcnf Minuten Strafe nicht ein, so h\u00e4tten Michi nur drei Minuten auf Bronze gefehlt. Sie ist heute wirklich ein sehr gutes Rennen gelaufen. Die Strecke war sehr schlecht markiert, diese Zeitstrafen haben Top Athleten den Sieg, beziehungsweise wertvolle Punkte gekostet.&#8220; Ihre Tiroler Teamkollegin Veronika Swidrak erreichte als 8. das Ziel. Bei den Damen kassierte die F\u00fchrende Laetitia Roux (FRA) ebenfalls eine Zeitstrafe und musste so den Sieg an die Spanierin Mireia Miro Varela (1:35:52) abgeben. Auf Rang 3 Gloriana Pellisser (ITA). Der Sieg in der Gesamtwertung blieb Roux trotzdem vor Miro Varela, Michi Essl kann auf einen 7. Rang in der Gesamtwertung stolz sein, bei Vroni Swidrak ging sich Rang 11. aus.<\/p>\n<p>Die Saison ist nach diesem Weltcup Wochenende in Norwegen f\u00fcr das \u00d6sterreichische Nationalteam beendet. 29 TopTen Pl\u00e4tze, davon zwei Medaillen, eine Goldene im Weltcup und eine Bronzene bei der Europameisterschaft und hier auch noch der siebte Gesamtrang: das Team um Trainer Alexander Lugger kann auf einen erfolgreichen Winter zur\u00fcckblicken. Nun geht es in die wohlverdiente Sommerpause und zu den Vorbereitungen auf die neue Saison 2012\/13, in der unsere Athleten wieder stolz die rot-wei\u00df-rote Flagge auf den internationalen Events hochhalten werden.<\/p>\n<p>Noch ein kleines Detail am Rande: ziemlich sicher wird der Weltcup auch im n\u00e4chsten Jahr wieder nach Norwegen vergeben. Wir k\u00f6nnen uns somit bereits jetzt erneut auf spannende Bewerbe und wundersch\u00f6ne Bilder von der Stadt n\u00f6rdlich des Polarkreises mit den Fjorden aus dem Atlantik freuen.<\/p>\n<p>Hier geht&#8217;s zur Ergebnisliste<\/p>\n","protected":false},"excerpt":{"rendered":"<p>Vier TopTen Pl\u00e4tze im Weltcup Finale in Troms\u00f8 f\u00fcr \u00f6sterreichische Wettkampf-Skibergsteiger Nach dem gestrigen 7. Platz von Vroni Swidrak gingen sich heute die n\u00e4chsten drei TopTen Platzierungen aus: ein \u00e4u\u00dferst erfolgreiches Weltcupwochenende unserer teilnehmenden Athleten geht in Troms\u00f8 nun somit zu Ende. Nun aber zum Bericht des heutigen Tages von Anfang an. Nach dem gestrigen [&hellip;]<\/p>\n","protected":false},"author":4,"featured_media":0,"comment_status":"closed","ping_status":"closed","sticky":false,"template":"","format":"standard","meta":[],"categories":[1],"tags":[],"yoast_head":"<!-- This site is optimized with the Yoast SEO plugin v16.3 - https:\/\/yoast.com\/wordpress\/plugins\/seo\/ -->\n<title>Weltcup Troms\u00f8: Tag 4, Individualbewerb - Sportler<\/title>\n<meta name=\"robots\" content=\"index, follow, max-snippet:-1, max-image-preview:large, max-video-preview:-1\" \/>\n<link rel=\"canonical\" href=\"https:\/\/www.skimo.at\/sportler\/67\/weltcup-tromso-tag-4-individualbewerb\/\" \/>\n<meta property=\"og:locale\" content=\"de_DE\" \/>\n<meta property=\"og:type\" content=\"article\" \/>\n<meta property=\"og:title\" content=\"Weltcup Troms\u00f8: Tag 4, Individualbewerb - Sportler\" \/>\n<meta property=\"og:description\" content=\"Vier TopTen Pl\u00e4tze im Weltcup Finale in Troms\u00f8 f\u00fcr \u00f6sterreichische Wettkampf-Skibergsteiger Nach dem gestrigen 7. Platz von Vroni Swidrak gingen sich heute die n\u00e4chsten drei TopTen Platzierungen aus: ein \u00e4u\u00dferst erfolgreiches Weltcupwochenende unserer teilnehmenden Athleten geht in Troms\u00f8 nun somit zu Ende. Nun aber zum Bericht des heutigen Tages von Anfang an. Nach dem gestrigen [&hellip;]\" \/>\n<meta property=\"og:url\" content=\"https:\/\/www.skimo.at\/sportler\/67\/weltcup-tromso-tag-4-individualbewerb\/\" \/>\n<meta property=\"og:site_name\" content=\"Sportler\" \/>\n<meta property=\"article:published_time\" content=\"2012-04-15T11:48:09+00:00\" \/>\n<meta property=\"article:modified_time\" content=\"2012-11-29T22:01:52+00:00\" \/>\n<meta name=\"twitter:card\" content=\"summary\" \/>\n<meta name=\"twitter:label1\" content=\"Gesch\u00e4tzte Lesezeit\">\n\t<meta name=\"twitter:data1\" content=\"5\u00a0Minuten\">\n<script type=\"application\/ld+json\" class=\"yoast-schema-graph\">{\"@context\":\"https:\/\/schema.org\",\"@graph\":[{\"@type\":\"WebSite\",\"@id\":\"https:\/\/skimo.73.jarolim.eu\/sportler\/#website\",\"url\":\"https:\/\/skimo.73.jarolim.eu\/sportler\/\",\"name\":\"Sportler\",\"description\":\"\",\"potentialAction\":[{\"@type\":\"SearchAction\",\"target\":\"https:\/\/skimo.73.jarolim.eu\/sportler\/?s={search_term_string}\",\"query-input\":\"required name=search_term_string\"}],\"inLanguage\":\"de\"},{\"@type\":\"WebPage\",\"@id\":\"https:\/\/www.skimo.at\/sportler\/67\/weltcup-tromso-tag-4-individualbewerb\/#webpage\",\"url\":\"https:\/\/www.skimo.at\/sportler\/67\/weltcup-tromso-tag-4-individualbewerb\/\",\"name\":\"Weltcup Troms\\u00f8: Tag 4, Individualbewerb - Sportler\",\"isPartOf\":{\"@id\":\"https:\/\/skimo.73.jarolim.eu\/sportler\/#website\"},\"datePublished\":\"2012-04-15T11:48:09+00:00\",\"dateModified\":\"2012-11-29T22:01:52+00:00\",\"author\":{\"@id\":\"https:\/\/skimo.73.jarolim.eu\/sportler\/#\/schema\/person\/89e18f4c3d09b5434dbc2dc0cefbcd30\"},\"breadcrumb\":{\"@id\":\"https:\/\/www.skimo.at\/sportler\/67\/weltcup-tromso-tag-4-individualbewerb\/#breadcrumb\"},\"inLanguage\":\"de\",\"potentialAction\":[{\"@type\":\"ReadAction\",\"target\":[\"https:\/\/www.skimo.at\/sportler\/67\/weltcup-tromso-tag-4-individualbewerb\/\"]}]},{\"@type\":\"BreadcrumbList\",\"@id\":\"https:\/\/www.skimo.at\/sportler\/67\/weltcup-tromso-tag-4-individualbewerb\/#breadcrumb\",\"itemListElement\":[{\"@type\":\"ListItem\",\"position\":1,\"item\":{\"@type\":\"WebPage\",\"@id\":\"https:\/\/skimo.73.jarolim.eu\/sportler\/\",\"url\":\"https:\/\/skimo.73.jarolim.eu\/sportler\/\",\"name\":\"Home\"}},{\"@type\":\"ListItem\",\"position\":2,\"item\":{\"@id\":\"https:\/\/www.skimo.at\/sportler\/67\/weltcup-tromso-tag-4-individualbewerb\/#webpage\"}}]},{\"@type\":\"Person\",\"@id\":\"https:\/\/skimo.73.jarolim.eu\/sportler\/#\/schema\/person\/89e18f4c3d09b5434dbc2dc0cefbcd30\",\"name\":\"aspielbuechler\",\"image\":{\"@type\":\"ImageObject\",\"@id\":\"https:\/\/skimo.73.jarolim.eu\/sportler\/#personlogo\",\"inLanguage\":\"de\",\"url\":\"https:\/\/secure.gravatar.com\/avatar\/1220d25619b41a33e4710c8b968dc56e?s=96&r=g\",\"contentUrl\":\"https:\/\/secure.gravatar.com\/avatar\/1220d25619b41a33e4710c8b968dc56e?s=96&r=g\",\"caption\":\"aspielbuechler\"},\"url\":\"https:\/\/www.skimo.at\/sportler\/author\/aspielbuechler\/\"}]}<\/script>\n<!-- \/ Yoast SEO plugin. -->","_links":{"self":[{"href":"https:\/\/www.skimo.at\/sportler\/wp-json\/wp\/v2\/posts\/67"}],"collection":[{"href":"https:\/\/www.skimo.at\/sportler\/wp-json\/wp\/v2\/posts"}],"about":[{"href":"https:\/\/www.skimo.at\/sportler\/wp-json\/wp\/v2\/types\/post"}],"author":[{"embeddable":true,"href":"https:\/\/www.skimo.at\/sportler\/wp-json\/wp\/v2\/users\/4"}],"replies":[{"embeddable":true,"href":"https:\/\/www.skimo.at\/sportler\/wp-json\/wp\/v2\/comments?post=67"}],"version-history":[{"count":6,"href":"https:\/\/www.skimo.at\/sportler\/wp-json\/wp\/v2\/posts\/67\/revisions"}],"predecessor-version":[{"id":78,"href":"https:\/\/www.skimo.at\/sportler\/wp-json\/wp\/v2\/posts\/67\/revisions\/78"}],"wp:attachment":[{"href":"https:\/\/www.skimo.at\/sportler\/wp-json\/wp\/v2\/media?parent=67"}],"wp:term":[{"taxonomy":"category","embeddable":true,"href":"https:\/\/www.skimo.at\/sportler\/wp-json\/wp\/v2\/categories?post=67"},{"taxonomy":"post_tag","embeddable":true,"href":"https:\/\/www.skimo.at\/sportler\/wp-json\/wp\/v2\/tags?post=67"}],"curies":[{"name":"wp","href":"https:\/\/api.w.org\/{rel}","templated":true}]}}