{"id":667,"date":"2013-01-24T23:16:22","date_gmt":"2013-01-24T21:16:22","guid":{"rendered":"http:\/\/www.skimo.at\/sportler\/?p=667"},"modified":"2013-01-24T23:16:22","modified_gmt":"2013-01-24T21:16:22","slug":"weltcup-alpiniski-sui-tag-1-die-anreise","status":"publish","type":"post","link":"https:\/\/www.skimo.at\/sportler\/667\/weltcup-alpiniski-sui-tag-1-die-anreise\/","title":{"rendered":"Weltcup Alpiniski (SUI), Tag 1 &#8211; die Anreise"},"content":{"rendered":"<p><span style=\"font-size: medium\"><span style=\"color: #000000\"><span style=\"font-family: Calibri\">Gut angekommen ist heute unser Mini-Team beim Weltcup in Martigny (SUI). Bundestrainer Alex Lugger war zusammenmit Martin Weisskopf (Pr\u00e4graten\/Tirol) und Clemens Steinberger (Kramsach\/Tirol), Fotograf Stephan Mantler reiste extra mit dem PKW an. Nach der Er\u00f6ffnungsfeier mit Nationalhymnen aller anwesenden Nationen sausten die \u00d6sterreicher gleich zum Briefing f\u00fcr den morgigen Sprintbewerb (nur in franz\u00f6sisch, aber zumindest mit englischen Powerpoint-Folien). Danach gings in die Unterkunft zum internen Briefing\u2026.diesmal ist ja ein kleiner Tisch ausreichend daf\u00fcr <\/span>J<\/span><\/span><\/p>\n<p><span style=\"font-size: medium\"><span style=\"color: #000000\"><span style=\"font-family: Calibri\">F\u00fcr morgen sind knackige -11\u00b0C prognostiziert, was das Aufw\u00e4rmen besonders wichtig machen wird. Der Sprint dauert jeweils bekanntlich nur 2 Minuten und ist bei eisigen Temperaturen enorm schwierig. Schauen wir mal, wie die morgigen News ausschauen, um 10:26 Uhr geht\u2019s f\u00fcr Martin Weisskopf los (53 genannte Starter), Clemens Steinberger startet um 11:11 Uhr (26 genannte Starter). Mittag sollten wir also mehr wissen.<\/span><\/span><\/span><\/p>\n<p><span style=\"font-size: medium\"><span style=\"color: #000000\"><span style=\"font-family: Calibri\">Wir dr\u00fccken unseren beiden Athleten in der Schweiz jedenfalls die Daumen!<\/span><\/span><\/span><\/p>\n","protected":false},"excerpt":{"rendered":"<p>Gut angekommen ist heute unser Mini-Team beim Weltcup in Martigny (SUI). Bundestrainer Alex Lugger war zusammenmit Martin Weisskopf (Pr\u00e4graten\/Tirol) und Clemens Steinberger (Kramsach\/Tirol), Fotograf Stephan Mantler reiste extra mit dem PKW an. Nach der Er\u00f6ffnungsfeier mit Nationalhymnen aller anwesenden Nationen sausten die \u00d6sterreicher gleich zum Briefing f\u00fcr den morgigen Sprintbewerb (nur in franz\u00f6sisch, aber zumindest [&hellip;]<\/p>\n","protected":false},"author":3,"featured_media":668,"comment_status":"closed","ping_status":"closed","sticky":false,"template":"","format":"standard","meta":[],"categories":[1,11,3],"tags":[],"yoast_head":"<!-- This site is optimized with the Yoast SEO plugin v16.3 - https:\/\/yoast.com\/wordpress\/plugins\/seo\/ -->\n<title>Weltcup Alpiniski (SUI), Tag 1 - die Anreise - Sportler<\/title>\n<meta name=\"robots\" content=\"index, follow, max-snippet:-1, max-image-preview:large, max-video-preview:-1\" \/>\n<link rel=\"canonical\" href=\"https:\/\/www.skimo.at\/sportler\/667\/weltcup-alpiniski-sui-tag-1-die-anreise\/\" \/>\n<meta property=\"og:locale\" content=\"de_DE\" \/>\n<meta property=\"og:type\" content=\"article\" \/>\n<meta property=\"og:title\" content=\"Weltcup Alpiniski (SUI), Tag 1 - die Anreise - Sportler\" \/>\n<meta property=\"og:description\" content=\"Gut angekommen ist heute unser Mini-Team beim Weltcup in Martigny (SUI). Bundestrainer Alex Lugger war zusammenmit Martin Weisskopf (Pr\u00e4graten\/Tirol) und Clemens Steinberger (Kramsach\/Tirol), Fotograf Stephan Mantler reiste extra mit dem PKW an. Nach der Er\u00f6ffnungsfeier mit Nationalhymnen aller anwesenden Nationen sausten die \u00d6sterreicher gleich zum Briefing f\u00fcr den morgigen Sprintbewerb (nur in franz\u00f6sisch, aber zumindest [&hellip;]\" \/>\n<meta property=\"og:url\" content=\"https:\/\/www.skimo.at\/sportler\/667\/weltcup-alpiniski-sui-tag-1-die-anreise\/\" \/>\n<meta property=\"og:site_name\" content=\"Sportler\" \/>\n<meta property=\"article:published_time\" content=\"2013-01-24T21:16:22+00:00\" \/>\n<meta property=\"og:image\" content=\"https:\/\/skimo.73.jarolim.eu\/sportler\/files\/2013\/01\/421691_10151285340123929_1731955230_n.jpg\" \/>\n\t<meta property=\"og:image:width\" content=\"612\" \/>\n\t<meta property=\"og:image:height\" content=\"612\" \/>\n<meta name=\"twitter:card\" content=\"summary\" \/>\n<meta name=\"twitter:label1\" content=\"Gesch\u00e4tzte Lesezeit\">\n\t<meta name=\"twitter:data1\" content=\"1\u00a0Minute\">\n<script type=\"application\/ld+json\" class=\"yoast-schema-graph\">{\"@context\":\"https:\/\/schema.org\",\"@graph\":[{\"@type\":\"WebSite\",\"@id\":\"https:\/\/skimo.73.jarolim.eu\/sportler\/#website\",\"url\":\"https:\/\/skimo.73.jarolim.eu\/sportler\/\",\"name\":\"Sportler\",\"description\":\"\",\"potentialAction\":[{\"@type\":\"SearchAction\",\"target\":\"https:\/\/skimo.73.jarolim.eu\/sportler\/?s={search_term_string}\",\"query-input\":\"required name=search_term_string\"}],\"inLanguage\":\"de\"},{\"@type\":\"ImageObject\",\"@id\":\"https:\/\/www.skimo.at\/sportler\/667\/weltcup-alpiniski-sui-tag-1-die-anreise\/#primaryimage\",\"inLanguage\":\"de\",\"url\":\"https:\/\/www.skimo.at\/sportler\/files\/2013\/01\/421691_10151285340123929_1731955230_n.jpg\",\"contentUrl\":\"https:\/\/www.skimo.at\/sportler\/files\/2013\/01\/421691_10151285340123929_1731955230_n.jpg\",\"width\":612,\"height\":612,\"caption\":\"Bild: Stephan Mantler\"},{\"@type\":\"WebPage\",\"@id\":\"https:\/\/www.skimo.at\/sportler\/667\/weltcup-alpiniski-sui-tag-1-die-anreise\/#webpage\",\"url\":\"https:\/\/www.skimo.at\/sportler\/667\/weltcup-alpiniski-sui-tag-1-die-anreise\/\",\"name\":\"Weltcup Alpiniski (SUI), Tag 1 - die Anreise - Sportler\",\"isPartOf\":{\"@id\":\"https:\/\/skimo.73.jarolim.eu\/sportler\/#website\"},\"primaryImageOfPage\":{\"@id\":\"https:\/\/www.skimo.at\/sportler\/667\/weltcup-alpiniski-sui-tag-1-die-anreise\/#primaryimage\"},\"datePublished\":\"2013-01-24T21:16:22+00:00\",\"dateModified\":\"2013-01-24T21:16:22+00:00\",\"author\":{\"@id\":\"https:\/\/skimo.73.jarolim.eu\/sportler\/#\/schema\/person\/796ecbce6796efca58bf848ca63ec12c\"},\"breadcrumb\":{\"@id\":\"https:\/\/www.skimo.at\/sportler\/667\/weltcup-alpiniski-sui-tag-1-die-anreise\/#breadcrumb\"},\"inLanguage\":\"de\",\"potentialAction\":[{\"@type\":\"ReadAction\",\"target\":[\"https:\/\/www.skimo.at\/sportler\/667\/weltcup-alpiniski-sui-tag-1-die-anreise\/\"]}]},{\"@type\":\"BreadcrumbList\",\"@id\":\"https:\/\/www.skimo.at\/sportler\/667\/weltcup-alpiniski-sui-tag-1-die-anreise\/#breadcrumb\",\"itemListElement\":[{\"@type\":\"ListItem\",\"position\":1,\"item\":{\"@type\":\"WebPage\",\"@id\":\"https:\/\/skimo.73.jarolim.eu\/sportler\/\",\"url\":\"https:\/\/skimo.73.jarolim.eu\/sportler\/\",\"name\":\"Home\"}},{\"@type\":\"ListItem\",\"position\":2,\"item\":{\"@id\":\"https:\/\/www.skimo.at\/sportler\/667\/weltcup-alpiniski-sui-tag-1-die-anreise\/#webpage\"}}]},{\"@type\":\"Person\",\"@id\":\"https:\/\/skimo.73.jarolim.eu\/sportler\/#\/schema\/person\/796ecbce6796efca58bf848ca63ec12c\",\"name\":\"kposch\",\"image\":{\"@type\":\"ImageObject\",\"@id\":\"https:\/\/skimo.73.jarolim.eu\/sportler\/#personlogo\",\"inLanguage\":\"de\",\"url\":\"https:\/\/secure.gravatar.com\/avatar\/e9f5f28da60e5e563d3f4d3cc0b9b425?s=96&r=g\",\"contentUrl\":\"https:\/\/secure.gravatar.com\/avatar\/e9f5f28da60e5e563d3f4d3cc0b9b425?s=96&r=g\",\"caption\":\"kposch\"},\"url\":\"https:\/\/www.skimo.at\/sportler\/author\/kposch\/\"}]}<\/script>\n<!-- \/ Yoast SEO plugin. -->","_links":{"self":[{"href":"https:\/\/www.skimo.at\/sportler\/wp-json\/wp\/v2\/posts\/667"}],"collection":[{"href":"https:\/\/www.skimo.at\/sportler\/wp-json\/wp\/v2\/posts"}],"about":[{"href":"https:\/\/www.skimo.at\/sportler\/wp-json\/wp\/v2\/types\/post"}],"author":[{"embeddable":true,"href":"https:\/\/www.skimo.at\/sportler\/wp-json\/wp\/v2\/users\/3"}],"replies":[{"embeddable":true,"href":"https:\/\/www.skimo.at\/sportler\/wp-json\/wp\/v2\/comments?post=667"}],"version-history":[{"count":2,"href":"https:\/\/www.skimo.at\/sportler\/wp-json\/wp\/v2\/posts\/667\/revisions"}],"predecessor-version":[{"id":671,"href":"https:\/\/www.skimo.at\/sportler\/wp-json\/wp\/v2\/posts\/667\/revisions\/671"}],"wp:featuredmedia":[{"embeddable":true,"href":"https:\/\/www.skimo.at\/sportler\/wp-json\/wp\/v2\/media\/668"}],"wp:attachment":[{"href":"https:\/\/www.skimo.at\/sportler\/wp-json\/wp\/v2\/media?parent=667"}],"wp:term":[{"taxonomy":"category","embeddable":true,"href":"https:\/\/www.skimo.at\/sportler\/wp-json\/wp\/v2\/categories?post=667"},{"taxonomy":"post_tag","embeddable":true,"href":"https:\/\/www.skimo.at\/sportler\/wp-json\/wp\/v2\/tags?post=667"}],"curies":[{"name":"wp","href":"https:\/\/api.w.org\/{rel}","templated":true}]}}