{"id":659,"date":"2013-01-23T08:38:44","date_gmt":"2013-01-23T06:38:44","guid":{"rendered":"http:\/\/www.skimo.at\/sportler\/?p=659"},"modified":"2013-01-23T11:03:53","modified_gmt":"2013-01-23T09:03:53","slug":"anderungen-bei-der-entsendung-zum-weltcuprennen-alpiniski-sui","status":"publish","type":"post","link":"https:\/\/www.skimo.at\/sportler\/659\/anderungen-bei-der-entsendung-zum-weltcuprennen-alpiniski-sui\/","title":{"rendered":"Anderungen bei der Entsendung zum Weltcuprennen Alpiniski (SUI)"},"content":{"rendered":"<p><span style=\"font-size: medium\"><span style=\"color: #000000\"><span style=\"font-family: Calibri\">Einige \u00c4nderungen gab es in der Vorbereitung f\u00fcr das zweite Weltcupwochenende von 25. \u2013 26.1.2013 in der Schweiz. Das urspr\u00fcnglich zusammengestellte Team kann leider nicht wie geplant entsendet werden: Alex Fasser hat nach seinen schlechten Ergebnissen in den ersten Rennen auf Anraten seiner Trainerin nochmal eine Pause eingelegt und bereitet sich intensiv auf die WM vor. Michaela Essl kann aus pers\u00f6nlichen Gr\u00fcnden kurzfristig nicht in die Schweiz fahren. F\u00fcr beide hei\u00dft dies auch leider eine Verkleinerung der Chancen auf eine gute Platzierugn im Gesamtweltcup, der aus 5 Veranstaltungen besteht.<\/span><\/span><\/span><\/p>\n<p><span style=\"font-size: medium\"><span style=\"color: #000000\"><span style=\"font-family: Calibri\">\u00dcbrig bleibt deswegen der gut im Saft stehende Martin Weisskopf und als Nachnominierung Clemens Steinberger. Das Miniteam wird erg\u00e4nzt durch Trainer Alexander Lugger und Fotograf Stephan Mantler. Anreise ist am Donnerstag, am Freitag findet der Sprint statt (hier kann sich Clemens Steinberger seine Sporen verdienen) und am\u00a0Samstag das Individualrennen, auf das Martin Wei\u00dfkopf haupts\u00e4chlich setzt. Beide Athleten starten bei beiden Bewerben.<\/span><\/span><\/span><\/p>\n<p><span style=\"font-size: medium\"><span style=\"color: #000000\"><span style=\"font-family: Calibri\">Detail am Rande: die Veranstaltung bildet den Rahmen f\u00fcr ein gro\u00dfes Fest des SAC (Schweizer Alpenverein) zu seinem 150j\u00e4hrigen Bestehen. <\/span><\/span><\/span><\/p>\n<p><a href=\"http:\/\/www.alpiniski.ch\/\"><span style=\"font-size: medium\"><span style=\"color: #000000\"><span style=\"font-family: Calibri\">Hier gehts zur Webseite des Alpiniski Schweiz<\/span><\/span><\/span><\/a><\/p>\n<p>&nbsp;<\/p>\n","protected":false},"excerpt":{"rendered":"<p>Einige \u00c4nderungen gab es in der Vorbereitung f\u00fcr das zweite Weltcupwochenende von 25. \u2013 26.1.2013 in der Schweiz. Das urspr\u00fcnglich zusammengestellte Team kann leider nicht wie geplant entsendet werden: Alex Fasser hat nach seinen schlechten Ergebnissen in den ersten Rennen auf Anraten seiner Trainerin nochmal eine Pause eingelegt und bereitet sich intensiv auf die WM [&hellip;]<\/p>\n","protected":false},"author":3,"featured_media":0,"comment_status":"closed","ping_status":"closed","sticky":false,"template":"","format":"standard","meta":[],"categories":[1,11,3],"tags":[],"yoast_head":"<!-- This site is optimized with the Yoast SEO plugin v16.3 - https:\/\/yoast.com\/wordpress\/plugins\/seo\/ -->\n<title>Anderungen bei der Entsendung zum Weltcuprennen Alpiniski (SUI) - Sportler<\/title>\n<meta name=\"robots\" content=\"index, follow, max-snippet:-1, max-image-preview:large, max-video-preview:-1\" \/>\n<link rel=\"canonical\" href=\"https:\/\/www.skimo.at\/sportler\/659\/anderungen-bei-der-entsendung-zum-weltcuprennen-alpiniski-sui\/\" \/>\n<meta property=\"og:locale\" content=\"de_DE\" \/>\n<meta property=\"og:type\" content=\"article\" \/>\n<meta property=\"og:title\" content=\"Anderungen bei der Entsendung zum Weltcuprennen Alpiniski (SUI) - Sportler\" \/>\n<meta property=\"og:description\" content=\"Einige \u00c4nderungen gab es in der Vorbereitung f\u00fcr das zweite Weltcupwochenende von 25. \u2013 26.1.2013 in der Schweiz. Das urspr\u00fcnglich zusammengestellte Team kann leider nicht wie geplant entsendet werden: Alex Fasser hat nach seinen schlechten Ergebnissen in den ersten Rennen auf Anraten seiner Trainerin nochmal eine Pause eingelegt und bereitet sich intensiv auf die WM [&hellip;]\" \/>\n<meta property=\"og:url\" content=\"https:\/\/www.skimo.at\/sportler\/659\/anderungen-bei-der-entsendung-zum-weltcuprennen-alpiniski-sui\/\" \/>\n<meta property=\"og:site_name\" content=\"Sportler\" \/>\n<meta property=\"article:published_time\" content=\"2013-01-23T06:38:44+00:00\" \/>\n<meta property=\"article:modified_time\" content=\"2013-01-23T09:03:53+00:00\" \/>\n<meta name=\"twitter:card\" content=\"summary\" \/>\n<meta name=\"twitter:label1\" content=\"Gesch\u00e4tzte Lesezeit\">\n\t<meta name=\"twitter:data1\" content=\"1\u00a0Minute\">\n<script type=\"application\/ld+json\" class=\"yoast-schema-graph\">{\"@context\":\"https:\/\/schema.org\",\"@graph\":[{\"@type\":\"WebSite\",\"@id\":\"https:\/\/skimo.73.jarolim.eu\/sportler\/#website\",\"url\":\"https:\/\/skimo.73.jarolim.eu\/sportler\/\",\"name\":\"Sportler\",\"description\":\"\",\"potentialAction\":[{\"@type\":\"SearchAction\",\"target\":\"https:\/\/skimo.73.jarolim.eu\/sportler\/?s={search_term_string}\",\"query-input\":\"required name=search_term_string\"}],\"inLanguage\":\"de\"},{\"@type\":\"WebPage\",\"@id\":\"https:\/\/www.skimo.at\/sportler\/659\/anderungen-bei-der-entsendung-zum-weltcuprennen-alpiniski-sui\/#webpage\",\"url\":\"https:\/\/www.skimo.at\/sportler\/659\/anderungen-bei-der-entsendung-zum-weltcuprennen-alpiniski-sui\/\",\"name\":\"Anderungen bei der Entsendung zum Weltcuprennen Alpiniski (SUI) - Sportler\",\"isPartOf\":{\"@id\":\"https:\/\/skimo.73.jarolim.eu\/sportler\/#website\"},\"datePublished\":\"2013-01-23T06:38:44+00:00\",\"dateModified\":\"2013-01-23T09:03:53+00:00\",\"author\":{\"@id\":\"https:\/\/skimo.73.jarolim.eu\/sportler\/#\/schema\/person\/796ecbce6796efca58bf848ca63ec12c\"},\"breadcrumb\":{\"@id\":\"https:\/\/www.skimo.at\/sportler\/659\/anderungen-bei-der-entsendung-zum-weltcuprennen-alpiniski-sui\/#breadcrumb\"},\"inLanguage\":\"de\",\"potentialAction\":[{\"@type\":\"ReadAction\",\"target\":[\"https:\/\/www.skimo.at\/sportler\/659\/anderungen-bei-der-entsendung-zum-weltcuprennen-alpiniski-sui\/\"]}]},{\"@type\":\"BreadcrumbList\",\"@id\":\"https:\/\/www.skimo.at\/sportler\/659\/anderungen-bei-der-entsendung-zum-weltcuprennen-alpiniski-sui\/#breadcrumb\",\"itemListElement\":[{\"@type\":\"ListItem\",\"position\":1,\"item\":{\"@type\":\"WebPage\",\"@id\":\"https:\/\/skimo.73.jarolim.eu\/sportler\/\",\"url\":\"https:\/\/skimo.73.jarolim.eu\/sportler\/\",\"name\":\"Home\"}},{\"@type\":\"ListItem\",\"position\":2,\"item\":{\"@id\":\"https:\/\/www.skimo.at\/sportler\/659\/anderungen-bei-der-entsendung-zum-weltcuprennen-alpiniski-sui\/#webpage\"}}]},{\"@type\":\"Person\",\"@id\":\"https:\/\/skimo.73.jarolim.eu\/sportler\/#\/schema\/person\/796ecbce6796efca58bf848ca63ec12c\",\"name\":\"kposch\",\"image\":{\"@type\":\"ImageObject\",\"@id\":\"https:\/\/skimo.73.jarolim.eu\/sportler\/#personlogo\",\"inLanguage\":\"de\",\"url\":\"https:\/\/secure.gravatar.com\/avatar\/e9f5f28da60e5e563d3f4d3cc0b9b425?s=96&r=g\",\"contentUrl\":\"https:\/\/secure.gravatar.com\/avatar\/e9f5f28da60e5e563d3f4d3cc0b9b425?s=96&r=g\",\"caption\":\"kposch\"},\"url\":\"https:\/\/www.skimo.at\/sportler\/author\/kposch\/\"}]}<\/script>\n<!-- \/ Yoast SEO plugin. -->","_links":{"self":[{"href":"https:\/\/www.skimo.at\/sportler\/wp-json\/wp\/v2\/posts\/659"}],"collection":[{"href":"https:\/\/www.skimo.at\/sportler\/wp-json\/wp\/v2\/posts"}],"about":[{"href":"https:\/\/www.skimo.at\/sportler\/wp-json\/wp\/v2\/types\/post"}],"author":[{"embeddable":true,"href":"https:\/\/www.skimo.at\/sportler\/wp-json\/wp\/v2\/users\/3"}],"replies":[{"embeddable":true,"href":"https:\/\/www.skimo.at\/sportler\/wp-json\/wp\/v2\/comments?post=659"}],"version-history":[{"count":5,"href":"https:\/\/www.skimo.at\/sportler\/wp-json\/wp\/v2\/posts\/659\/revisions"}],"predecessor-version":[{"id":663,"href":"https:\/\/www.skimo.at\/sportler\/wp-json\/wp\/v2\/posts\/659\/revisions\/663"}],"wp:attachment":[{"href":"https:\/\/www.skimo.at\/sportler\/wp-json\/wp\/v2\/media?parent=659"}],"wp:term":[{"taxonomy":"category","embeddable":true,"href":"https:\/\/www.skimo.at\/sportler\/wp-json\/wp\/v2\/categories?post=659"},{"taxonomy":"post_tag","embeddable":true,"href":"https:\/\/www.skimo.at\/sportler\/wp-json\/wp\/v2\/tags?post=659"}],"curies":[{"name":"wp","href":"https:\/\/api.w.org\/{rel}","templated":true}]}}