{"id":645,"date":"2013-01-16T11:32:55","date_gmt":"2013-01-16T09:32:55","guid":{"rendered":"http:\/\/www.skimo.at\/sportler\/?p=645"},"modified":"2013-01-16T11:38:34","modified_gmt":"2013-01-16T09:38:34","slug":"entsendung-weltcup-alpiniski-sui-steht-fest-michaela-essl-ist-heis-auf-wiederholung-ihrer-erfolge","status":"publish","type":"post","link":"https:\/\/www.skimo.at\/sportler\/645\/entsendung-weltcup-alpiniski-sui-steht-fest-michaela-essl-ist-heis-auf-wiederholung-ihrer-erfolge\/","title":{"rendered":"Entsendung Weltcup Alpiniski (SUI) steht fest, Michaela Essl ist hei\u00df auf Wiederholung ihrer Erfolge"},"content":{"rendered":"<p>Nach dem ersten Weltcup Wochenende steht nun auch die Besetzung f\u00fcr das zweite Wochenende in Martigny (Schweiz) beim Alpiniski fest:<\/p>\n<ul>\n<li><a href=\"http:\/\/www.skimo.at\/sportler\/107\/essl-michaela\/\" target=\"_blank\">Michaela Essl (Abtenau\/Salzburg)<\/a><\/li>\n<li><a href=\"http:\/\/www.skimo.at\/sportler\/112\/fasser-alexander\/\" target=\"_blank\">Alexander Fasser (Lermoos\/Tirol)<\/a><\/li>\n<li><a href=\"http:\/\/www.skimo.at\/sportler\/136\/136\/\" target=\"_blank\">Martin Wei\u00dfkopf (Pr\u00e4graten\/Osttirol)<\/a><\/li>\n<\/ul>\n<p>Diese drei Athleten werden das \u00d6sterreichische Nationalteam\u00a0 am Weltcup Wochenende vom 25.1. bis 26.1.2013 w\u00fcrdig vertreten. Trainer Alex Lugger und Fotograf Stephan Mantler begleiten das kleine Team in die Schweiz. Michaela Essl ist bereits hei\u00df auf eine Wiederholung ihrer Erfolge vom Ahrntal: \u201eDie Konkurrenz ist einfach gewaltig schnell geworden. Das hei\u00dft f\u00fcr mich Vollgas geben, dass ich den Anschluss behalte!\u201c<\/p>\n<p>Am Freitag findet der Sprintbewerb statt, am Samstag das Individual Race. Das Veranstaltungswochenende steht zus\u00e4tzlich ganz im Zeichen eins gro\u00dfen Jubil\u00e4ums: der Schweizer Alpen Club (SAC) feiert sein 150-j\u00e4hriges Jubil\u00e4um. Das Weltcup Wochenende ist Teil der vielen Jubil\u00e4umsfeierlichkeiten das ganze Jahr 2013 \u00fcber. Und der ASKIMO hofft nat\u00fcrlich auf diesem Wochenende auch die M\u00f6glichkeit des Feierns zu bekommen: n\u00e4mlich auf die Erfolge seiner Mannschaft!<\/p>\n<p><a href=\"http:\/\/www.alpiniski.ch\/\" target=\"_blank\">http:\/\/www.alpiniski.ch\/<\/a><\/p>\n","protected":false},"excerpt":{"rendered":"<p>Nach dem ersten Weltcup Wochenende steht nun auch die Besetzung f\u00fcr das zweite Wochenende in Martigny (Schweiz) beim Alpiniski fest: Michaela Essl (Abtenau\/Salzburg) Alexander Fasser (Lermoos\/Tirol) Martin Wei\u00dfkopf (Pr\u00e4graten\/Osttirol) Diese drei Athleten werden das \u00d6sterreichische Nationalteam\u00a0 am Weltcup Wochenende vom 25.1. bis 26.1.2013 w\u00fcrdig vertreten. Trainer Alex Lugger und Fotograf Stephan Mantler begleiten das kleine [&hellip;]<\/p>\n","protected":false},"author":4,"featured_media":646,"comment_status":"closed","ping_status":"closed","sticky":false,"template":"","format":"standard","meta":[],"categories":[11,3],"tags":[],"yoast_head":"<!-- This site is optimized with the Yoast SEO plugin v16.3 - https:\/\/yoast.com\/wordpress\/plugins\/seo\/ -->\n<title>Entsendung Weltcup Alpiniski (SUI) steht fest, Michaela Essl ist hei\u00df auf Wiederholung ihrer Erfolge - Sportler<\/title>\n<meta name=\"robots\" content=\"index, follow, max-snippet:-1, max-image-preview:large, max-video-preview:-1\" \/>\n<link rel=\"canonical\" href=\"https:\/\/www.skimo.at\/sportler\/645\/entsendung-weltcup-alpiniski-sui-steht-fest-michaela-essl-ist-heis-auf-wiederholung-ihrer-erfolge\/\" \/>\n<meta property=\"og:locale\" content=\"de_DE\" \/>\n<meta property=\"og:type\" content=\"article\" \/>\n<meta property=\"og:title\" content=\"Entsendung Weltcup Alpiniski (SUI) steht fest, Michaela Essl ist hei\u00df auf Wiederholung ihrer Erfolge - Sportler\" \/>\n<meta property=\"og:description\" content=\"Nach dem ersten Weltcup Wochenende steht nun auch die Besetzung f\u00fcr das zweite Wochenende in Martigny (Schweiz) beim Alpiniski fest: Michaela Essl (Abtenau\/Salzburg) Alexander Fasser (Lermoos\/Tirol) Martin Wei\u00dfkopf (Pr\u00e4graten\/Osttirol) Diese drei Athleten werden das \u00d6sterreichische Nationalteam\u00a0 am Weltcup Wochenende vom 25.1. bis 26.1.2013 w\u00fcrdig vertreten. Trainer Alex Lugger und Fotograf Stephan Mantler begleiten das kleine [&hellip;]\" \/>\n<meta property=\"og:url\" content=\"https:\/\/www.skimo.at\/sportler\/645\/entsendung-weltcup-alpiniski-sui-steht-fest-michaela-essl-ist-heis-auf-wiederholung-ihrer-erfolge\/\" \/>\n<meta property=\"og:site_name\" content=\"Sportler\" \/>\n<meta property=\"article:published_time\" content=\"2013-01-16T09:32:55+00:00\" \/>\n<meta property=\"article:modified_time\" content=\"2013-01-16T09:38:34+00:00\" \/>\n<meta property=\"og:image\" content=\"https:\/\/skimo.73.jarolim.eu\/sportler\/files\/2013\/01\/Individual-Ahrntal-_-Michaela-Essl-028-_-Foto-werbegams.at-_-LR.jpg\" \/>\n\t<meta property=\"og:image:width\" content=\"1800\" \/>\n\t<meta property=\"og:image:height\" content=\"1200\" \/>\n<meta name=\"twitter:card\" content=\"summary\" \/>\n<meta name=\"twitter:label1\" content=\"Gesch\u00e4tzte Lesezeit\">\n\t<meta name=\"twitter:data1\" content=\"1\u00a0Minute\">\n<script type=\"application\/ld+json\" class=\"yoast-schema-graph\">{\"@context\":\"https:\/\/schema.org\",\"@graph\":[{\"@type\":\"WebSite\",\"@id\":\"https:\/\/skimo.73.jarolim.eu\/sportler\/#website\",\"url\":\"https:\/\/skimo.73.jarolim.eu\/sportler\/\",\"name\":\"Sportler\",\"description\":\"\",\"potentialAction\":[{\"@type\":\"SearchAction\",\"target\":\"https:\/\/skimo.73.jarolim.eu\/sportler\/?s={search_term_string}\",\"query-input\":\"required name=search_term_string\"}],\"inLanguage\":\"de\"},{\"@type\":\"ImageObject\",\"@id\":\"https:\/\/www.skimo.at\/sportler\/645\/entsendung-weltcup-alpiniski-sui-steht-fest-michaela-essl-ist-heis-auf-wiederholung-ihrer-erfolge\/#primaryimage\",\"inLanguage\":\"de\",\"url\":\"https:\/\/www.skimo.at\/sportler\/files\/2013\/01\/Individual-Ahrntal-_-Michaela-Essl-028-_-Foto-werbegams.at-_-LR.jpg\",\"contentUrl\":\"https:\/\/www.skimo.at\/sportler\/files\/2013\/01\/Individual-Ahrntal-_-Michaela-Essl-028-_-Foto-werbegams.at-_-LR.jpg\",\"width\":1800,\"height\":1200,\"caption\":\"Bild Werbegams\"},{\"@type\":\"WebPage\",\"@id\":\"https:\/\/www.skimo.at\/sportler\/645\/entsendung-weltcup-alpiniski-sui-steht-fest-michaela-essl-ist-heis-auf-wiederholung-ihrer-erfolge\/#webpage\",\"url\":\"https:\/\/www.skimo.at\/sportler\/645\/entsendung-weltcup-alpiniski-sui-steht-fest-michaela-essl-ist-heis-auf-wiederholung-ihrer-erfolge\/\",\"name\":\"Entsendung Weltcup Alpiniski (SUI) steht fest, Michaela Essl ist hei\\u00df auf Wiederholung ihrer Erfolge - Sportler\",\"isPartOf\":{\"@id\":\"https:\/\/skimo.73.jarolim.eu\/sportler\/#website\"},\"primaryImageOfPage\":{\"@id\":\"https:\/\/www.skimo.at\/sportler\/645\/entsendung-weltcup-alpiniski-sui-steht-fest-michaela-essl-ist-heis-auf-wiederholung-ihrer-erfolge\/#primaryimage\"},\"datePublished\":\"2013-01-16T09:32:55+00:00\",\"dateModified\":\"2013-01-16T09:38:34+00:00\",\"author\":{\"@id\":\"https:\/\/skimo.73.jarolim.eu\/sportler\/#\/schema\/person\/89e18f4c3d09b5434dbc2dc0cefbcd30\"},\"breadcrumb\":{\"@id\":\"https:\/\/www.skimo.at\/sportler\/645\/entsendung-weltcup-alpiniski-sui-steht-fest-michaela-essl-ist-heis-auf-wiederholung-ihrer-erfolge\/#breadcrumb\"},\"inLanguage\":\"de\",\"potentialAction\":[{\"@type\":\"ReadAction\",\"target\":[\"https:\/\/www.skimo.at\/sportler\/645\/entsendung-weltcup-alpiniski-sui-steht-fest-michaela-essl-ist-heis-auf-wiederholung-ihrer-erfolge\/\"]}]},{\"@type\":\"BreadcrumbList\",\"@id\":\"https:\/\/www.skimo.at\/sportler\/645\/entsendung-weltcup-alpiniski-sui-steht-fest-michaela-essl-ist-heis-auf-wiederholung-ihrer-erfolge\/#breadcrumb\",\"itemListElement\":[{\"@type\":\"ListItem\",\"position\":1,\"item\":{\"@type\":\"WebPage\",\"@id\":\"https:\/\/skimo.73.jarolim.eu\/sportler\/\",\"url\":\"https:\/\/skimo.73.jarolim.eu\/sportler\/\",\"name\":\"Home\"}},{\"@type\":\"ListItem\",\"position\":2,\"item\":{\"@id\":\"https:\/\/www.skimo.at\/sportler\/645\/entsendung-weltcup-alpiniski-sui-steht-fest-michaela-essl-ist-heis-auf-wiederholung-ihrer-erfolge\/#webpage\"}}]},{\"@type\":\"Person\",\"@id\":\"https:\/\/skimo.73.jarolim.eu\/sportler\/#\/schema\/person\/89e18f4c3d09b5434dbc2dc0cefbcd30\",\"name\":\"aspielbuechler\",\"image\":{\"@type\":\"ImageObject\",\"@id\":\"https:\/\/skimo.73.jarolim.eu\/sportler\/#personlogo\",\"inLanguage\":\"de\",\"url\":\"https:\/\/secure.gravatar.com\/avatar\/1220d25619b41a33e4710c8b968dc56e?s=96&r=g\",\"contentUrl\":\"https:\/\/secure.gravatar.com\/avatar\/1220d25619b41a33e4710c8b968dc56e?s=96&r=g\",\"caption\":\"aspielbuechler\"},\"url\":\"https:\/\/www.skimo.at\/sportler\/author\/aspielbuechler\/\"}]}<\/script>\n<!-- \/ Yoast SEO plugin. -->","_links":{"self":[{"href":"https:\/\/www.skimo.at\/sportler\/wp-json\/wp\/v2\/posts\/645"}],"collection":[{"href":"https:\/\/www.skimo.at\/sportler\/wp-json\/wp\/v2\/posts"}],"about":[{"href":"https:\/\/www.skimo.at\/sportler\/wp-json\/wp\/v2\/types\/post"}],"author":[{"embeddable":true,"href":"https:\/\/www.skimo.at\/sportler\/wp-json\/wp\/v2\/users\/4"}],"replies":[{"embeddable":true,"href":"https:\/\/www.skimo.at\/sportler\/wp-json\/wp\/v2\/comments?post=645"}],"version-history":[{"count":7,"href":"https:\/\/www.skimo.at\/sportler\/wp-json\/wp\/v2\/posts\/645\/revisions"}],"predecessor-version":[{"id":655,"href":"https:\/\/www.skimo.at\/sportler\/wp-json\/wp\/v2\/posts\/645\/revisions\/655"}],"wp:featuredmedia":[{"embeddable":true,"href":"https:\/\/www.skimo.at\/sportler\/wp-json\/wp\/v2\/media\/646"}],"wp:attachment":[{"href":"https:\/\/www.skimo.at\/sportler\/wp-json\/wp\/v2\/media?parent=645"}],"wp:term":[{"taxonomy":"category","embeddable":true,"href":"https:\/\/www.skimo.at\/sportler\/wp-json\/wp\/v2\/categories?post=645"},{"taxonomy":"post_tag","embeddable":true,"href":"https:\/\/www.skimo.at\/sportler\/wp-json\/wp\/v2\/tags?post=645"}],"curies":[{"name":"wp","href":"https:\/\/api.w.org\/{rel}","templated":true}]}}