{"id":614,"date":"2013-01-13T19:45:16","date_gmt":"2013-01-13T17:45:16","guid":{"rendered":"http:\/\/www.skimo.at\/sportler\/?p=614"},"modified":"2013-01-13T19:46:43","modified_gmt":"2013-01-13T17:46:43","slug":"skialp-race-ahrntal-tag-3-individualrennen","status":"publish","type":"post","link":"https:\/\/www.skimo.at\/sportler\/614\/skialp-race-ahrntal-tag-3-individualrennen\/","title":{"rendered":"SkiAlp Race Ahrntal Tag 3: Individualrennen"},"content":{"rendered":"<p><span style=\"color: #000000;font-family: Calibri;font-size: medium\">Nach dem gestrigen Briefing am Abend schaute es ganz nach einem kalten und schneereichen Tag aus f\u00fcr unsere Athleten im Ahrntal. Weil aber alle brav zusammengegessen haben (speziell die Betreuer), hatte Petrus ein einsehen und der zweite Renntag begann bei moderaten -6\u00b0C und blauem Himmel\u2026Idealbedingungen!<\/span><\/p>\n<p><span style=\"color: #000000;font-family: Calibri;font-size: medium\">Schon fr\u00fch machte sich das Team auf den Weg zur etwa 5 km von der Unterkunft entfernt gelegenen Rennstrecke. Vorgewarnt durch die sehr gut arbeitenden Streckenbauer wurde gleich mal der erste Streckenteil begutachtet\u2026steil und eisig in einem nicht gerade flachen Waldst\u00fcck. Insgesamt sollte die Strecke sehr technisch werden, mehrere Tragepassagen, schwierige Anstiege und extrem lange Abfahrten (bis 1.100 hm am St\u00fcck!) spickten die 1.800 hm der Herren und 1.550 hm der Damen und Junioren. Zuversichtlich, aber doch deutlich ern\u00fcchtert nach dem gestrigen m\u00e4\u00dfigen Ergebnis beim Verticalrennen bereiteten sich die rot-wei\u00df-roten Athleten vor.<\/span><\/p>\n<p><span style=\"color: #000000;font-family: Calibri;font-size: medium\">Als erster kam um 9:30 Clemens Steinberger zum Einsatz. Als einer der j\u00fcngsten im Feld startete er auf die Strecke, konnte sich aber schon zu Beginn nicht in der Rige der bis u 2 Jahre \u00e4lteren und nat\u00fcrlich k\u00f6rperlich st\u00e4rkeren Jungathleten einreihen. Clemens lief ein gutes pers\u00f6nliches Rennen, konnte dennoch aber nur im hinteren Teil mitmischen. Der 13. Rang brachte somit Weltcuperfahrung und eine Ber\u00fchrung mit der Weltspitze, war naturgem\u00e4\u00df aber kein gro\u00dfer Erfolg\u2026.das Potential lie\u00df Clemens jedoch einmal mehr erkennen. Detail am Rande: fast h\u00e4tte man Clemens mit einer falschen Startnummer (seniors!) ins Rennen geschickt, erst kurz vor dem Start wurde der Irrtum gl\u00fccklicherweise noch bemerkt.<\/span><\/p>\n<p><span style=\"color: #000000;font-family: Calibri;font-size: medium\">Um 10:00 Uhr fiel der Startschuss zur Kategorie der Seniors und Espoirs, die leistungsst\u00e4rkste Klasse. Mit unglaublichem Tempo gings es zu Sache, der extrem flache Startbereich wurde quasi im Flug \u00fcberwunden, unsere Athleten konnten sich im Mittelfeld einreihen\u2026.bis auf Pechvogel Tom Wallner, der gleich am Start sein Fell verlor und als vorletzter in den engen ersten Anstieg gehen musste. Der erste Anstieg war generell kein guter f\u00fcr die \u00d6sterreicher, weit hinten gereiht erreichten sie den Stand von Trainer Alexander Lugger, dem da ein bissl der Humor verging. Gottseidank erholten sich unsere Recken aber gut, und vor allem auf den Abfahrten konnten sie einiges gut machen. Das Thema Abfahrt war generell ein gro\u00dfes heute: denn die letzte Brutalo-Abfahrt \u00fcber Stock und Stein war tats\u00e4chlich ein starkes St\u00fcck, nicht wenige Sportler kamen mit Kr\u00e4mpfen ins Ziel. Am schnellsten bew\u00e4ltigte die Strecke schlie\u00dflich der junge Franzose (Espoir!) Matheo Jacquemoud in 1:42:29. Der beste \u00d6sterreicher wurde schlie\u00dflich Martin Wei\u00dfkopf auf Platz 24 mit 13 Minuten R\u00fcckstand, ein entt\u00e4uschter Alex Fasser folgte auf Platz 26 mit 14:52 Minuten R\u00fcckstand, Rang 31 ging an Markus Stock, Rang 38 an Philipp Brugger, 41 an Tom Wallner und 42 an Martin Islitzer. Jakob Herrmann musste am dritten Anstieg wegen Atemproblemen aufgeben. Lichtblick im von Trainer Lugger kritische gesehenen eher m\u00e4\u00dfigen Ergebnis: Martin Weisskopf errang Platz 7 bei den Espoirs.<\/span><\/p>\n<p><span style=\"color: #000000;font-family: Calibri;font-size: medium\">Der Startschuss um 10:10 Uhr galt den Damen, Michi Essl vertrat als einzige hier die Ehre der \u00d6sterreicher. Nach einem schlechten Start konnte sich Michi erfolgreich Platz um Platz nach vorne k\u00e4mpfen, Ihre verbesserten Skifahrkenntnisse und das Krafttraining der letzten Saison kamen der Sportlerin in der Abfahrt so sehr zugute, dass sie auf dem sehr guten 6. Gesamtrang finishen konnte.<\/span><\/p>\n<p><span style=\"color: #000000;font-family: Calibri;font-size: medium\">Im letzten Startblock waren noch die Starter der offenen Klasse zusammengefasst, darunter einige \u00d6sterreicher wie der Nationalmannschafts-Anw\u00e4rter Andi Tockner. Andi verkaufte seine Haut teuer, konnte in etwa im Bereich von Philipp Brugger finishen.<\/span><\/p>\n<p><span style=\"color: #000000;font-family: Calibri;font-size: medium\">Ein gut organisiertes Gro\u00dfeinsatz-Weltcupwochenende geht damit vorbei. Die f\u00fcr unsere Athleten anstehende Qualifikation f\u00fcr die WM Mitte Februar konnte allerdings kaum weitergebracht werden. Trainer Lugger: \u201eDas Ergebnis der beiden Tage heir war sicherlich gro\u00dfteils entt\u00e4uschend. Von einigen Athleten haben wir noch immer keine guten Ergebnisse, wenngleich wir sicher die Hochform erst erreichen werden. F\u00fcr die WM-Quali werden wir uns aber klare Gedanken machen m\u00fcssen.\u201c<\/span><\/p>\n<p><span style=\"color: #000000;font-family: Calibri;font-size: medium\">Ein Dank sei den Organisatoren rund um Andi Huf im Ahrntal ausgesprochen\u2026.viel Einsatz und Arbeit brachte ein sehr gutes Rennen zustande, mit gutem Rundherum (Zelt, Er\u00f6ffnungsfeier, Pr\u00e4sentationsbereich der Sponsorern etc.). Ein lohnendes Ziel, nicht nur f\u00fcr das 6. Skialprace Ahrntal im Jahr 2014, sondern auch vielleicht f\u00fcr die eine oder andere Skitour.<\/span><\/p>\n","protected":false},"excerpt":{"rendered":"<p>Nach dem gestrigen Briefing am Abend schaute es ganz nach einem kalten und schneereichen Tag aus f\u00fcr unsere Athleten im Ahrntal. Weil aber alle brav zusammengegessen haben (speziell die Betreuer), hatte Petrus ein einsehen und der zweite Renntag begann bei moderaten -6\u00b0C und blauem Himmel\u2026Idealbedingungen! Schon fr\u00fch machte sich das Team auf den Weg zur [&hellip;]<\/p>\n","protected":false},"author":3,"featured_media":629,"comment_status":"closed","ping_status":"closed","sticky":false,"template":"","format":"standard","meta":[],"categories":[11,3],"tags":[],"yoast_head":"<!-- This site is optimized with the Yoast SEO plugin v16.3 - https:\/\/yoast.com\/wordpress\/plugins\/seo\/ -->\n<title>SkiAlp Race Ahrntal Tag 3: Individualrennen - Sportler<\/title>\n<meta name=\"robots\" content=\"index, follow, max-snippet:-1, max-image-preview:large, max-video-preview:-1\" \/>\n<link rel=\"canonical\" href=\"https:\/\/www.skimo.at\/sportler\/614\/skialp-race-ahrntal-tag-3-individualrennen\/\" \/>\n<meta property=\"og:locale\" content=\"de_DE\" \/>\n<meta property=\"og:type\" content=\"article\" \/>\n<meta property=\"og:title\" content=\"SkiAlp Race Ahrntal Tag 3: Individualrennen - Sportler\" \/>\n<meta property=\"og:description\" content=\"Nach dem gestrigen Briefing am Abend schaute es ganz nach einem kalten und schneereichen Tag aus f\u00fcr unsere Athleten im Ahrntal. Weil aber alle brav zusammengegessen haben (speziell die Betreuer), hatte Petrus ein einsehen und der zweite Renntag begann bei moderaten -6\u00b0C und blauem Himmel\u2026Idealbedingungen! Schon fr\u00fch machte sich das Team auf den Weg zur [&hellip;]\" \/>\n<meta property=\"og:url\" content=\"https:\/\/www.skimo.at\/sportler\/614\/skialp-race-ahrntal-tag-3-individualrennen\/\" \/>\n<meta property=\"og:site_name\" content=\"Sportler\" \/>\n<meta property=\"article:published_time\" content=\"2013-01-13T17:45:16+00:00\" \/>\n<meta property=\"article:modified_time\" content=\"2013-01-13T17:46:43+00:00\" \/>\n<meta property=\"og:image\" content=\"https:\/\/skimo.73.jarolim.eu\/sportler\/files\/2013\/01\/Individual-Ahrntal-_-Alex-Fasser-009-_-Foto-werbegams.at-_-LR.jpg\" \/>\n\t<meta property=\"og:image:width\" content=\"1800\" \/>\n\t<meta property=\"og:image:height\" content=\"1200\" \/>\n<meta name=\"twitter:card\" content=\"summary\" \/>\n<meta name=\"twitter:label1\" content=\"Gesch\u00e4tzte Lesezeit\">\n\t<meta name=\"twitter:data1\" content=\"4\u00a0Minuten\">\n<script type=\"application\/ld+json\" class=\"yoast-schema-graph\">{\"@context\":\"https:\/\/schema.org\",\"@graph\":[{\"@type\":\"WebSite\",\"@id\":\"https:\/\/skimo.73.jarolim.eu\/sportler\/#website\",\"url\":\"https:\/\/skimo.73.jarolim.eu\/sportler\/\",\"name\":\"Sportler\",\"description\":\"\",\"potentialAction\":[{\"@type\":\"SearchAction\",\"target\":\"https:\/\/skimo.73.jarolim.eu\/sportler\/?s={search_term_string}\",\"query-input\":\"required name=search_term_string\"}],\"inLanguage\":\"de\"},{\"@type\":\"ImageObject\",\"@id\":\"https:\/\/www.skimo.at\/sportler\/614\/skialp-race-ahrntal-tag-3-individualrennen\/#primaryimage\",\"inLanguage\":\"de\",\"url\":\"https:\/\/www.skimo.at\/sportler\/files\/2013\/01\/Individual-Ahrntal-_-Alex-Fasser-009-_-Foto-werbegams.at-_-LR.jpg\",\"contentUrl\":\"https:\/\/www.skimo.at\/sportler\/files\/2013\/01\/Individual-Ahrntal-_-Alex-Fasser-009-_-Foto-werbegams.at-_-LR.jpg\",\"width\":1800,\"height\":1200,\"caption\":\"Foto Werbegams\"},{\"@type\":\"WebPage\",\"@id\":\"https:\/\/www.skimo.at\/sportler\/614\/skialp-race-ahrntal-tag-3-individualrennen\/#webpage\",\"url\":\"https:\/\/www.skimo.at\/sportler\/614\/skialp-race-ahrntal-tag-3-individualrennen\/\",\"name\":\"SkiAlp Race Ahrntal Tag 3: Individualrennen - Sportler\",\"isPartOf\":{\"@id\":\"https:\/\/skimo.73.jarolim.eu\/sportler\/#website\"},\"primaryImageOfPage\":{\"@id\":\"https:\/\/www.skimo.at\/sportler\/614\/skialp-race-ahrntal-tag-3-individualrennen\/#primaryimage\"},\"datePublished\":\"2013-01-13T17:45:16+00:00\",\"dateModified\":\"2013-01-13T17:46:43+00:00\",\"author\":{\"@id\":\"https:\/\/skimo.73.jarolim.eu\/sportler\/#\/schema\/person\/796ecbce6796efca58bf848ca63ec12c\"},\"breadcrumb\":{\"@id\":\"https:\/\/www.skimo.at\/sportler\/614\/skialp-race-ahrntal-tag-3-individualrennen\/#breadcrumb\"},\"inLanguage\":\"de\",\"potentialAction\":[{\"@type\":\"ReadAction\",\"target\":[\"https:\/\/www.skimo.at\/sportler\/614\/skialp-race-ahrntal-tag-3-individualrennen\/\"]}]},{\"@type\":\"BreadcrumbList\",\"@id\":\"https:\/\/www.skimo.at\/sportler\/614\/skialp-race-ahrntal-tag-3-individualrennen\/#breadcrumb\",\"itemListElement\":[{\"@type\":\"ListItem\",\"position\":1,\"item\":{\"@type\":\"WebPage\",\"@id\":\"https:\/\/skimo.73.jarolim.eu\/sportler\/\",\"url\":\"https:\/\/skimo.73.jarolim.eu\/sportler\/\",\"name\":\"Home\"}},{\"@type\":\"ListItem\",\"position\":2,\"item\":{\"@id\":\"https:\/\/www.skimo.at\/sportler\/614\/skialp-race-ahrntal-tag-3-individualrennen\/#webpage\"}}]},{\"@type\":\"Person\",\"@id\":\"https:\/\/skimo.73.jarolim.eu\/sportler\/#\/schema\/person\/796ecbce6796efca58bf848ca63ec12c\",\"name\":\"kposch\",\"image\":{\"@type\":\"ImageObject\",\"@id\":\"https:\/\/skimo.73.jarolim.eu\/sportler\/#personlogo\",\"inLanguage\":\"de\",\"url\":\"https:\/\/secure.gravatar.com\/avatar\/e9f5f28da60e5e563d3f4d3cc0b9b425?s=96&r=g\",\"contentUrl\":\"https:\/\/secure.gravatar.com\/avatar\/e9f5f28da60e5e563d3f4d3cc0b9b425?s=96&r=g\",\"caption\":\"kposch\"},\"url\":\"https:\/\/www.skimo.at\/sportler\/author\/kposch\/\"}]}<\/script>\n<!-- \/ Yoast SEO plugin. -->","_links":{"self":[{"href":"https:\/\/www.skimo.at\/sportler\/wp-json\/wp\/v2\/posts\/614"}],"collection":[{"href":"https:\/\/www.skimo.at\/sportler\/wp-json\/wp\/v2\/posts"}],"about":[{"href":"https:\/\/www.skimo.at\/sportler\/wp-json\/wp\/v2\/types\/post"}],"author":[{"embeddable":true,"href":"https:\/\/www.skimo.at\/sportler\/wp-json\/wp\/v2\/users\/3"}],"replies":[{"embeddable":true,"href":"https:\/\/www.skimo.at\/sportler\/wp-json\/wp\/v2\/comments?post=614"}],"version-history":[{"count":4,"href":"https:\/\/www.skimo.at\/sportler\/wp-json\/wp\/v2\/posts\/614\/revisions"}],"predecessor-version":[{"id":638,"href":"https:\/\/www.skimo.at\/sportler\/wp-json\/wp\/v2\/posts\/614\/revisions\/638"}],"wp:featuredmedia":[{"embeddable":true,"href":"https:\/\/www.skimo.at\/sportler\/wp-json\/wp\/v2\/media\/629"}],"wp:attachment":[{"href":"https:\/\/www.skimo.at\/sportler\/wp-json\/wp\/v2\/media?parent=614"}],"wp:term":[{"taxonomy":"category","embeddable":true,"href":"https:\/\/www.skimo.at\/sportler\/wp-json\/wp\/v2\/categories?post=614"},{"taxonomy":"post_tag","embeddable":true,"href":"https:\/\/www.skimo.at\/sportler\/wp-json\/wp\/v2\/tags?post=614"}],"curies":[{"name":"wp","href":"https:\/\/api.w.org\/{rel}","templated":true}]}}