{"id":593,"date":"2013-01-12T14:03:38","date_gmt":"2013-01-12T12:03:38","guid":{"rendered":"http:\/\/www.skimo.at\/sportler\/?p=593"},"modified":"2013-01-12T17:24:51","modified_gmt":"2013-01-12T15:24:51","slug":"skialp-race-ahntal-tag-2-vertical-race","status":"publish","type":"post","link":"https:\/\/www.skimo.at\/sportler\/593\/skialp-race-ahntal-tag-2-vertical-race\/","title":{"rendered":"SkiAlp Race Ahntal Tag 2: Vertical Race"},"content":{"rendered":"<p>&nbsp;<\/p>\n<p>Nicht so ganz nach Wunsch verlief es f\u00fcr die \u00d6sterreichische Nationalmannschaft beim heutigen Weltcup Start in Italien. In gro\u00dfer Abordnung ist die Mannschaft zum SkiAlp Race Ahntal geschickt worden, beide Bewerbe am Rennwochenende (Vertical und Individual) gelten immerhin nach der Absage des Laserzlaufes als Qualifikationsbewerbe f\u00fcr die WM in Pelvoux im Februar. Der erste Bewerb lief aber hinsichtlich der Ergebnisse nicht ganz nach den Vorstellungen der Athleten, sowie des Trainers.<\/p>\n<p>Am Programm stand heute das Vertical Race. Sechs der insgesamt neun anwesenden Athleten des Teams starteten in dieser Disziplin. Die Strecke war sehr flach angelegt, an einer Forststra\u00dfe entlang mit nur wenigen kurzen Steilstellen, ein Streckenprofil, welches unseren Athleten absolut nicht entgegen kam. Anstelle alpinistischer Anforderungen musste hier mehr Augenmerk auf ein gutes Gleitk\u00f6nnen gelegt werden.<\/p>\n<p>Kilian Jornet Burgada (ESP) bewies wieder einmal mehr, dass er auch in dieser Saison wieder einer der st\u00e4rksten Skibergsteiger sein wird, wenngleich die Zeitabst\u00e4nde nach hinten sehr sehr knapp waren. Mit lediglich 7 Sekunden Vorsprung bei einer Gesamtzeit von 31:45,0 siegte er vor den beiden Franzosen Matheo Jacquemoud und William Bon Mardion. Mit nur 1 Minute R\u00fcckstand befand man sich als Athlet nicht einmal mehr unter den TopTen! Ein deutlicher Beweis daf\u00fcr, wie stark die Dichte an der Spitze inzwischen ist. Die starken Zeiten der vorderen R\u00e4nge f\u00fchrten aber leider dazu, dass die \u00d6sterreicher mit \u00fcber 4 Minuten R\u00fcckstand gerade mal im hinteren Bereich der Rangliste zu finden sein konnten\u2026 Rang 35 f\u00fcr Martin Wei\u00dfkopf als besten \u00d6sterreicher, gefolgt von Martin Islitzer an 36. Stelle, Markus Stock am 37. Rang, Thomas Wallner erreichte als 39. das Ziel. Insgesamt waren 45 Athleten in dieser Klasse am Start. Aufgegliedert in die Espoir Klasse hei\u00dft dies f\u00fcr Martin Wei\u00dfkopf den 13. Rang, f\u00fcr seinen Teamkollegen Martin Islitzer den 14. Auf einen TopTen Platz geht ihnen hier gute eine Minute ab. Aufhorchen lie\u00df Andreas Tockner: der Steirer erreichte in der offenen Klasse den vierten Rang, er h\u00e4tte mit seiner Zeit in der ISMF Wertung sogar den 27. Platz geschafft!<\/p>\n<p>Youngster Clemens Steinberger hat sich bei seinem ersten offiziellen Rennen im Nationalteam tapfer gegen ein stark besetztes Feld mit etlichen \u00e4lteren Jahrg\u00e4ngen geschlagen. Als 13. von 14 Startern in seiner Klasse kann man zwar rangm\u00e4\u00dfig weniger von einem zufriedenstellenden Ergebnis sprechen, zu beachten ist hier aber ohne Zweifel, dass es f\u00fcr ihn nach der Marmotta Trophy im Vorjahr erst das zweite internationale Rennen ist, welches er bestritten hat. \u201eClemens ist derzeit einfach unter den Jahrgangsj\u00fcngsten. Er holt sich jetzt seine Erfahrung und wird im Laufe der Saison daher sicher noch mehr von sich h\u00f6ren lassen\u201c, so der Kommentar von Trainer Alexander Lugger.<\/p>\n<p>Das \u00f6sterreichische Team mit einem relativ guten Ergebnis hat Michaela Essl vertreten. Sie schaffte den 8. Rang in der Damenklasse, bei einem starken Teilnehmerfeld und insgesamt 18 Athletinnen ein respektables Ergebnis. Vor allem wenn man betrachtet, dass der R\u00fcckstand auf die Siegerin Laetitia Roux (FRA) lediglich 3 Minuten und 24 Sekunden betr\u00e4gt und Michi Essl dabei die Strecke absolut nicht gelegen ist.<\/p>\n<p>Alex Lugger zusammenfassend zu den heutigen Ergebnisse: \u201eMit der Leistung von Michi Essl bin ich recht zufrieden. Ihr geringer R\u00fcckstand ist bei diesem Streckenprofil absolut vertretbar. Weniger gl\u00fccklich machen mich die Platzierungen der Herren, die im \u201aViererpack\u2018 nahezu zeitlich ins Ziel gekommen sind. Hier hoffe ich schon, dass wir morgen mit dem gr\u00f6\u00dferen Team inklusive Fasser, Brugger und Herrmann mehr aufzeigen k\u00f6nnen. Die anspruchsvolle und technisch schwierige Streckenf\u00fchrung im Individualbewerb wird unseren Athleten zugutekommen.\u201c<\/p>\n<p>Morgen steht der Individual Bewerb am Programm, auf dem laut Lugger das Hauptaugenmerk gelegt wird. Neben den heutigen Athleten werden noch Alex Fasser, Jakob Herrmann und Philipp Brugger ihr Bestes geben.<\/p>\n<p>Wir werden nat\u00fcrlich unsere Leser sobald Ergebnisse bekannt sind wieder informieren!<\/p>\n","protected":false},"excerpt":{"rendered":"<p>&nbsp; Nicht so ganz nach Wunsch verlief es f\u00fcr die \u00d6sterreichische Nationalmannschaft beim heutigen Weltcup Start in Italien. In gro\u00dfer Abordnung ist die Mannschaft zum SkiAlp Race Ahntal geschickt worden, beide Bewerbe am Rennwochenende (Vertical und Individual) gelten immerhin nach der Absage des Laserzlaufes als Qualifikationsbewerbe f\u00fcr die WM in Pelvoux im Februar. Der erste [&hellip;]<\/p>\n","protected":false},"author":4,"featured_media":0,"comment_status":"closed","ping_status":"closed","sticky":false,"template":"","format":"standard","meta":[],"categories":[11,3],"tags":[],"yoast_head":"<!-- This site is optimized with the Yoast SEO plugin v16.3 - https:\/\/yoast.com\/wordpress\/plugins\/seo\/ -->\n<title>SkiAlp Race Ahntal Tag 2: Vertical Race - Sportler<\/title>\n<meta name=\"robots\" content=\"index, follow, max-snippet:-1, max-image-preview:large, max-video-preview:-1\" \/>\n<link rel=\"canonical\" href=\"https:\/\/www.skimo.at\/sportler\/593\/skialp-race-ahntal-tag-2-vertical-race\/\" \/>\n<meta property=\"og:locale\" content=\"de_DE\" \/>\n<meta property=\"og:type\" content=\"article\" \/>\n<meta property=\"og:title\" content=\"SkiAlp Race Ahntal Tag 2: Vertical Race - Sportler\" \/>\n<meta property=\"og:description\" content=\"&nbsp; Nicht so ganz nach Wunsch verlief es f\u00fcr die \u00d6sterreichische Nationalmannschaft beim heutigen Weltcup Start in Italien. In gro\u00dfer Abordnung ist die Mannschaft zum SkiAlp Race Ahntal geschickt worden, beide Bewerbe am Rennwochenende (Vertical und Individual) gelten immerhin nach der Absage des Laserzlaufes als Qualifikationsbewerbe f\u00fcr die WM in Pelvoux im Februar. Der erste [&hellip;]\" \/>\n<meta property=\"og:url\" content=\"https:\/\/www.skimo.at\/sportler\/593\/skialp-race-ahntal-tag-2-vertical-race\/\" \/>\n<meta property=\"og:site_name\" content=\"Sportler\" \/>\n<meta property=\"article:published_time\" content=\"2013-01-12T12:03:38+00:00\" \/>\n<meta property=\"article:modified_time\" content=\"2013-01-12T15:24:51+00:00\" \/>\n<meta name=\"twitter:card\" content=\"summary\" \/>\n<meta name=\"twitter:label1\" content=\"Gesch\u00e4tzte Lesezeit\">\n\t<meta name=\"twitter:data1\" content=\"3\u00a0Minuten\">\n<script type=\"application\/ld+json\" class=\"yoast-schema-graph\">{\"@context\":\"https:\/\/schema.org\",\"@graph\":[{\"@type\":\"WebSite\",\"@id\":\"https:\/\/skimo.73.jarolim.eu\/sportler\/#website\",\"url\":\"https:\/\/skimo.73.jarolim.eu\/sportler\/\",\"name\":\"Sportler\",\"description\":\"\",\"potentialAction\":[{\"@type\":\"SearchAction\",\"target\":\"https:\/\/skimo.73.jarolim.eu\/sportler\/?s={search_term_string}\",\"query-input\":\"required name=search_term_string\"}],\"inLanguage\":\"de\"},{\"@type\":\"WebPage\",\"@id\":\"https:\/\/www.skimo.at\/sportler\/593\/skialp-race-ahntal-tag-2-vertical-race\/#webpage\",\"url\":\"https:\/\/www.skimo.at\/sportler\/593\/skialp-race-ahntal-tag-2-vertical-race\/\",\"name\":\"SkiAlp Race Ahntal Tag 2: Vertical Race - Sportler\",\"isPartOf\":{\"@id\":\"https:\/\/skimo.73.jarolim.eu\/sportler\/#website\"},\"datePublished\":\"2013-01-12T12:03:38+00:00\",\"dateModified\":\"2013-01-12T15:24:51+00:00\",\"author\":{\"@id\":\"https:\/\/skimo.73.jarolim.eu\/sportler\/#\/schema\/person\/89e18f4c3d09b5434dbc2dc0cefbcd30\"},\"breadcrumb\":{\"@id\":\"https:\/\/www.skimo.at\/sportler\/593\/skialp-race-ahntal-tag-2-vertical-race\/#breadcrumb\"},\"inLanguage\":\"de\",\"potentialAction\":[{\"@type\":\"ReadAction\",\"target\":[\"https:\/\/www.skimo.at\/sportler\/593\/skialp-race-ahntal-tag-2-vertical-race\/\"]}]},{\"@type\":\"BreadcrumbList\",\"@id\":\"https:\/\/www.skimo.at\/sportler\/593\/skialp-race-ahntal-tag-2-vertical-race\/#breadcrumb\",\"itemListElement\":[{\"@type\":\"ListItem\",\"position\":1,\"item\":{\"@type\":\"WebPage\",\"@id\":\"https:\/\/skimo.73.jarolim.eu\/sportler\/\",\"url\":\"https:\/\/skimo.73.jarolim.eu\/sportler\/\",\"name\":\"Home\"}},{\"@type\":\"ListItem\",\"position\":2,\"item\":{\"@id\":\"https:\/\/www.skimo.at\/sportler\/593\/skialp-race-ahntal-tag-2-vertical-race\/#webpage\"}}]},{\"@type\":\"Person\",\"@id\":\"https:\/\/skimo.73.jarolim.eu\/sportler\/#\/schema\/person\/89e18f4c3d09b5434dbc2dc0cefbcd30\",\"name\":\"aspielbuechler\",\"image\":{\"@type\":\"ImageObject\",\"@id\":\"https:\/\/skimo.73.jarolim.eu\/sportler\/#personlogo\",\"inLanguage\":\"de\",\"url\":\"https:\/\/secure.gravatar.com\/avatar\/1220d25619b41a33e4710c8b968dc56e?s=96&r=g\",\"contentUrl\":\"https:\/\/secure.gravatar.com\/avatar\/1220d25619b41a33e4710c8b968dc56e?s=96&r=g\",\"caption\":\"aspielbuechler\"},\"url\":\"https:\/\/www.skimo.at\/sportler\/author\/aspielbuechler\/\"}]}<\/script>\n<!-- \/ Yoast SEO plugin. -->","_links":{"self":[{"href":"https:\/\/www.skimo.at\/sportler\/wp-json\/wp\/v2\/posts\/593"}],"collection":[{"href":"https:\/\/www.skimo.at\/sportler\/wp-json\/wp\/v2\/posts"}],"about":[{"href":"https:\/\/www.skimo.at\/sportler\/wp-json\/wp\/v2\/types\/post"}],"author":[{"embeddable":true,"href":"https:\/\/www.skimo.at\/sportler\/wp-json\/wp\/v2\/users\/4"}],"replies":[{"embeddable":true,"href":"https:\/\/www.skimo.at\/sportler\/wp-json\/wp\/v2\/comments?post=593"}],"version-history":[{"count":8,"href":"https:\/\/www.skimo.at\/sportler\/wp-json\/wp\/v2\/posts\/593\/revisions"}],"predecessor-version":[{"id":596,"href":"https:\/\/www.skimo.at\/sportler\/wp-json\/wp\/v2\/posts\/593\/revisions\/596"}],"wp:attachment":[{"href":"https:\/\/www.skimo.at\/sportler\/wp-json\/wp\/v2\/media?parent=593"}],"wp:term":[{"taxonomy":"category","embeddable":true,"href":"https:\/\/www.skimo.at\/sportler\/wp-json\/wp\/v2\/categories?post=593"},{"taxonomy":"post_tag","embeddable":true,"href":"https:\/\/www.skimo.at\/sportler\/wp-json\/wp\/v2\/tags?post=593"}],"curies":[{"name":"wp","href":"https:\/\/api.w.org\/{rel}","templated":true}]}}