{"id":584,"date":"2013-01-11T20:07:28","date_gmt":"2013-01-11T18:07:28","guid":{"rendered":"http:\/\/www.skimo.at\/sportler\/?p=584"},"modified":"2013-01-11T20:08:25","modified_gmt":"2013-01-11T18:08:25","slug":"scarpa-ismf-weltcup-ahrntal-tag-1-anreise-und-besichtigung","status":"publish","type":"post","link":"https:\/\/www.skimo.at\/sportler\/584\/scarpa-ismf-weltcup-ahrntal-tag-1-anreise-und-besichtigung\/","title":{"rendered":"SCARPA ISMF Weltcup Ahrntal Tag 1 \u2013 Anreise und Besichtigung"},"content":{"rendered":"<p><span style=\"font-size: medium\"><span style=\"color: #000000\"><span style=\"font-family: Calibri\">Unsere Mannschaft ist mittlerweile vollz\u00e4hlig in Wei\u00dfenbach im Ahrntal (ITA) angekommen und sitzt seit 18:00 Uhr im Briefing f\u00fcr das morgige Verticalrennen.<\/span><\/span><\/span><\/p>\n<p><span style=\"font-size: medium\"><span style=\"color: #000000\"><span style=\"font-family: Calibri\">Schon am Nachmittag im Ahrntal waren Trainer Alex Lugger, die beiden Oschttiroler Martin Weisskopf und Martin Islitzer. Die Frage , ob denn die Individualstrecke die sie heute besichtigt haben, den Vorstellungen der Athleten entspricht, konnten sie mit einem klaren und aussagekr\u00e4ftigen \u201eWoll, woll\u201c beantworten.\u00a0 Naja, ein paar Details konnten wir trotzdem erfragen: im unteren Teil ist die Strecke im Wald technisch schwierig und hart, im oberen Teil dann pulvrig und z.T. windverfrachtet, aber gut zu fahren. Auch unsere Werbegams, die am sp\u00e4ten Abend ankam und die Strecke ebenfalls besichtigte, war recht angetan: schnelle, griffige und gut zu fahrende Abfahrten. Die Anstiege sind auch f\u00fcr Weltcupverh\u00e4ltnisse sehr flach angelegt, gut gleiten zu k\u00f6nnen, wird am Sonntag also ein Kriterium sein.<\/span><\/span><\/span><\/p>\n<p><span style=\"font-size: medium\"><span style=\"color: #000000\"><span style=\"font-family: Calibri\">F\u00fcrs morgige Verticalrennen (Start 9:30 Junioren, 10:00 Uhr Senioren) ist die Strecke ausgesprochen flach, geht entlang einer Forststra\u00dfe nur mit einigen Steilstellen aufw\u00e4rts. Schwierig wird da die Wahl der Felle: die Gleitfelle kommen den Langl\u00e4ufern entgegen, die besser steigenden Felle sind wieder besser auf den Zwischenst\u00fccken. Entschieden wird wahrscheinlich erst morgen, wenn die Temperaturen klar sind.<br \/>\nDas Wetter d\u00fcrfte f\u00fcr morgen perfekt und kalt sein.<\/span><\/span><\/span><\/p>\n<p><span style=\"font-size: medium\"><span style=\"color: #000000\"><span style=\"font-family: Calibri\">Heute Abend steht noch das interne Mannschaftsbriefing auf dem Plan, dann Vorbereitung auf das morgige Rennen. Wir w\u00fcnschen unseren Athleten und der Athletin alles Gute!<\/span><\/span><\/span><\/p>\n<p><a href=\"http:\/\/www.skialprace-ahrntal.com\/skitour-ahrntal-programm.htm\"><span style=\"font-size: medium\"><span style=\"color: #000000\"><span style=\"font-family: Calibri\">Hier gehts zur Webseite der Veranstaltung<\/span><\/span><\/span><\/a><\/p>\n","protected":false},"excerpt":{"rendered":"<p>Unsere Mannschaft ist mittlerweile vollz\u00e4hlig in Wei\u00dfenbach im Ahrntal (ITA) angekommen und sitzt seit 18:00 Uhr im Briefing f\u00fcr das morgige Verticalrennen. Schon am Nachmittag im Ahrntal waren Trainer Alex Lugger, die beiden Oschttiroler Martin Weisskopf und Martin Islitzer. Die Frage , ob denn die Individualstrecke die sie heute besichtigt haben, den Vorstellungen der Athleten [&hellip;]<\/p>\n","protected":false},"author":3,"featured_media":0,"comment_status":"closed","ping_status":"closed","sticky":false,"template":"","format":"standard","meta":[],"categories":[1,11,3],"tags":[],"yoast_head":"<!-- This site is optimized with the Yoast SEO plugin v16.3 - https:\/\/yoast.com\/wordpress\/plugins\/seo\/ -->\n<title>SCARPA ISMF Weltcup Ahrntal Tag 1 \u2013 Anreise und Besichtigung - Sportler<\/title>\n<meta name=\"robots\" content=\"index, follow, max-snippet:-1, max-image-preview:large, max-video-preview:-1\" \/>\n<link rel=\"canonical\" href=\"https:\/\/www.skimo.at\/sportler\/584\/scarpa-ismf-weltcup-ahrntal-tag-1-anreise-und-besichtigung\/\" \/>\n<meta property=\"og:locale\" content=\"de_DE\" \/>\n<meta property=\"og:type\" content=\"article\" \/>\n<meta property=\"og:title\" content=\"SCARPA ISMF Weltcup Ahrntal Tag 1 \u2013 Anreise und Besichtigung - Sportler\" \/>\n<meta property=\"og:description\" content=\"Unsere Mannschaft ist mittlerweile vollz\u00e4hlig in Wei\u00dfenbach im Ahrntal (ITA) angekommen und sitzt seit 18:00 Uhr im Briefing f\u00fcr das morgige Verticalrennen. Schon am Nachmittag im Ahrntal waren Trainer Alex Lugger, die beiden Oschttiroler Martin Weisskopf und Martin Islitzer. Die Frage , ob denn die Individualstrecke die sie heute besichtigt haben, den Vorstellungen der Athleten [&hellip;]\" \/>\n<meta property=\"og:url\" content=\"https:\/\/www.skimo.at\/sportler\/584\/scarpa-ismf-weltcup-ahrntal-tag-1-anreise-und-besichtigung\/\" \/>\n<meta property=\"og:site_name\" content=\"Sportler\" \/>\n<meta property=\"article:published_time\" content=\"2013-01-11T18:07:28+00:00\" \/>\n<meta property=\"article:modified_time\" content=\"2013-01-11T18:08:25+00:00\" \/>\n<meta name=\"twitter:card\" content=\"summary\" \/>\n<meta name=\"twitter:label1\" content=\"Gesch\u00e4tzte Lesezeit\">\n\t<meta name=\"twitter:data1\" content=\"1\u00a0Minute\">\n<script type=\"application\/ld+json\" class=\"yoast-schema-graph\">{\"@context\":\"https:\/\/schema.org\",\"@graph\":[{\"@type\":\"WebSite\",\"@id\":\"https:\/\/skimo.73.jarolim.eu\/sportler\/#website\",\"url\":\"https:\/\/skimo.73.jarolim.eu\/sportler\/\",\"name\":\"Sportler\",\"description\":\"\",\"potentialAction\":[{\"@type\":\"SearchAction\",\"target\":\"https:\/\/skimo.73.jarolim.eu\/sportler\/?s={search_term_string}\",\"query-input\":\"required name=search_term_string\"}],\"inLanguage\":\"de\"},{\"@type\":\"WebPage\",\"@id\":\"https:\/\/www.skimo.at\/sportler\/584\/scarpa-ismf-weltcup-ahrntal-tag-1-anreise-und-besichtigung\/#webpage\",\"url\":\"https:\/\/www.skimo.at\/sportler\/584\/scarpa-ismf-weltcup-ahrntal-tag-1-anreise-und-besichtigung\/\",\"name\":\"SCARPA ISMF Weltcup Ahrntal Tag 1 \\u2013 Anreise und Besichtigung - Sportler\",\"isPartOf\":{\"@id\":\"https:\/\/skimo.73.jarolim.eu\/sportler\/#website\"},\"datePublished\":\"2013-01-11T18:07:28+00:00\",\"dateModified\":\"2013-01-11T18:08:25+00:00\",\"author\":{\"@id\":\"https:\/\/skimo.73.jarolim.eu\/sportler\/#\/schema\/person\/796ecbce6796efca58bf848ca63ec12c\"},\"breadcrumb\":{\"@id\":\"https:\/\/www.skimo.at\/sportler\/584\/scarpa-ismf-weltcup-ahrntal-tag-1-anreise-und-besichtigung\/#breadcrumb\"},\"inLanguage\":\"de\",\"potentialAction\":[{\"@type\":\"ReadAction\",\"target\":[\"https:\/\/www.skimo.at\/sportler\/584\/scarpa-ismf-weltcup-ahrntal-tag-1-anreise-und-besichtigung\/\"]}]},{\"@type\":\"BreadcrumbList\",\"@id\":\"https:\/\/www.skimo.at\/sportler\/584\/scarpa-ismf-weltcup-ahrntal-tag-1-anreise-und-besichtigung\/#breadcrumb\",\"itemListElement\":[{\"@type\":\"ListItem\",\"position\":1,\"item\":{\"@type\":\"WebPage\",\"@id\":\"https:\/\/skimo.73.jarolim.eu\/sportler\/\",\"url\":\"https:\/\/skimo.73.jarolim.eu\/sportler\/\",\"name\":\"Home\"}},{\"@type\":\"ListItem\",\"position\":2,\"item\":{\"@id\":\"https:\/\/www.skimo.at\/sportler\/584\/scarpa-ismf-weltcup-ahrntal-tag-1-anreise-und-besichtigung\/#webpage\"}}]},{\"@type\":\"Person\",\"@id\":\"https:\/\/skimo.73.jarolim.eu\/sportler\/#\/schema\/person\/796ecbce6796efca58bf848ca63ec12c\",\"name\":\"kposch\",\"image\":{\"@type\":\"ImageObject\",\"@id\":\"https:\/\/skimo.73.jarolim.eu\/sportler\/#personlogo\",\"inLanguage\":\"de\",\"url\":\"https:\/\/secure.gravatar.com\/avatar\/e9f5f28da60e5e563d3f4d3cc0b9b425?s=96&r=g\",\"contentUrl\":\"https:\/\/secure.gravatar.com\/avatar\/e9f5f28da60e5e563d3f4d3cc0b9b425?s=96&r=g\",\"caption\":\"kposch\"},\"url\":\"https:\/\/www.skimo.at\/sportler\/author\/kposch\/\"}]}<\/script>\n<!-- \/ Yoast SEO plugin. -->","_links":{"self":[{"href":"https:\/\/www.skimo.at\/sportler\/wp-json\/wp\/v2\/posts\/584"}],"collection":[{"href":"https:\/\/www.skimo.at\/sportler\/wp-json\/wp\/v2\/posts"}],"about":[{"href":"https:\/\/www.skimo.at\/sportler\/wp-json\/wp\/v2\/types\/post"}],"author":[{"embeddable":true,"href":"https:\/\/www.skimo.at\/sportler\/wp-json\/wp\/v2\/users\/3"}],"replies":[{"embeddable":true,"href":"https:\/\/www.skimo.at\/sportler\/wp-json\/wp\/v2\/comments?post=584"}],"version-history":[{"count":2,"href":"https:\/\/www.skimo.at\/sportler\/wp-json\/wp\/v2\/posts\/584\/revisions"}],"predecessor-version":[{"id":592,"href":"https:\/\/www.skimo.at\/sportler\/wp-json\/wp\/v2\/posts\/584\/revisions\/592"}],"wp:attachment":[{"href":"https:\/\/www.skimo.at\/sportler\/wp-json\/wp\/v2\/media?parent=584"}],"wp:term":[{"taxonomy":"category","embeddable":true,"href":"https:\/\/www.skimo.at\/sportler\/wp-json\/wp\/v2\/categories?post=584"},{"taxonomy":"post_tag","embeddable":true,"href":"https:\/\/www.skimo.at\/sportler\/wp-json\/wp\/v2\/tags?post=584"}],"curies":[{"name":"wp","href":"https:\/\/api.w.org\/{rel}","templated":true}]}}