{"id":566,"date":"2013-01-09T10:05:10","date_gmt":"2013-01-09T08:05:10","guid":{"rendered":"http:\/\/www.skimo.at\/sportler\/?p=566"},"modified":"2013-01-09T10:38:06","modified_gmt":"2013-01-09T08:38:06","slug":"erster-weltcupeinsatz-steht-in-italien-bevor-skialprace-ahrntal-12-13-1-2013","status":"publish","type":"post","link":"https:\/\/www.skimo.at\/sportler\/566\/erster-weltcupeinsatz-steht-in-italien-bevor-skialprace-ahrntal-12-13-1-2013\/","title":{"rendered":"Erster Weltcupeinsatz steht in Italien bevor: Skialprace Ahrntal 12. + 13.1.2013"},"content":{"rendered":"<p><span style=\"font-family: Calibri\"><span style=\"font-size: medium\"><span style=\"color: #000000\">Am kommenden Wochenende ist es f\u00fcr die Athleten der \u00d6sterreichischen Nationalmannschaft so weit: der erste internationale Einsatz steht bevor. Im S\u00fcdtiroler Ahrntal findet am Sa. 12.1. das erste Verticalrennen und am So. 13.1. das erste Individualrennen des SCARPA ISMF Weltcups 2013 statt.<\/span><\/span><\/span><\/p>\n<p><span style=\"font-family: Calibri\"><span style=\"font-size: medium\"><span style=\"color: #000000\">F\u00fcr \u00d6sterreich unterwegs ist ein ausgesprochen gro\u00dfes Team, da es nach der Absage des Laserzlaufs auch um die Quali f\u00fcr die WM im Februar geht. Um aber beste Leistungen zu bringen, treten nicht alle Athleten bei beiden Rennen an. Mit dabei sind:<\/span><\/span><\/span><\/p>\n<ul>\n<li><span style=\"color: #000000\"><span style=\"font-size: medium\"><span style=\"font-family: Calibri\">Brugger Philipp (TIROL), Espoir: Individiual<\/span><\/span><\/span><\/li>\n<li><span style=\"color: #000000\"><span style=\"font-family: Calibri\"><span style=\"font-size: medium\">Essl Michaela (SBG), Senior: Vertical und Individual<\/span><\/span><\/span><\/li>\n<li><span style=\"color: #000000\"><span style=\"font-size: medium\"><span style=\"font-family: Calibri\">Fasser Alexander (TIROL), Senior: Individual<\/span><\/span><\/span><\/li>\n<li><span style=\"color: #000000\"><span style=\"font-size: medium\"><span style=\"font-family: Calibri\">Hermann Jakob (SBG), Senior: Individual<\/span><\/span><\/span><\/li>\n<li><span style=\"color: #000000\"><span style=\"font-family: Calibri\"><span style=\"font-size: medium\">Islitzer Martin (TIROL), Espoir: Vertical und Individual<\/span><\/span><\/span><\/li>\n<li><span style=\"color: #000000\"><span style=\"font-family: Calibri\"><span style=\"font-size: medium\">Steinberger Clemens (TIROL), Junior: Vertical und Individual<\/span><\/span><\/span><\/li>\n<li><span style=\"color: #000000\"><span style=\"font-family: Calibri\"><span style=\"font-size: medium\">Stock Markus (SBG), Senior: Vertical und Individual<\/span><\/span><\/span><\/li>\n<li><span style=\"color: #000000\"><span style=\"font-family: Calibri\"><span style=\"font-size: medium\">Wallner Thomas (SBG), Senior: Vertical und Individual<\/span><\/span><\/span><\/li>\n<li><span style=\"color: #000000\"><span style=\"font-size: medium\"><span style=\"font-family: Calibri\">Weisskopf Martin (TIROL), Espoir: Vertical und Individual<\/span><\/span><\/span><\/li>\n<\/ul>\n<p><span style=\"font-size: medium\"><span style=\"color: #000000\"><span style=\"font-family: Calibri\">Verletzungsbedingt bleiben Veronika Swidrak und Daniel Rohringer zu Hause, Ina Forchthammer bleibt zu Hause, weil sie nicht in der ISMF Klasse starten d\u00fcrfte und sich daher lieber schont.<\/span><\/span><\/span><\/p>\n<p><span style=\"font-size: medium\"><span style=\"color: #000000\"><span style=\"font-family: Calibri\">Als Betreuer begleiten das Team Bundestrainer Alexander Lugger, Fotograf Christian \u201eWerbegams\u201c Gamsj\u00e4ger und Karl Posch.<\/span><\/span><\/span><\/p>\n<p><span style=\"font-size: medium\"><span style=\"color: #000000\"><span style=\"font-family: Calibri\">Die Streckenf\u00fchrung oberhalb von Wei\u00dfenbach d\u00fcrfte wie im Original durchgef\u00fchrt werden. Das Vertical Race auf die G\u00f6ge-Alm (640 hm) und das Individual Rennen zwischen Mitterberger- und Wurmtal (Herren 1.745 hm, Damen und Junioren 1.155 hm, Cadetten 780 hm). Die Schneeverh\u00e4ltnisse sind relativ gut, auch das Wetter verspricht stabil zu bleiben.<\/span><\/span><\/span><\/p>\n<p><span style=\"font-size: medium\"><span style=\"color: #000000\"><span style=\"font-family: Calibri\">Die Erwartungen f\u00fcr \u00d6sterreich fasst Alexander Lugger zusammen: \u201eBei den Herren und Espoirs erwarte ich mir schon jeweils Top10 Pl\u00e4tze, bei den Damen w\u00e4re mit Michi Essl ein Top5 Platz m\u00f6glich. Clemens Steinberger ist als j\u00fcngster der Junioren in seiner Klasse unterwegs, deshalb ist jede Platzierung ein Erfolg\u2026es wird jedenfalls spannend, die erste gro\u00dfe \u00dcberpr\u00fcfung vor versammelter Weltspitze.\u201c<\/span><\/span><\/span><\/p>\n<p><span style=\"font-size: medium\"><span style=\"color: #000000\"><span style=\"font-family: Calibri\">\u00dcbrigens: das Skialp-Race Ahrntal ist auch f\u00fcr Amateure offen, eine Anmeldung ist in der offenen Klasse problemlos m\u00f6glich.<\/span><\/span><\/span><\/p>\n<p><span style=\"font-size: medium\"><span style=\"color: #000000\"><span style=\"font-family: Calibri\"><a href=\"http:\/\/www.skialprace-ahrntal.com\/\">Hier geht\u2019s zur Webseite des Rennens<\/a>.<\/span><\/span><\/span><\/p>\n","protected":false},"excerpt":{"rendered":"<p>Am kommenden Wochenende ist es f\u00fcr die Athleten der \u00d6sterreichischen Nationalmannschaft so weit: der erste internationale Einsatz steht bevor. Im S\u00fcdtiroler Ahrntal findet am Sa. 12.1. das erste Verticalrennen und am So. 13.1. das erste Individualrennen des SCARPA ISMF Weltcups 2013 statt. F\u00fcr \u00d6sterreich unterwegs ist ein ausgesprochen gro\u00dfes Team, da es nach der Absage [&hellip;]<\/p>\n","protected":false},"author":3,"featured_media":0,"comment_status":"closed","ping_status":"closed","sticky":false,"template":"","format":"standard","meta":[],"categories":[1,11,3],"tags":[],"yoast_head":"<!-- This site is optimized with the Yoast SEO plugin v16.3 - https:\/\/yoast.com\/wordpress\/plugins\/seo\/ -->\n<title>Erster Weltcupeinsatz steht in Italien bevor: Skialprace Ahrntal 12. + 13.1.2013 - Sportler<\/title>\n<meta name=\"robots\" content=\"index, follow, max-snippet:-1, max-image-preview:large, max-video-preview:-1\" \/>\n<link rel=\"canonical\" href=\"https:\/\/www.skimo.at\/sportler\/566\/erster-weltcupeinsatz-steht-in-italien-bevor-skialprace-ahrntal-12-13-1-2013\/\" \/>\n<meta property=\"og:locale\" content=\"de_DE\" \/>\n<meta property=\"og:type\" content=\"article\" \/>\n<meta property=\"og:title\" content=\"Erster Weltcupeinsatz steht in Italien bevor: Skialprace Ahrntal 12. + 13.1.2013 - Sportler\" \/>\n<meta property=\"og:description\" content=\"Am kommenden Wochenende ist es f\u00fcr die Athleten der \u00d6sterreichischen Nationalmannschaft so weit: der erste internationale Einsatz steht bevor. Im S\u00fcdtiroler Ahrntal findet am Sa. 12.1. das erste Verticalrennen und am So. 13.1. das erste Individualrennen des SCARPA ISMF Weltcups 2013 statt. F\u00fcr \u00d6sterreich unterwegs ist ein ausgesprochen gro\u00dfes Team, da es nach der Absage [&hellip;]\" \/>\n<meta property=\"og:url\" content=\"https:\/\/www.skimo.at\/sportler\/566\/erster-weltcupeinsatz-steht-in-italien-bevor-skialprace-ahrntal-12-13-1-2013\/\" \/>\n<meta property=\"og:site_name\" content=\"Sportler\" \/>\n<meta property=\"article:published_time\" content=\"2013-01-09T08:05:10+00:00\" \/>\n<meta property=\"article:modified_time\" content=\"2013-01-09T08:38:06+00:00\" \/>\n<meta name=\"twitter:card\" content=\"summary\" \/>\n<meta name=\"twitter:label1\" content=\"Gesch\u00e4tzte Lesezeit\">\n\t<meta name=\"twitter:data1\" content=\"2\u00a0Minuten\">\n<script type=\"application\/ld+json\" class=\"yoast-schema-graph\">{\"@context\":\"https:\/\/schema.org\",\"@graph\":[{\"@type\":\"WebSite\",\"@id\":\"https:\/\/skimo.73.jarolim.eu\/sportler\/#website\",\"url\":\"https:\/\/skimo.73.jarolim.eu\/sportler\/\",\"name\":\"Sportler\",\"description\":\"\",\"potentialAction\":[{\"@type\":\"SearchAction\",\"target\":\"https:\/\/skimo.73.jarolim.eu\/sportler\/?s={search_term_string}\",\"query-input\":\"required name=search_term_string\"}],\"inLanguage\":\"de\"},{\"@type\":\"WebPage\",\"@id\":\"https:\/\/www.skimo.at\/sportler\/566\/erster-weltcupeinsatz-steht-in-italien-bevor-skialprace-ahrntal-12-13-1-2013\/#webpage\",\"url\":\"https:\/\/www.skimo.at\/sportler\/566\/erster-weltcupeinsatz-steht-in-italien-bevor-skialprace-ahrntal-12-13-1-2013\/\",\"name\":\"Erster Weltcupeinsatz steht in Italien bevor: Skialprace Ahrntal 12. + 13.1.2013 - Sportler\",\"isPartOf\":{\"@id\":\"https:\/\/skimo.73.jarolim.eu\/sportler\/#website\"},\"datePublished\":\"2013-01-09T08:05:10+00:00\",\"dateModified\":\"2013-01-09T08:38:06+00:00\",\"author\":{\"@id\":\"https:\/\/skimo.73.jarolim.eu\/sportler\/#\/schema\/person\/796ecbce6796efca58bf848ca63ec12c\"},\"breadcrumb\":{\"@id\":\"https:\/\/www.skimo.at\/sportler\/566\/erster-weltcupeinsatz-steht-in-italien-bevor-skialprace-ahrntal-12-13-1-2013\/#breadcrumb\"},\"inLanguage\":\"de\",\"potentialAction\":[{\"@type\":\"ReadAction\",\"target\":[\"https:\/\/www.skimo.at\/sportler\/566\/erster-weltcupeinsatz-steht-in-italien-bevor-skialprace-ahrntal-12-13-1-2013\/\"]}]},{\"@type\":\"BreadcrumbList\",\"@id\":\"https:\/\/www.skimo.at\/sportler\/566\/erster-weltcupeinsatz-steht-in-italien-bevor-skialprace-ahrntal-12-13-1-2013\/#breadcrumb\",\"itemListElement\":[{\"@type\":\"ListItem\",\"position\":1,\"item\":{\"@type\":\"WebPage\",\"@id\":\"https:\/\/skimo.73.jarolim.eu\/sportler\/\",\"url\":\"https:\/\/skimo.73.jarolim.eu\/sportler\/\",\"name\":\"Home\"}},{\"@type\":\"ListItem\",\"position\":2,\"item\":{\"@id\":\"https:\/\/www.skimo.at\/sportler\/566\/erster-weltcupeinsatz-steht-in-italien-bevor-skialprace-ahrntal-12-13-1-2013\/#webpage\"}}]},{\"@type\":\"Person\",\"@id\":\"https:\/\/skimo.73.jarolim.eu\/sportler\/#\/schema\/person\/796ecbce6796efca58bf848ca63ec12c\",\"name\":\"kposch\",\"image\":{\"@type\":\"ImageObject\",\"@id\":\"https:\/\/skimo.73.jarolim.eu\/sportler\/#personlogo\",\"inLanguage\":\"de\",\"url\":\"https:\/\/secure.gravatar.com\/avatar\/e9f5f28da60e5e563d3f4d3cc0b9b425?s=96&r=g\",\"contentUrl\":\"https:\/\/secure.gravatar.com\/avatar\/e9f5f28da60e5e563d3f4d3cc0b9b425?s=96&r=g\",\"caption\":\"kposch\"},\"url\":\"https:\/\/www.skimo.at\/sportler\/author\/kposch\/\"}]}<\/script>\n<!-- \/ Yoast SEO plugin. -->","_links":{"self":[{"href":"https:\/\/www.skimo.at\/sportler\/wp-json\/wp\/v2\/posts\/566"}],"collection":[{"href":"https:\/\/www.skimo.at\/sportler\/wp-json\/wp\/v2\/posts"}],"about":[{"href":"https:\/\/www.skimo.at\/sportler\/wp-json\/wp\/v2\/types\/post"}],"author":[{"embeddable":true,"href":"https:\/\/www.skimo.at\/sportler\/wp-json\/wp\/v2\/users\/3"}],"replies":[{"embeddable":true,"href":"https:\/\/www.skimo.at\/sportler\/wp-json\/wp\/v2\/comments?post=566"}],"version-history":[{"count":3,"href":"https:\/\/www.skimo.at\/sportler\/wp-json\/wp\/v2\/posts\/566\/revisions"}],"predecessor-version":[{"id":569,"href":"https:\/\/www.skimo.at\/sportler\/wp-json\/wp\/v2\/posts\/566\/revisions\/569"}],"wp:attachment":[{"href":"https:\/\/www.skimo.at\/sportler\/wp-json\/wp\/v2\/media?parent=566"}],"wp:term":[{"taxonomy":"category","embeddable":true,"href":"https:\/\/www.skimo.at\/sportler\/wp-json\/wp\/v2\/categories?post=566"},{"taxonomy":"post_tag","embeddable":true,"href":"https:\/\/www.skimo.at\/sportler\/wp-json\/wp\/v2\/tags?post=566"}],"curies":[{"name":"wp","href":"https:\/\/api.w.org\/{rel}","templated":true}]}}