{"id":557,"date":"2013-01-02T16:38:19","date_gmt":"2013-01-02T14:38:19","guid":{"rendered":"http:\/\/www.skimo.at\/sportler\/?p=557"},"modified":"2013-01-02T16:46:15","modified_gmt":"2013-01-02T14:46:15","slug":"qualifikation-nationalmannschaft-lauft","status":"publish","type":"post","link":"https:\/\/www.skimo.at\/sportler\/557\/qualifikation-nationalmannschaft-lauft\/","title":{"rendered":"Qualifikation Nationalmannschaft l\u00e4uft"},"content":{"rendered":"<p>Die Qualifikation in die Nationalmannschaft und auch f\u00fcr Entsendungen zu internationalen Bewerben aus der Nationalmannschaft sind in der Saison 2012\/13 bekanntlich die Kriterien \u00fcberarbeitet und versch\u00e4rft worden. Um dem Nachwuchs und interessierten arrivierten Sportlern die Chance f\u00fcr internationale Erfolge zu geben, wurde das Sichtungsprozedere auf Betreiben von Bundestrainer Alexander Lugger ausgeweitet.<\/p>\n<p>Die erste Sichtung war f\u00fcr die Stoderzinken-Challenge am 29.12.2012 angesetzt. Aufgrund von Problemen bei der Streckenf\u00fchrung (f\u00fcr die sich der Veranstalter ausdr\u00fccklich entschuldigt) und damit verbundenen diversen \u201everhauern\u201c von Teilnehmern konnten nur die Zeiten aus der ersten Runde herangezogen werden. Aus entstandenen Videoaufzeichnungen wurden die interessanten Details herausgerechnet.<br \/>\nDetailliertere Informationen erwartet sich Lugger nun aus der \u00d6sterreichischen Meisterschaft Individual, die im Rahmen des Laserzlaufs am 5.1.2013 ausgetragen wird. Um das Bild abzurunden, werden in Hinblick auf die WM der Skibergsteiger von 9. \u2013 15.2.2013 in Frankreich auch noch das champ or cramp am 19.1.2013 und die Hochk\u00f6nigs-Trophy am 27.1.2013 herangezogen.<\/p>\n<p>Zur Erinnerung f\u00fcr alle Interessierten an der Nationalmannschaft: jedermann kann an den jeweiligen Landesverband oder an den Bundestrainer ein ausgef\u00fclltes Athleten-Datenblatt einreichen. Welche Kriterien zu erf\u00fcllen sind, dar\u00fcber informiert das Infoblatt \u201eSelektionsrichtlinien&#8230;\u201c und das Infoblatt \u201eVoraussetzungen\u2026\u201c. Alle drei Dokumente sind diesem Artikel angeh\u00e4ngt.<\/p>\n<p>&nbsp;<\/p>\n<p>&nbsp;<\/p>\n<p>&nbsp;<\/p>\n","protected":false},"excerpt":{"rendered":"<p>Die Qualifikation in die Nationalmannschaft und auch f\u00fcr Entsendungen zu internationalen Bewerben aus der Nationalmannschaft sind in der Saison 2012\/13 bekanntlich die Kriterien \u00fcberarbeitet und versch\u00e4rft worden. Um dem Nachwuchs und interessierten arrivierten Sportlern die Chance f\u00fcr internationale Erfolge zu geben, wurde das Sichtungsprozedere auf Betreiben von Bundestrainer Alexander Lugger ausgeweitet. Die erste Sichtung war [&hellip;]<\/p>\n","protected":false},"author":3,"featured_media":0,"comment_status":"closed","ping_status":"closed","sticky":false,"template":"","format":"standard","meta":[],"categories":[1,9,3,7],"tags":[],"yoast_head":"<!-- This site is optimized with the Yoast SEO plugin v16.3 - https:\/\/yoast.com\/wordpress\/plugins\/seo\/ -->\n<title>Qualifikation Nationalmannschaft l\u00e4uft - Sportler<\/title>\n<meta name=\"robots\" content=\"index, follow, max-snippet:-1, max-image-preview:large, max-video-preview:-1\" \/>\n<link rel=\"canonical\" href=\"https:\/\/www.skimo.at\/sportler\/557\/qualifikation-nationalmannschaft-lauft\/\" \/>\n<meta property=\"og:locale\" content=\"de_DE\" \/>\n<meta property=\"og:type\" content=\"article\" \/>\n<meta property=\"og:title\" content=\"Qualifikation Nationalmannschaft l\u00e4uft - Sportler\" \/>\n<meta property=\"og:description\" content=\"Die Qualifikation in die Nationalmannschaft und auch f\u00fcr Entsendungen zu internationalen Bewerben aus der Nationalmannschaft sind in der Saison 2012\/13 bekanntlich die Kriterien \u00fcberarbeitet und versch\u00e4rft worden. Um dem Nachwuchs und interessierten arrivierten Sportlern die Chance f\u00fcr internationale Erfolge zu geben, wurde das Sichtungsprozedere auf Betreiben von Bundestrainer Alexander Lugger ausgeweitet. Die erste Sichtung war [&hellip;]\" \/>\n<meta property=\"og:url\" content=\"https:\/\/www.skimo.at\/sportler\/557\/qualifikation-nationalmannschaft-lauft\/\" \/>\n<meta property=\"og:site_name\" content=\"Sportler\" \/>\n<meta property=\"article:published_time\" content=\"2013-01-02T14:38:19+00:00\" \/>\n<meta property=\"article:modified_time\" content=\"2013-01-02T14:46:15+00:00\" \/>\n<meta name=\"twitter:card\" content=\"summary\" \/>\n<meta name=\"twitter:label1\" content=\"Gesch\u00e4tzte Lesezeit\">\n\t<meta name=\"twitter:data1\" content=\"1\u00a0Minute\">\n<script type=\"application\/ld+json\" class=\"yoast-schema-graph\">{\"@context\":\"https:\/\/schema.org\",\"@graph\":[{\"@type\":\"WebSite\",\"@id\":\"https:\/\/skimo.73.jarolim.eu\/sportler\/#website\",\"url\":\"https:\/\/skimo.73.jarolim.eu\/sportler\/\",\"name\":\"Sportler\",\"description\":\"\",\"potentialAction\":[{\"@type\":\"SearchAction\",\"target\":\"https:\/\/skimo.73.jarolim.eu\/sportler\/?s={search_term_string}\",\"query-input\":\"required name=search_term_string\"}],\"inLanguage\":\"de\"},{\"@type\":\"WebPage\",\"@id\":\"https:\/\/www.skimo.at\/sportler\/557\/qualifikation-nationalmannschaft-lauft\/#webpage\",\"url\":\"https:\/\/www.skimo.at\/sportler\/557\/qualifikation-nationalmannschaft-lauft\/\",\"name\":\"Qualifikation Nationalmannschaft l\\u00e4uft - Sportler\",\"isPartOf\":{\"@id\":\"https:\/\/skimo.73.jarolim.eu\/sportler\/#website\"},\"datePublished\":\"2013-01-02T14:38:19+00:00\",\"dateModified\":\"2013-01-02T14:46:15+00:00\",\"author\":{\"@id\":\"https:\/\/skimo.73.jarolim.eu\/sportler\/#\/schema\/person\/796ecbce6796efca58bf848ca63ec12c\"},\"breadcrumb\":{\"@id\":\"https:\/\/www.skimo.at\/sportler\/557\/qualifikation-nationalmannschaft-lauft\/#breadcrumb\"},\"inLanguage\":\"de\",\"potentialAction\":[{\"@type\":\"ReadAction\",\"target\":[\"https:\/\/www.skimo.at\/sportler\/557\/qualifikation-nationalmannschaft-lauft\/\"]}]},{\"@type\":\"BreadcrumbList\",\"@id\":\"https:\/\/www.skimo.at\/sportler\/557\/qualifikation-nationalmannschaft-lauft\/#breadcrumb\",\"itemListElement\":[{\"@type\":\"ListItem\",\"position\":1,\"item\":{\"@type\":\"WebPage\",\"@id\":\"https:\/\/skimo.73.jarolim.eu\/sportler\/\",\"url\":\"https:\/\/skimo.73.jarolim.eu\/sportler\/\",\"name\":\"Home\"}},{\"@type\":\"ListItem\",\"position\":2,\"item\":{\"@id\":\"https:\/\/www.skimo.at\/sportler\/557\/qualifikation-nationalmannschaft-lauft\/#webpage\"}}]},{\"@type\":\"Person\",\"@id\":\"https:\/\/skimo.73.jarolim.eu\/sportler\/#\/schema\/person\/796ecbce6796efca58bf848ca63ec12c\",\"name\":\"kposch\",\"image\":{\"@type\":\"ImageObject\",\"@id\":\"https:\/\/skimo.73.jarolim.eu\/sportler\/#personlogo\",\"inLanguage\":\"de\",\"url\":\"https:\/\/secure.gravatar.com\/avatar\/e9f5f28da60e5e563d3f4d3cc0b9b425?s=96&r=g\",\"contentUrl\":\"https:\/\/secure.gravatar.com\/avatar\/e9f5f28da60e5e563d3f4d3cc0b9b425?s=96&r=g\",\"caption\":\"kposch\"},\"url\":\"https:\/\/www.skimo.at\/sportler\/author\/kposch\/\"}]}<\/script>\n<!-- \/ Yoast SEO plugin. -->","_links":{"self":[{"href":"https:\/\/www.skimo.at\/sportler\/wp-json\/wp\/v2\/posts\/557"}],"collection":[{"href":"https:\/\/www.skimo.at\/sportler\/wp-json\/wp\/v2\/posts"}],"about":[{"href":"https:\/\/www.skimo.at\/sportler\/wp-json\/wp\/v2\/types\/post"}],"author":[{"embeddable":true,"href":"https:\/\/www.skimo.at\/sportler\/wp-json\/wp\/v2\/users\/3"}],"replies":[{"embeddable":true,"href":"https:\/\/www.skimo.at\/sportler\/wp-json\/wp\/v2\/comments?post=557"}],"version-history":[{"count":4,"href":"https:\/\/www.skimo.at\/sportler\/wp-json\/wp\/v2\/posts\/557\/revisions"}],"predecessor-version":[{"id":565,"href":"https:\/\/www.skimo.at\/sportler\/wp-json\/wp\/v2\/posts\/557\/revisions\/565"}],"wp:attachment":[{"href":"https:\/\/www.skimo.at\/sportler\/wp-json\/wp\/v2\/media?parent=557"}],"wp:term":[{"taxonomy":"category","embeddable":true,"href":"https:\/\/www.skimo.at\/sportler\/wp-json\/wp\/v2\/categories?post=557"},{"taxonomy":"post_tag","embeddable":true,"href":"https:\/\/www.skimo.at\/sportler\/wp-json\/wp\/v2\/tags?post=557"}],"curies":[{"name":"wp","href":"https:\/\/api.w.org\/{rel}","templated":true}]}}