{"id":55,"date":"2012-09-11T13:18:58","date_gmt":"2012-09-11T11:18:58","guid":{"rendered":"http:\/\/www.skimo.at\/sportler\/?p=55"},"modified":"2012-10-22T13:46:36","modified_gmt":"2012-10-22T11:46:36","slug":"trainingslager-der-jugend-nationalmannschaft-in-matreiosttirol","status":"publish","type":"post","link":"https:\/\/www.skimo.at\/sportler\/55\/trainingslager-der-jugend-nationalmannschaft-in-matreiosttirol\/","title":{"rendered":"Trainingslager der Jugend-Nationalmannschaft in Matrei\/Osttirol"},"content":{"rendered":"<div>\n<p>Matrei\/Osttirol. Am vergangenen Wochenende wurde unter der Leitung des Nationalteamtrainers, Alexander Lugger, das allj\u00e4hrliche ASKIMO-Trainingslager f\u00fcr \u00d6sterreichs Jungathleten abgehalten. Dieses Mal bereiteten sich die Mitglieder des Jugend-Nationalteams im Osttiroler Matrei von Freitag (7.9.2012) bis einschlie\u00dflich Sonntag (9.9.2012) auf die kommende Wintersaison vor, wobei besonders das Skirollertraining und Bergtouren im Vordergrund standen.<\/p>\n<p>Wundersch\u00f6nes Wetter und ein herrliche Aussicht auf Gro\u00dfglockner und Gro\u00dfvenediger \u00a0bildeten den Grundstein f\u00fcr das 3-t\u00e4gige Trainingscamp, welches f\u00fcr die vielversprechendsten \u00a0\u00f6sterreichischen Jungathleten abgehalten wurde. Untergebracht waren die Teilnehmer und das Betreuerteam dabei im <a title=\"\u00d6ffnet externen Link in neuem Fenster\" href=\"http:\/\/www.hotel-goldried-tirol.com\/\" target=\"_blank\">Hotel Goldried<\/a> oberhalb von Matrei. Mit Swimmingpool und Sauna bot das Hotel perfekte Bedingungen f\u00fcr unsere Jungmannschaft. Als Partner f\u00fcr den Aufenthalt konnte \u00fcbrigens auch die <a title=\"\u00d6ffnet externen Link in neuem Fenster\" href=\"http:\/\/www.felbertauernstrasse.at\/\" target=\"_blank\">Felbertauern Stra\u00dfen AG<\/a> gewonnen werden.<br \/>\nIna Forchthammer (St. Johann im Pongau\/Salzburg), Martin Wei\u00dfkopf, Martin Islitzer (beide Pr\u00e4graten\/Osttirol), Philipp Brugger (Sistrans\/Tirol) und Neuzugang Clemens Steinberger (Radfeld\/Tirol) profitierten dabei nicht nur von den optimalen \u00e4u\u00dferen Bedingungen, sondern ebenso von dem fundierten Fachwissen Alex Luggers.<\/p>\n<\/div>\n<div>\n<p>Aufgrund der sp\u00e4tsommerlichen Temperaturen war Schnee an diesem Wochenende Mangelware, da sich das Training aber vor allem auf Skiroller konzentrierte, passten die \u00e4u\u00dferen Bedingungen aber wunderbar. Dieses Trainingsger\u00e4t bietet aufgrund der dem Skibergsteigen \u00e4hnlichen Bewegungsabl\u00e4ufe und dem damit einhergehenden Ausdauertraining eine gute Alternative in der winterfreien Zeit.<br \/>\nIm dichtgedr\u00e4ngten Trainingsplan durften jedoch auch die theoretischen Aspekte des Skibergsteigens \u2013 insbesondere Trainingslehre und Wettkampfordnung \u2013 nicht fehlen.<br \/>\nIm \u201eTrockentraining\u201c wurde mit Tourenskiern selbst gearbeitet, denn das m\u00f6glichst schnelle Wechseln ist im Winter ein wesentlicher Zeitfaktor und muss von den Athleten perfekt beherrscht werden.<\/p>\n<p>Neben mehreren Wanderungen und einem erfrischenden Bad am Staller Sattel war die Bergtour zum Veranstaltungsort des 25. Red Bull Dolomitenmannes ein weiteres Highlight des Camps. Beim Wechsel von der Berglaufetappe zum Paragliding konnten die Youngstars neben vielen anderen Skibergsteigern aus mehreren Nationen auch ihren Teamkollegen Jakob Herrmann anfeuern, der bei seiner Einzeldisziplin den 3. Platz belegte und sich mit seinem Team (Kolland Topsport Int) sp\u00e4ter sogar den 2. Gesamtrang sichern konnte.<\/p>\n<p>Neben dem Hotel Goldried und der Felbertauern Stra\u00dfen AG geb\u00fchrt auch dem Initiator des Camps , Silvester Wolsegger, gro\u00dfer Dank, denn ohne die einheimische Unterst\u00fctzung h\u00e4tte das Trainingslager nicht derartig professionell abgehalten werden k\u00f6nnen. Silvester bereitet mit gro\u00dfer Umsicht \u00fcbrigens bereits den Abschluss des DYNAFIT Austria Skitour Cup 2013 vor, die \u201eHohe-Tauern-Trophy 2013\u201c, die am Samstag 6.4.2013 abgehalten wird. Matrei sieht also bald wieder viele Skibergsteiger!<\/p>\n<\/div>\n","protected":false},"excerpt":{"rendered":"<p>Matrei\/Osttirol. Am vergangenen Wochenende wurde unter der Leitung des Nationalteamtrainers, Alexander Lugger, das allj\u00e4hrliche ASKIMO-Trainingslager f\u00fcr \u00d6sterreichs Jungathleten abgehalten. Dieses Mal bereiteten sich die Mitglieder des Jugend-Nationalteams im Osttiroler Matrei von Freitag (7.9.2012) bis einschlie\u00dflich Sonntag (9.9.2012) auf die kommende Wintersaison vor, wobei besonders das Skirollertraining und Bergtouren im Vordergrund standen. Wundersch\u00f6nes Wetter und ein [&hellip;]<\/p>\n","protected":false},"author":5,"featured_media":58,"comment_status":"closed","ping_status":"closed","sticky":false,"template":"","format":"standard","meta":[],"categories":[3],"tags":[],"yoast_head":"<!-- This site is optimized with the Yoast SEO plugin v16.3 - https:\/\/yoast.com\/wordpress\/plugins\/seo\/ -->\n<title>Trainingslager der Jugend-Nationalmannschaft in Matrei\/Osttirol - Sportler<\/title>\n<meta name=\"robots\" content=\"index, follow, max-snippet:-1, max-image-preview:large, max-video-preview:-1\" \/>\n<link rel=\"canonical\" href=\"https:\/\/www.skimo.at\/sportler\/55\/trainingslager-der-jugend-nationalmannschaft-in-matreiosttirol\/\" \/>\n<meta property=\"og:locale\" content=\"de_DE\" \/>\n<meta property=\"og:type\" content=\"article\" \/>\n<meta property=\"og:title\" content=\"Trainingslager der Jugend-Nationalmannschaft in Matrei\/Osttirol - Sportler\" \/>\n<meta property=\"og:description\" content=\"Matrei\/Osttirol. Am vergangenen Wochenende wurde unter der Leitung des Nationalteamtrainers, Alexander Lugger, das allj\u00e4hrliche ASKIMO-Trainingslager f\u00fcr \u00d6sterreichs Jungathleten abgehalten. Dieses Mal bereiteten sich die Mitglieder des Jugend-Nationalteams im Osttiroler Matrei von Freitag (7.9.2012) bis einschlie\u00dflich Sonntag (9.9.2012) auf die kommende Wintersaison vor, wobei besonders das Skirollertraining und Bergtouren im Vordergrund standen. Wundersch\u00f6nes Wetter und ein [&hellip;]\" \/>\n<meta property=\"og:url\" content=\"https:\/\/www.skimo.at\/sportler\/55\/trainingslager-der-jugend-nationalmannschaft-in-matreiosttirol\/\" \/>\n<meta property=\"og:site_name\" content=\"Sportler\" \/>\n<meta property=\"article:published_time\" content=\"2012-09-11T11:18:58+00:00\" \/>\n<meta property=\"article:modified_time\" content=\"2012-10-22T11:46:36+00:00\" \/>\n<meta property=\"og:image\" content=\"https:\/\/skimo.73.jarolim.eu\/sportler\/files\/2012\/10\/Jugendtrainingslager-2012-Skibergsteigen-Bergtour_in_Lienz_01.jpg\" \/>\n\t<meta property=\"og:image:width\" content=\"900\" \/>\n\t<meta property=\"og:image:height\" content=\"600\" \/>\n<meta name=\"twitter:card\" content=\"summary\" \/>\n<meta name=\"twitter:label1\" content=\"Gesch\u00e4tzte Lesezeit\">\n\t<meta name=\"twitter:data1\" content=\"2\u00a0Minuten\">\n<script type=\"application\/ld+json\" class=\"yoast-schema-graph\">{\"@context\":\"https:\/\/schema.org\",\"@graph\":[{\"@type\":\"WebSite\",\"@id\":\"https:\/\/skimo.73.jarolim.eu\/sportler\/#website\",\"url\":\"https:\/\/skimo.73.jarolim.eu\/sportler\/\",\"name\":\"Sportler\",\"description\":\"\",\"potentialAction\":[{\"@type\":\"SearchAction\",\"target\":\"https:\/\/skimo.73.jarolim.eu\/sportler\/?s={search_term_string}\",\"query-input\":\"required name=search_term_string\"}],\"inLanguage\":\"de\"},{\"@type\":\"ImageObject\",\"@id\":\"https:\/\/www.skimo.at\/sportler\/55\/trainingslager-der-jugend-nationalmannschaft-in-matreiosttirol\/#primaryimage\",\"inLanguage\":\"de\",\"url\":\"https:\/\/www.skimo.at\/sportler\/files\/2012\/10\/Jugendtrainingslager-2012-Skibergsteigen-Bergtour_in_Lienz_01.jpg\",\"contentUrl\":\"https:\/\/www.skimo.at\/sportler\/files\/2012\/10\/Jugendtrainingslager-2012-Skibergsteigen-Bergtour_in_Lienz_01.jpg\",\"width\":900,\"height\":600,\"caption\":\"Foto Alex Lugger\"},{\"@type\":\"WebPage\",\"@id\":\"https:\/\/www.skimo.at\/sportler\/55\/trainingslager-der-jugend-nationalmannschaft-in-matreiosttirol\/#webpage\",\"url\":\"https:\/\/www.skimo.at\/sportler\/55\/trainingslager-der-jugend-nationalmannschaft-in-matreiosttirol\/\",\"name\":\"Trainingslager der Jugend-Nationalmannschaft in Matrei\/Osttirol - Sportler\",\"isPartOf\":{\"@id\":\"https:\/\/skimo.73.jarolim.eu\/sportler\/#website\"},\"primaryImageOfPage\":{\"@id\":\"https:\/\/www.skimo.at\/sportler\/55\/trainingslager-der-jugend-nationalmannschaft-in-matreiosttirol\/#primaryimage\"},\"datePublished\":\"2012-09-11T11:18:58+00:00\",\"dateModified\":\"2012-10-22T11:46:36+00:00\",\"author\":{\"@id\":\"https:\/\/skimo.73.jarolim.eu\/sportler\/#\/schema\/person\/795d193387adb17df19a8fc61dede04e\"},\"breadcrumb\":{\"@id\":\"https:\/\/www.skimo.at\/sportler\/55\/trainingslager-der-jugend-nationalmannschaft-in-matreiosttirol\/#breadcrumb\"},\"inLanguage\":\"de\",\"potentialAction\":[{\"@type\":\"ReadAction\",\"target\":[\"https:\/\/www.skimo.at\/sportler\/55\/trainingslager-der-jugend-nationalmannschaft-in-matreiosttirol\/\"]}]},{\"@type\":\"BreadcrumbList\",\"@id\":\"https:\/\/www.skimo.at\/sportler\/55\/trainingslager-der-jugend-nationalmannschaft-in-matreiosttirol\/#breadcrumb\",\"itemListElement\":[{\"@type\":\"ListItem\",\"position\":1,\"item\":{\"@type\":\"WebPage\",\"@id\":\"https:\/\/skimo.73.jarolim.eu\/sportler\/\",\"url\":\"https:\/\/skimo.73.jarolim.eu\/sportler\/\",\"name\":\"Home\"}},{\"@type\":\"ListItem\",\"position\":2,\"item\":{\"@id\":\"https:\/\/www.skimo.at\/sportler\/55\/trainingslager-der-jugend-nationalmannschaft-in-matreiosttirol\/#webpage\"}}]},{\"@type\":\"Person\",\"@id\":\"https:\/\/skimo.73.jarolim.eu\/sportler\/#\/schema\/person\/795d193387adb17df19a8fc61dede04e\",\"name\":\"Philipp Gratzer\",\"image\":{\"@type\":\"ImageObject\",\"@id\":\"https:\/\/skimo.73.jarolim.eu\/sportler\/#personlogo\",\"inLanguage\":\"de\",\"url\":\"https:\/\/secure.gravatar.com\/avatar\/49b5ed5c7935dc26d905a8758ecc2e71?s=96&r=g\",\"contentUrl\":\"https:\/\/secure.gravatar.com\/avatar\/49b5ed5c7935dc26d905a8758ecc2e71?s=96&r=g\",\"caption\":\"Philipp Gratzer\"},\"url\":\"https:\/\/www.skimo.at\/sportler\/author\/pgratzer\/\"}]}<\/script>\n<!-- \/ Yoast SEO plugin. -->","_links":{"self":[{"href":"https:\/\/www.skimo.at\/sportler\/wp-json\/wp\/v2\/posts\/55"}],"collection":[{"href":"https:\/\/www.skimo.at\/sportler\/wp-json\/wp\/v2\/posts"}],"about":[{"href":"https:\/\/www.skimo.at\/sportler\/wp-json\/wp\/v2\/types\/post"}],"author":[{"embeddable":true,"href":"https:\/\/www.skimo.at\/sportler\/wp-json\/wp\/v2\/users\/5"}],"replies":[{"embeddable":true,"href":"https:\/\/www.skimo.at\/sportler\/wp-json\/wp\/v2\/comments?post=55"}],"version-history":[{"count":3,"href":"https:\/\/www.skimo.at\/sportler\/wp-json\/wp\/v2\/posts\/55\/revisions"}],"predecessor-version":[{"id":66,"href":"https:\/\/www.skimo.at\/sportler\/wp-json\/wp\/v2\/posts\/55\/revisions\/66"}],"wp:featuredmedia":[{"embeddable":true,"href":"https:\/\/www.skimo.at\/sportler\/wp-json\/wp\/v2\/media\/58"}],"wp:attachment":[{"href":"https:\/\/www.skimo.at\/sportler\/wp-json\/wp\/v2\/media?parent=55"}],"wp:term":[{"taxonomy":"category","embeddable":true,"href":"https:\/\/www.skimo.at\/sportler\/wp-json\/wp\/v2\/categories?post=55"},{"taxonomy":"post_tag","embeddable":true,"href":"https:\/\/www.skimo.at\/sportler\/wp-json\/wp\/v2\/tags?post=55"}],"curies":[{"name":"wp","href":"https:\/\/api.w.org\/{rel}","templated":true}]}}