{"id":5331,"date":"2016-03-18T11:53:56","date_gmt":"2016-03-18T09:53:56","guid":{"rendered":"http:\/\/www.skimo.at\/sportler\/?p=5331"},"modified":"2016-03-18T12:49:45","modified_gmt":"2016-03-18T10:49:45","slug":"berichterstattung-aus-mondole-vom-verticalbewerb","status":"publish","type":"post","link":"https:\/\/www.skimo.at\/sportler\/5331\/berichterstattung-aus-mondole-vom-verticalbewerb\/","title":{"rendered":"Update 11:35 Berichterstattung aus Mondole vom ISMF Verticalbewerb"},"content":{"rendered":"<p>Bei besten Bedingungen mit einem Haufen Schnee und strahlendem Sonnenschein gehen heute 7 Athleten an den Start des Verticalrennens. Martin Weisskopf schon sich f\u00fcrs morgige Individualrennen, alle anderen treten auch heute an.<\/p>\n<p>Viele gro\u00dfe Namen fehlen auf der heutigen Startliste (einige schonen sich wie Weisskopf nach der Pierra Menta f\u00fcr morgen), dennoch ist die Konkurrenz hart. Die Strecke wurde nochmals kurzfristig verlegt, nicht ganz ideal f\u00fcr unsere Sportler: statt der relativ steilen\u00a0Piste wird\u00a0das Rennen nun in extrem flachen Gel\u00e4nde ausgetragen (700 hm, 4 km).<\/p>\n<p>Bei den Herren Seniors sind 35 Starter angetreten, Damen 20, Junioren Herren 16 und Junioren Damen 9.<\/p>\n<p>Weitere Infos folgen, unten erstmal die Startliste.<\/p>\n<p>Update 11:35:<\/p>\n<p><strong>Sieger Herren:\u00a0<\/strong><br \/>\n1. Kilian Jornet (ESP)<br \/>\n2. Toni Palzer (GER)<br \/>\n3. Remi Bonnet<br \/>\n&#8230;.<br \/>\n19. Jakob Herrmann (AUT)<br \/>\n21. Armin H\u00f6fl (AUT)<br \/>\n23. Daniel Zugg (6. Espoirs) (AUT)<\/p>\n<p><strong>Sieger Damen:<\/strong><br \/>\n1. Laetitia Roux (FRA)<br \/>\n2. Axelle Mollaret (FRA)<br \/>\n3. Katia Tomatis (ITA)<br \/>\n&#8230;.<br \/>\n10. Heidi Bernsteiner (AUT)<\/p>\n<p><strong>Sieger Junioren Damen:<\/strong><br \/>\n1. Giulia Murada (ITA)<br \/>\n2. Ina Forchthammer (AUT)<br \/>\n3. Laura Corazza (ITA)<br \/>\n4. Verena Streitberger (AUT)<\/p>\n<p><strong>Junioren Herren:<\/strong><br \/>\n5. Stefan Fuchs (AUT)<\/p>\n","protected":false},"excerpt":{"rendered":"<p>Bei besten Bedingungen mit einem Haufen Schnee und strahlendem Sonnenschein gehen heute 7 Athleten an den Start des Verticalrennens. Martin Weisskopf schon sich f\u00fcrs morgige Individualrennen, alle anderen treten auch heute an. Viele gro\u00dfe Namen fehlen auf der heutigen Startliste (einige schonen sich wie Weisskopf nach der Pierra Menta f\u00fcr morgen), dennoch ist die Konkurrenz [&hellip;]<\/p>\n","protected":false},"author":3,"featured_media":0,"comment_status":"closed","ping_status":"closed","sticky":false,"template":"","format":"standard","meta":[],"categories":[1,3],"tags":[],"yoast_head":"<!-- This site is optimized with the Yoast SEO plugin v16.3 - https:\/\/yoast.com\/wordpress\/plugins\/seo\/ -->\n<title>Update 11:35 Berichterstattung aus Mondole vom ISMF Verticalbewerb - Sportler<\/title>\n<meta name=\"robots\" content=\"index, follow, max-snippet:-1, max-image-preview:large, max-video-preview:-1\" \/>\n<link rel=\"canonical\" href=\"https:\/\/www.skimo.at\/sportler\/5331\/berichterstattung-aus-mondole-vom-verticalbewerb\/\" \/>\n<meta property=\"og:locale\" content=\"de_DE\" \/>\n<meta property=\"og:type\" content=\"article\" \/>\n<meta property=\"og:title\" content=\"Update 11:35 Berichterstattung aus Mondole vom ISMF Verticalbewerb - Sportler\" \/>\n<meta property=\"og:description\" content=\"Bei besten Bedingungen mit einem Haufen Schnee und strahlendem Sonnenschein gehen heute 7 Athleten an den Start des Verticalrennens. Martin Weisskopf schon sich f\u00fcrs morgige Individualrennen, alle anderen treten auch heute an. Viele gro\u00dfe Namen fehlen auf der heutigen Startliste (einige schonen sich wie Weisskopf nach der Pierra Menta f\u00fcr morgen), dennoch ist die Konkurrenz [&hellip;]\" \/>\n<meta property=\"og:url\" content=\"https:\/\/www.skimo.at\/sportler\/5331\/berichterstattung-aus-mondole-vom-verticalbewerb\/\" \/>\n<meta property=\"og:site_name\" content=\"Sportler\" \/>\n<meta property=\"article:published_time\" content=\"2016-03-18T09:53:56+00:00\" \/>\n<meta property=\"article:modified_time\" content=\"2016-03-18T10:49:45+00:00\" \/>\n<meta name=\"twitter:card\" content=\"summary\" \/>\n<meta name=\"twitter:label1\" content=\"Gesch\u00e4tzte Lesezeit\">\n\t<meta name=\"twitter:data1\" content=\"1\u00a0Minute\">\n<script type=\"application\/ld+json\" class=\"yoast-schema-graph\">{\"@context\":\"https:\/\/schema.org\",\"@graph\":[{\"@type\":\"WebSite\",\"@id\":\"https:\/\/skimo.73.jarolim.eu\/sportler\/#website\",\"url\":\"https:\/\/skimo.73.jarolim.eu\/sportler\/\",\"name\":\"Sportler\",\"description\":\"\",\"potentialAction\":[{\"@type\":\"SearchAction\",\"target\":\"https:\/\/skimo.73.jarolim.eu\/sportler\/?s={search_term_string}\",\"query-input\":\"required name=search_term_string\"}],\"inLanguage\":\"de\"},{\"@type\":\"WebPage\",\"@id\":\"https:\/\/www.skimo.at\/sportler\/5331\/berichterstattung-aus-mondole-vom-verticalbewerb\/#webpage\",\"url\":\"https:\/\/www.skimo.at\/sportler\/5331\/berichterstattung-aus-mondole-vom-verticalbewerb\/\",\"name\":\"Update 11:35 Berichterstattung aus Mondole vom ISMF Verticalbewerb - Sportler\",\"isPartOf\":{\"@id\":\"https:\/\/skimo.73.jarolim.eu\/sportler\/#website\"},\"datePublished\":\"2016-03-18T09:53:56+00:00\",\"dateModified\":\"2016-03-18T10:49:45+00:00\",\"author\":{\"@id\":\"https:\/\/skimo.73.jarolim.eu\/sportler\/#\/schema\/person\/796ecbce6796efca58bf848ca63ec12c\"},\"breadcrumb\":{\"@id\":\"https:\/\/www.skimo.at\/sportler\/5331\/berichterstattung-aus-mondole-vom-verticalbewerb\/#breadcrumb\"},\"inLanguage\":\"de\",\"potentialAction\":[{\"@type\":\"ReadAction\",\"target\":[\"https:\/\/www.skimo.at\/sportler\/5331\/berichterstattung-aus-mondole-vom-verticalbewerb\/\"]}]},{\"@type\":\"BreadcrumbList\",\"@id\":\"https:\/\/www.skimo.at\/sportler\/5331\/berichterstattung-aus-mondole-vom-verticalbewerb\/#breadcrumb\",\"itemListElement\":[{\"@type\":\"ListItem\",\"position\":1,\"item\":{\"@type\":\"WebPage\",\"@id\":\"https:\/\/skimo.73.jarolim.eu\/sportler\/\",\"url\":\"https:\/\/skimo.73.jarolim.eu\/sportler\/\",\"name\":\"Home\"}},{\"@type\":\"ListItem\",\"position\":2,\"item\":{\"@id\":\"https:\/\/www.skimo.at\/sportler\/5331\/berichterstattung-aus-mondole-vom-verticalbewerb\/#webpage\"}}]},{\"@type\":\"Person\",\"@id\":\"https:\/\/skimo.73.jarolim.eu\/sportler\/#\/schema\/person\/796ecbce6796efca58bf848ca63ec12c\",\"name\":\"kposch\",\"image\":{\"@type\":\"ImageObject\",\"@id\":\"https:\/\/skimo.73.jarolim.eu\/sportler\/#personlogo\",\"inLanguage\":\"de\",\"url\":\"https:\/\/secure.gravatar.com\/avatar\/e9f5f28da60e5e563d3f4d3cc0b9b425?s=96&r=g\",\"contentUrl\":\"https:\/\/secure.gravatar.com\/avatar\/e9f5f28da60e5e563d3f4d3cc0b9b425?s=96&r=g\",\"caption\":\"kposch\"},\"url\":\"https:\/\/www.skimo.at\/sportler\/author\/kposch\/\"}]}<\/script>\n<!-- \/ Yoast SEO plugin. -->","_links":{"self":[{"href":"https:\/\/www.skimo.at\/sportler\/wp-json\/wp\/v2\/posts\/5331"}],"collection":[{"href":"https:\/\/www.skimo.at\/sportler\/wp-json\/wp\/v2\/posts"}],"about":[{"href":"https:\/\/www.skimo.at\/sportler\/wp-json\/wp\/v2\/types\/post"}],"author":[{"embeddable":true,"href":"https:\/\/www.skimo.at\/sportler\/wp-json\/wp\/v2\/users\/3"}],"replies":[{"embeddable":true,"href":"https:\/\/www.skimo.at\/sportler\/wp-json\/wp\/v2\/comments?post=5331"}],"version-history":[{"count":3,"href":"https:\/\/www.skimo.at\/sportler\/wp-json\/wp\/v2\/posts\/5331\/revisions"}],"predecessor-version":[{"id":5338,"href":"https:\/\/www.skimo.at\/sportler\/wp-json\/wp\/v2\/posts\/5331\/revisions\/5338"}],"wp:attachment":[{"href":"https:\/\/www.skimo.at\/sportler\/wp-json\/wp\/v2\/media?parent=5331"}],"wp:term":[{"taxonomy":"category","embeddable":true,"href":"https:\/\/www.skimo.at\/sportler\/wp-json\/wp\/v2\/categories?post=5331"},{"taxonomy":"post_tag","embeddable":true,"href":"https:\/\/www.skimo.at\/sportler\/wp-json\/wp\/v2\/tags?post=5331"}],"curies":[{"name":"wp","href":"https:\/\/api.w.org\/{rel}","templated":true}]}}