{"id":532,"date":"2012-12-21T15:59:35","date_gmt":"2012-12-21T13:59:35","guid":{"rendered":"http:\/\/www.skimo.at\/sportler\/?p=532"},"modified":"2012-12-21T16:02:02","modified_gmt":"2012-12-21T14:02:02","slug":"die-ersten-selektionsbewerbe-fur-das-osterreichische-nationalteam-im-wettkampf-skibergsteigen-stehen-bevor","status":"publish","type":"post","link":"https:\/\/www.skimo.at\/sportler\/532\/die-ersten-selektionsbewerbe-fur-das-osterreichische-nationalteam-im-wettkampf-skibergsteigen-stehen-bevor\/","title":{"rendered":"Die ersten Selektionsbewerbe f\u00fcr das \u00f6sterreichische Nationalteam im Wettkampf-Skibergsteigen stehen bevor"},"content":{"rendered":"<p>Die erst Rennen sind erfolgreich gestartet und vielleicht hat ja der ein oder andere Athlet dabei bemerkt, dass er sich mitten auf einer steigenden Leistungskurve befindet und diese gerne noch weiter perfektionieren m\u00f6chte. \u00a0Denn war vor einigen Jahren noch ein Mangel an Athleten mit potentiellen Chancen im internationalen Geschehen mitmischen zu k\u00f6nnen, so h\u00e4uft sich gl\u00fccklicherweise in der letzten Zeit die Qualit\u00e4t der Leistungen der \u00d6sterreicher. Aus diesem Grund hat der ASKIMO Selektionsrichtlinien formuliert, welche als Richtlinien f\u00fcr die Aufnahme in die Nationalmannschaft gelten. Dabei spielt nicht nur die sportliche Leistung alleine eine Rolle, auch die Vermarktung, Pr\u00e4sentation und Integrit\u00e4t im Team und im ASKIMO wird bewertet. Nicht nur die Neuantr\u00e4ge werden nach diesen Kriterien bewertet, auch die bestehenden Teammitglieder m\u00fcssen sich allj\u00e4hrlich dieser Pr\u00fcfung unterziehen.<\/p>\n<p>Zur Beurteilung der sportlichen Leistung wurden f\u00fcr die Saison 2012\/13 folgende ASKIMO Bewerbe ausgew\u00e4hlt:<\/p>\n<ul>\n<li>Stoderzinken Challenge, 29.12.2012<\/li>\n<li>Laserzlauf (\u00d6M Individual), 5.1.2013<\/li>\n<li>Skialp Race Ahrntal, 12.01.2013<\/li>\n<li>champ or cramp (\u00d6M Vertical), 19.01.2013<\/li>\n<li>Hervis Hochk\u00f6nig Trophy, 27.1.2013<\/li>\n<li>Marmotta Troph\u00e4e, 24.3.2013<\/li>\n<li>Hohe Tauern Trophy, 6.4.2013<\/li>\n<li>Alle ISMF-Certified Rennen (Infos siehe <a href=\"http:\/\/www.ismf-ski.org\">www.ismf-ski.org<\/a>)<\/li>\n<\/ul>\n<p>Hier im Anschluss an diesen Artikel finden alle Interessierten die Infobl\u00e4tter als Downloads zu den Voraussetzungen und den Selektionsrichtlinien, sowie das Datenblatt f\u00fcr eine Anmeldung, welches an den jeweiligen ASKIMO Landesfachverband geschickt wird.<\/p>\n<p>&nbsp;<\/p>\n","protected":false},"excerpt":{"rendered":"<p>Die erst Rennen sind erfolgreich gestartet und vielleicht hat ja der ein oder andere Athlet dabei bemerkt, dass er sich mitten auf einer steigenden Leistungskurve befindet und diese gerne noch weiter perfektionieren m\u00f6chte. \u00a0Denn war vor einigen Jahren noch ein Mangel an Athleten mit potentiellen Chancen im internationalen Geschehen mitmischen zu k\u00f6nnen, so h\u00e4uft sich [&hellip;]<\/p>\n","protected":false},"author":4,"featured_media":0,"comment_status":"closed","ping_status":"closed","sticky":false,"template":"","format":"standard","meta":[],"categories":[11,3],"tags":[],"yoast_head":"<!-- This site is optimized with the Yoast SEO plugin v16.3 - https:\/\/yoast.com\/wordpress\/plugins\/seo\/ -->\n<title>Die ersten Selektionsbewerbe f\u00fcr das \u00f6sterreichische Nationalteam im Wettkampf-Skibergsteigen stehen bevor  - Sportler<\/title>\n<meta name=\"robots\" content=\"index, follow, max-snippet:-1, max-image-preview:large, max-video-preview:-1\" \/>\n<link rel=\"canonical\" href=\"https:\/\/www.skimo.at\/sportler\/532\/die-ersten-selektionsbewerbe-fur-das-osterreichische-nationalteam-im-wettkampf-skibergsteigen-stehen-bevor\/\" \/>\n<meta property=\"og:locale\" content=\"de_DE\" \/>\n<meta property=\"og:type\" content=\"article\" \/>\n<meta property=\"og:title\" content=\"Die ersten Selektionsbewerbe f\u00fcr das \u00f6sterreichische Nationalteam im Wettkampf-Skibergsteigen stehen bevor  - Sportler\" \/>\n<meta property=\"og:description\" content=\"Die erst Rennen sind erfolgreich gestartet und vielleicht hat ja der ein oder andere Athlet dabei bemerkt, dass er sich mitten auf einer steigenden Leistungskurve befindet und diese gerne noch weiter perfektionieren m\u00f6chte. \u00a0Denn war vor einigen Jahren noch ein Mangel an Athleten mit potentiellen Chancen im internationalen Geschehen mitmischen zu k\u00f6nnen, so h\u00e4uft sich [&hellip;]\" \/>\n<meta property=\"og:url\" content=\"https:\/\/www.skimo.at\/sportler\/532\/die-ersten-selektionsbewerbe-fur-das-osterreichische-nationalteam-im-wettkampf-skibergsteigen-stehen-bevor\/\" \/>\n<meta property=\"og:site_name\" content=\"Sportler\" \/>\n<meta property=\"article:published_time\" content=\"2012-12-21T13:59:35+00:00\" \/>\n<meta property=\"article:modified_time\" content=\"2012-12-21T14:02:02+00:00\" \/>\n<meta name=\"twitter:card\" content=\"summary\" \/>\n<meta name=\"twitter:label1\" content=\"Gesch\u00e4tzte Lesezeit\">\n\t<meta name=\"twitter:data1\" content=\"1\u00a0Minute\">\n<script type=\"application\/ld+json\" class=\"yoast-schema-graph\">{\"@context\":\"https:\/\/schema.org\",\"@graph\":[{\"@type\":\"WebSite\",\"@id\":\"https:\/\/skimo.73.jarolim.eu\/sportler\/#website\",\"url\":\"https:\/\/skimo.73.jarolim.eu\/sportler\/\",\"name\":\"Sportler\",\"description\":\"\",\"potentialAction\":[{\"@type\":\"SearchAction\",\"target\":\"https:\/\/skimo.73.jarolim.eu\/sportler\/?s={search_term_string}\",\"query-input\":\"required name=search_term_string\"}],\"inLanguage\":\"de\"},{\"@type\":\"WebPage\",\"@id\":\"https:\/\/www.skimo.at\/sportler\/532\/die-ersten-selektionsbewerbe-fur-das-osterreichische-nationalteam-im-wettkampf-skibergsteigen-stehen-bevor\/#webpage\",\"url\":\"https:\/\/www.skimo.at\/sportler\/532\/die-ersten-selektionsbewerbe-fur-das-osterreichische-nationalteam-im-wettkampf-skibergsteigen-stehen-bevor\/\",\"name\":\"Die ersten Selektionsbewerbe f\\u00fcr das \\u00f6sterreichische Nationalteam im Wettkampf-Skibergsteigen stehen bevor - Sportler\",\"isPartOf\":{\"@id\":\"https:\/\/skimo.73.jarolim.eu\/sportler\/#website\"},\"datePublished\":\"2012-12-21T13:59:35+00:00\",\"dateModified\":\"2012-12-21T14:02:02+00:00\",\"author\":{\"@id\":\"https:\/\/skimo.73.jarolim.eu\/sportler\/#\/schema\/person\/89e18f4c3d09b5434dbc2dc0cefbcd30\"},\"breadcrumb\":{\"@id\":\"https:\/\/www.skimo.at\/sportler\/532\/die-ersten-selektionsbewerbe-fur-das-osterreichische-nationalteam-im-wettkampf-skibergsteigen-stehen-bevor\/#breadcrumb\"},\"inLanguage\":\"de\",\"potentialAction\":[{\"@type\":\"ReadAction\",\"target\":[\"https:\/\/www.skimo.at\/sportler\/532\/die-ersten-selektionsbewerbe-fur-das-osterreichische-nationalteam-im-wettkampf-skibergsteigen-stehen-bevor\/\"]}]},{\"@type\":\"BreadcrumbList\",\"@id\":\"https:\/\/www.skimo.at\/sportler\/532\/die-ersten-selektionsbewerbe-fur-das-osterreichische-nationalteam-im-wettkampf-skibergsteigen-stehen-bevor\/#breadcrumb\",\"itemListElement\":[{\"@type\":\"ListItem\",\"position\":1,\"item\":{\"@type\":\"WebPage\",\"@id\":\"https:\/\/skimo.73.jarolim.eu\/sportler\/\",\"url\":\"https:\/\/skimo.73.jarolim.eu\/sportler\/\",\"name\":\"Home\"}},{\"@type\":\"ListItem\",\"position\":2,\"item\":{\"@id\":\"https:\/\/www.skimo.at\/sportler\/532\/die-ersten-selektionsbewerbe-fur-das-osterreichische-nationalteam-im-wettkampf-skibergsteigen-stehen-bevor\/#webpage\"}}]},{\"@type\":\"Person\",\"@id\":\"https:\/\/skimo.73.jarolim.eu\/sportler\/#\/schema\/person\/89e18f4c3d09b5434dbc2dc0cefbcd30\",\"name\":\"aspielbuechler\",\"image\":{\"@type\":\"ImageObject\",\"@id\":\"https:\/\/skimo.73.jarolim.eu\/sportler\/#personlogo\",\"inLanguage\":\"de\",\"url\":\"https:\/\/secure.gravatar.com\/avatar\/1220d25619b41a33e4710c8b968dc56e?s=96&r=g\",\"contentUrl\":\"https:\/\/secure.gravatar.com\/avatar\/1220d25619b41a33e4710c8b968dc56e?s=96&r=g\",\"caption\":\"aspielbuechler\"},\"url\":\"https:\/\/www.skimo.at\/sportler\/author\/aspielbuechler\/\"}]}<\/script>\n<!-- \/ Yoast SEO plugin. -->","_links":{"self":[{"href":"https:\/\/www.skimo.at\/sportler\/wp-json\/wp\/v2\/posts\/532"}],"collection":[{"href":"https:\/\/www.skimo.at\/sportler\/wp-json\/wp\/v2\/posts"}],"about":[{"href":"https:\/\/www.skimo.at\/sportler\/wp-json\/wp\/v2\/types\/post"}],"author":[{"embeddable":true,"href":"https:\/\/www.skimo.at\/sportler\/wp-json\/wp\/v2\/users\/4"}],"replies":[{"embeddable":true,"href":"https:\/\/www.skimo.at\/sportler\/wp-json\/wp\/v2\/comments?post=532"}],"version-history":[{"count":4,"href":"https:\/\/www.skimo.at\/sportler\/wp-json\/wp\/v2\/posts\/532\/revisions"}],"predecessor-version":[{"id":539,"href":"https:\/\/www.skimo.at\/sportler\/wp-json\/wp\/v2\/posts\/532\/revisions\/539"}],"wp:attachment":[{"href":"https:\/\/www.skimo.at\/sportler\/wp-json\/wp\/v2\/media?parent=532"}],"wp:term":[{"taxonomy":"category","embeddable":true,"href":"https:\/\/www.skimo.at\/sportler\/wp-json\/wp\/v2\/categories?post=532"},{"taxonomy":"post_tag","embeddable":true,"href":"https:\/\/www.skimo.at\/sportler\/wp-json\/wp\/v2\/tags?post=532"}],"curies":[{"name":"wp","href":"https:\/\/api.w.org\/{rel}","templated":true}]}}