{"id":528,"date":"2012-12-10T15:01:39","date_gmt":"2012-12-10T13:01:39","guid":{"rendered":"http:\/\/www.skimo.at\/sportler\/?p=528"},"modified":"2012-12-10T15:01:39","modified_gmt":"2012-12-10T13:01:39","slug":"neue-athletenvertreter-stehen-fest","status":"publish","type":"post","link":"https:\/\/www.skimo.at\/sportler\/528\/neue-athletenvertreter-stehen-fest\/","title":{"rendered":"Neue Athletenvertreter stehen fest"},"content":{"rendered":"<p>Die neuen Athletenvertreter der Nationalmannschaft wurden auf Vorschlag der Athleten von der Generalversammlung des ASKIMO gew\u00e4hlt. An der Seite der wiedergew\u00e4hlten Veronika Swidrak wird in den n\u00e4chsten beiden Jahren Jakob Herrmann die Interessen der Sportler im Vorstand des ASKIMO wahren. Herrmann folgt damit auf Alexander Fasser nach, der nach 2 Amtsperioden nicht mehr kandidierte.<\/p>\n<p>Gem\u00e4\u00df den Statuten des ASKIMO ist immer mindestens ein Athletenvertreter im Vorstand des ASKIMO vertreten, die Amtsperiode betr\u00e4gt wie bei allen anderen Funktionen 2 Jahre.<\/p>\n","protected":false},"excerpt":{"rendered":"<p>Die neuen Athletenvertreter der Nationalmannschaft wurden auf Vorschlag der Athleten von der Generalversammlung des ASKIMO gew\u00e4hlt. An der Seite der wiedergew\u00e4hlten Veronika Swidrak wird in den n\u00e4chsten beiden Jahren Jakob Herrmann die Interessen der Sportler im Vorstand des ASKIMO wahren. Herrmann folgt damit auf Alexander Fasser nach, der nach 2 Amtsperioden nicht mehr kandidierte. Gem\u00e4\u00df [&hellip;]<\/p>\n","protected":false},"author":3,"featured_media":0,"comment_status":"closed","ping_status":"closed","sticky":false,"template":"","format":"standard","meta":[],"categories":[1,11,3],"tags":[],"yoast_head":"<!-- This site is optimized with the Yoast SEO plugin v16.3 - https:\/\/yoast.com\/wordpress\/plugins\/seo\/ -->\n<title>Neue Athletenvertreter stehen fest  - Sportler<\/title>\n<meta name=\"robots\" content=\"index, follow, max-snippet:-1, max-image-preview:large, max-video-preview:-1\" \/>\n<link rel=\"canonical\" href=\"https:\/\/www.skimo.at\/sportler\/528\/neue-athletenvertreter-stehen-fest\/\" \/>\n<meta property=\"og:locale\" content=\"de_DE\" \/>\n<meta property=\"og:type\" content=\"article\" \/>\n<meta property=\"og:title\" content=\"Neue Athletenvertreter stehen fest  - Sportler\" \/>\n<meta property=\"og:description\" content=\"Die neuen Athletenvertreter der Nationalmannschaft wurden auf Vorschlag der Athleten von der Generalversammlung des ASKIMO gew\u00e4hlt. An der Seite der wiedergew\u00e4hlten Veronika Swidrak wird in den n\u00e4chsten beiden Jahren Jakob Herrmann die Interessen der Sportler im Vorstand des ASKIMO wahren. Herrmann folgt damit auf Alexander Fasser nach, der nach 2 Amtsperioden nicht mehr kandidierte. Gem\u00e4\u00df [&hellip;]\" \/>\n<meta property=\"og:url\" content=\"https:\/\/www.skimo.at\/sportler\/528\/neue-athletenvertreter-stehen-fest\/\" \/>\n<meta property=\"og:site_name\" content=\"Sportler\" \/>\n<meta property=\"article:published_time\" content=\"2012-12-10T13:01:39+00:00\" \/>\n<meta name=\"twitter:card\" content=\"summary\" \/>\n<script type=\"application\/ld+json\" class=\"yoast-schema-graph\">{\"@context\":\"https:\/\/schema.org\",\"@graph\":[{\"@type\":\"WebSite\",\"@id\":\"https:\/\/skimo.73.jarolim.eu\/sportler\/#website\",\"url\":\"https:\/\/skimo.73.jarolim.eu\/sportler\/\",\"name\":\"Sportler\",\"description\":\"\",\"potentialAction\":[{\"@type\":\"SearchAction\",\"target\":\"https:\/\/skimo.73.jarolim.eu\/sportler\/?s={search_term_string}\",\"query-input\":\"required name=search_term_string\"}],\"inLanguage\":\"de\"},{\"@type\":\"WebPage\",\"@id\":\"https:\/\/www.skimo.at\/sportler\/528\/neue-athletenvertreter-stehen-fest\/#webpage\",\"url\":\"https:\/\/www.skimo.at\/sportler\/528\/neue-athletenvertreter-stehen-fest\/\",\"name\":\"Neue Athletenvertreter stehen fest - Sportler\",\"isPartOf\":{\"@id\":\"https:\/\/skimo.73.jarolim.eu\/sportler\/#website\"},\"datePublished\":\"2012-12-10T13:01:39+00:00\",\"dateModified\":\"2012-12-10T13:01:39+00:00\",\"author\":{\"@id\":\"https:\/\/skimo.73.jarolim.eu\/sportler\/#\/schema\/person\/796ecbce6796efca58bf848ca63ec12c\"},\"breadcrumb\":{\"@id\":\"https:\/\/www.skimo.at\/sportler\/528\/neue-athletenvertreter-stehen-fest\/#breadcrumb\"},\"inLanguage\":\"de\",\"potentialAction\":[{\"@type\":\"ReadAction\",\"target\":[\"https:\/\/www.skimo.at\/sportler\/528\/neue-athletenvertreter-stehen-fest\/\"]}]},{\"@type\":\"BreadcrumbList\",\"@id\":\"https:\/\/www.skimo.at\/sportler\/528\/neue-athletenvertreter-stehen-fest\/#breadcrumb\",\"itemListElement\":[{\"@type\":\"ListItem\",\"position\":1,\"item\":{\"@type\":\"WebPage\",\"@id\":\"https:\/\/skimo.73.jarolim.eu\/sportler\/\",\"url\":\"https:\/\/skimo.73.jarolim.eu\/sportler\/\",\"name\":\"Home\"}},{\"@type\":\"ListItem\",\"position\":2,\"item\":{\"@id\":\"https:\/\/www.skimo.at\/sportler\/528\/neue-athletenvertreter-stehen-fest\/#webpage\"}}]},{\"@type\":\"Person\",\"@id\":\"https:\/\/skimo.73.jarolim.eu\/sportler\/#\/schema\/person\/796ecbce6796efca58bf848ca63ec12c\",\"name\":\"kposch\",\"image\":{\"@type\":\"ImageObject\",\"@id\":\"https:\/\/skimo.73.jarolim.eu\/sportler\/#personlogo\",\"inLanguage\":\"de\",\"url\":\"https:\/\/secure.gravatar.com\/avatar\/e9f5f28da60e5e563d3f4d3cc0b9b425?s=96&r=g\",\"contentUrl\":\"https:\/\/secure.gravatar.com\/avatar\/e9f5f28da60e5e563d3f4d3cc0b9b425?s=96&r=g\",\"caption\":\"kposch\"},\"url\":\"https:\/\/www.skimo.at\/sportler\/author\/kposch\/\"}]}<\/script>\n<!-- \/ Yoast SEO plugin. -->","_links":{"self":[{"href":"https:\/\/www.skimo.at\/sportler\/wp-json\/wp\/v2\/posts\/528"}],"collection":[{"href":"https:\/\/www.skimo.at\/sportler\/wp-json\/wp\/v2\/posts"}],"about":[{"href":"https:\/\/www.skimo.at\/sportler\/wp-json\/wp\/v2\/types\/post"}],"author":[{"embeddable":true,"href":"https:\/\/www.skimo.at\/sportler\/wp-json\/wp\/v2\/users\/3"}],"replies":[{"embeddable":true,"href":"https:\/\/www.skimo.at\/sportler\/wp-json\/wp\/v2\/comments?post=528"}],"version-history":[{"count":2,"href":"https:\/\/www.skimo.at\/sportler\/wp-json\/wp\/v2\/posts\/528\/revisions"}],"predecessor-version":[{"id":531,"href":"https:\/\/www.skimo.at\/sportler\/wp-json\/wp\/v2\/posts\/528\/revisions\/531"}],"wp:attachment":[{"href":"https:\/\/www.skimo.at\/sportler\/wp-json\/wp\/v2\/media?parent=528"}],"wp:term":[{"taxonomy":"category","embeddable":true,"href":"https:\/\/www.skimo.at\/sportler\/wp-json\/wp\/v2\/categories?post=528"},{"taxonomy":"post_tag","embeddable":true,"href":"https:\/\/www.skimo.at\/sportler\/wp-json\/wp\/v2\/tags?post=528"}],"curies":[{"name":"wp","href":"https:\/\/api.w.org\/{rel}","templated":true}]}}