{"id":5265,"date":"2016-03-12T21:06:43","date_gmt":"2016-03-12T19:06:43","guid":{"rendered":"http:\/\/www.skimo.at\/sportler\/?p=5265"},"modified":"2016-03-12T21:14:31","modified_gmt":"2016-03-12T19:14:31","slug":"pierra-menta-2016-6-platz-in-der-gesamtwertung","status":"publish","type":"post","link":"https:\/\/www.skimo.at\/sportler\/5265\/pierra-menta-2016-6-platz-in-der-gesamtwertung\/","title":{"rendered":"PIERRA MENTA 2016 &#8211; 6. Platz in der Gesamtwertung"},"content":{"rendered":"<p>Sensationeller 6. Platz der \u00d6SV Skibergsteiger im ISMF Long Distance Weltcup.\u00a0Jakob Herrmann und Martin Wei\u00dfkopf setzten sich gegen insgesamt 204 Teams durch.\u00a0<!--more--><\/p>\n<p><span style=\"font-weight: 400\">Jakob Herrmann und Martin Weisskopf bewiesen auch am vierten Renntag ihr K\u00f6nnen und finishten erneut auf Platz 6 und konnten somit auch ihren hervorragenden 6. Platz in der Gesamtwertung halten.\u00a0<\/span><span style=\"font-weight: 400\">Ersch\u00f6pft kamen die beiden erfolgreichen Skibergsteiger nach der knapp 11.000 H\u00f6henmetern\u00a0ins Ziel. Dennoch haben beide ein Strahlen im Gesicht und fassten die letzten vier Tage, das hei\u00dft fast elf Stunden Skibergsteigen auf h\u00f6chstem Niveau, zusammen:<\/span><\/p>\n<blockquote><p>\u201cWir sind jeden Tag souver\u00e4n auf den 6. Platz gelaufen. Anfangs waren wir oft noch mit anderen Teams sehr knapp beisammen, konnten aber unseren Vorsprung kontinuierlich ausbauen. Wir freuen uns unglaublich, dass uns an allen Tagen und auch heute bei der K\u00f6nigsetappe auf den Grand Mont alles aufgegangen ist. 11.000 H\u00f6henmeter in vier Tagen geht an die Substanz. Wir sind m\u00fcde, aber sehr stolz auf unsere Teamleistung und auch darauf, dass unser R\u00fcckstand auf das f\u00fchrende Team zufriedenstellend ist\u201d, so Martin Wei\u00dfkopf.<\/p><\/blockquote>\n<p><img loading=\"lazy\" class=\"alignleft wp-image-5272\" src=\"http:\/\/www.skimo.at\/sportler\/files\/2016\/03\/06_Tag4_Pierra-Menta-2016_Herrmann-Weisskopf_Bild-Riccardo-Selvatico_LR-1024x683.jpg\" alt=\"06_Tag4_Pierra Menta 2016_Herrmann-Weisskopf_Bild Riccardo Selvatico_LR\" width=\"600\" height=\"400\" srcset=\"https:\/\/www.skimo.at\/sportler\/files\/2016\/03\/06_Tag4_Pierra-Menta-2016_Herrmann-Weisskopf_Bild-Riccardo-Selvatico_LR-1024x683.jpg 1024w, https:\/\/www.skimo.at\/sportler\/files\/2016\/03\/06_Tag4_Pierra-Menta-2016_Herrmann-Weisskopf_Bild-Riccardo-Selvatico_LR-300x200.jpg 300w, https:\/\/www.skimo.at\/sportler\/files\/2016\/03\/06_Tag4_Pierra-Menta-2016_Herrmann-Weisskopf_Bild-Riccardo-Selvatico_LR-768x512.jpg 768w, https:\/\/www.skimo.at\/sportler\/files\/2016\/03\/06_Tag4_Pierra-Menta-2016_Herrmann-Weisskopf_Bild-Riccardo-Selvatico_LR-746x497.jpg 746w, https:\/\/www.skimo.at\/sportler\/files\/2016\/03\/06_Tag4_Pierra-Menta-2016_Herrmann-Weisskopf_Bild-Riccardo-Selvatico_LR-618x412.jpg 618w, https:\/\/www.skimo.at\/sportler\/files\/2016\/03\/06_Tag4_Pierra-Menta-2016_Herrmann-Weisskopf_Bild-Riccardo-Selvatico_LR-554x369.jpg 554w, https:\/\/www.skimo.at\/sportler\/files\/2016\/03\/06_Tag4_Pierra-Menta-2016_Herrmann-Weisskopf_Bild-Riccardo-Selvatico_LR-299x199.jpg 299w, https:\/\/www.skimo.at\/sportler\/files\/2016\/03\/06_Tag4_Pierra-Menta-2016_Herrmann-Weisskopf_Bild-Riccardo-Selvatico_LR-1224x816.jpg 1224w, https:\/\/www.skimo.at\/sportler\/files\/2016\/03\/06_Tag4_Pierra-Menta-2016_Herrmann-Weisskopf_Bild-Riccardo-Selvatico_LR-970x647.jpg 970w, https:\/\/www.skimo.at\/sportler\/files\/2016\/03\/06_Tag4_Pierra-Menta-2016_Herrmann-Weisskopf_Bild-Riccardo-Selvatico_LR-139x93.jpg 139w, https:\/\/www.skimo.at\/sportler\/files\/2016\/03\/06_Tag4_Pierra-Menta-2016_Herrmann-Weisskopf_Bild-Riccardo-Selvatico_LR.jpg 1600w\" sizes=\"(max-width: 600px) 100vw, 600px\" \/><\/p>\n<p><span style=\"font-weight: 400\">Auch Teamkollege Jakob Herrmann best\u00e4tigt die positiven Eindr\u00fccke und Erlebnisse der Pierra Menta und beschreibt das Gef\u00fchl, wenn man sich von der ohrenbet\u00e4ubenden Stimmung und der Masse an Fans wie bei einem Alpinski Weltcup f\u00fchlt:<\/span><\/p>\n<blockquote><p><span style=\"font-weight: 400\"><i><span style=\"font-weight: 400\"><br \/>\n<\/span><\/i><span style=\"font-weight: 400\">\u201cDie Pierra Menta ist ein besonderes Rennen! Die Stimmung ist unbeschreiblich, abgesehen von den vielen Teams, die sich dieser wahnsinns Herausforderung stellen, sind t\u00e4glich sicher 1.000 Zuschauer am Streckenrand, nehmen die Strapazen des Aufstiegs auf sich und schellen mit ihren Kuhglocken. Gerade wenn man so weit vorne ist, wie wir es waren, sind die Fans noch motivierter beim Anfeuern. Das ist ein einmaliges Gef\u00fchl.\u201d<\/span><\/span><\/p><\/blockquote>\n<h2>Alle Platzierungen der \u00f6sterreichischen Teams<\/h2>\n<p>Alle f\u00fcr \u00d6sterreich (bzw. DE\/AT) gestarteten Teams schafften es nach der 4. Etappe heute\u00a0erfolgreich ins Ziel. Eine besonders starke\u00a0Leistung zeigten heute auch \u00d6SV Nationalkaderathlet Patrick Innerhofer mit seinem deutschen Teamkollegen Philipp Sch\u00e4dler auf\u00a0Platz 9 der vierten Etappe. Die beiden sind somit noch einmal einen Platz in der Gesamtwertung nach vorne gerutscht und konnten den tollen 11. Platz in der Gesamtwertung erzielen.<\/p>\n<p>Hier die \u00dcbersicht aller Teams in der Gesamtwertung. (Alle Platzierungen der heutigen Etappe und der Gesamtwertung sind in den Ergebnislisten im Anhang)<\/p>\n<p>6. Rang: Jakob Herrmann (\u00d6SV)\/Martin Wei\u00dfkopf (\u00d6SV)<br \/>\n10. Rang: Patrick Innerhofer (\u00d6SV)\/Philipp Sch\u00e4dler \u00a0(GER) f\u00fcr Deutschland<br \/>\n42. Rang: Marc Hochstaffl\/Manuel Seibald<br \/>\n57. Rang: Thomas Koller\/Manfred Holzer<br \/>\n58. Rang: David Aberer\/Elias Hagspiel<br \/>\n143. Rang: Martina Senn\/Rainer Bachmann<br \/>\n146. Rang: Sylvia Berghammer\/Daniel Schweinberger (f\u00fcr GER\/AUT)<\/p>\n","protected":false},"excerpt":{"rendered":"<p>Sensationeller 6. Platz der \u00d6SV Skibergsteiger im ISMF Long Distance Weltcup.\u00a0Jakob Herrmann und Martin Wei\u00dfkopf setzten sich gegen insgesamt 204 Teams durch.\u00a0<\/p>\n","protected":false},"author":35,"featured_media":0,"comment_status":"closed","ping_status":"closed","sticky":false,"template":"","format":"standard","meta":[],"categories":[1,3,7],"tags":[50,189,190,49,157,191,16],"yoast_head":"<!-- This site is optimized with the Yoast SEO plugin v16.3 - https:\/\/yoast.com\/wordpress\/plugins\/seo\/ -->\n<title>PIERRA MENTA 2016 - 6. Platz in der Gesamtwertung - Sportler<\/title>\n<meta name=\"robots\" content=\"index, follow, max-snippet:-1, max-image-preview:large, max-video-preview:-1\" \/>\n<link rel=\"canonical\" href=\"https:\/\/www.skimo.at\/sportler\/5265\/pierra-menta-2016-6-platz-in-der-gesamtwertung\/\" \/>\n<meta property=\"og:locale\" content=\"de_DE\" \/>\n<meta property=\"og:type\" content=\"article\" \/>\n<meta property=\"og:title\" content=\"PIERRA MENTA 2016 - 6. Platz in der Gesamtwertung - Sportler\" \/>\n<meta property=\"og:description\" content=\"Sensationeller 6. Platz der \u00d6SV Skibergsteiger im ISMF Long Distance Weltcup.\u00a0Jakob Herrmann und Martin Wei\u00dfkopf setzten sich gegen insgesamt 204 Teams durch.\u00a0\" \/>\n<meta property=\"og:url\" content=\"https:\/\/www.skimo.at\/sportler\/5265\/pierra-menta-2016-6-platz-in-der-gesamtwertung\/\" \/>\n<meta property=\"og:site_name\" content=\"Sportler\" \/>\n<meta property=\"article:published_time\" content=\"2016-03-12T19:06:43+00:00\" \/>\n<meta property=\"article:modified_time\" content=\"2016-03-12T19:14:31+00:00\" \/>\n<meta property=\"og:image\" content=\"http:\/\/skimo.73.jarolim.eu\/sportler\/files\/2016\/03\/06_Tag4_Pierra-Menta-2016_Herrmann-Weisskopf_Bild-Riccardo-Selvatico_LR-1024x683.jpg\" \/>\n<meta name=\"twitter:card\" content=\"summary\" \/>\n<meta name=\"twitter:label1\" content=\"Gesch\u00e4tzte Lesezeit\">\n\t<meta name=\"twitter:data1\" content=\"2\u00a0Minuten\">\n<script type=\"application\/ld+json\" class=\"yoast-schema-graph\">{\"@context\":\"https:\/\/schema.org\",\"@graph\":[{\"@type\":\"WebSite\",\"@id\":\"https:\/\/skimo.73.jarolim.eu\/sportler\/#website\",\"url\":\"https:\/\/skimo.73.jarolim.eu\/sportler\/\",\"name\":\"Sportler\",\"description\":\"\",\"potentialAction\":[{\"@type\":\"SearchAction\",\"target\":\"https:\/\/skimo.73.jarolim.eu\/sportler\/?s={search_term_string}\",\"query-input\":\"required name=search_term_string\"}],\"inLanguage\":\"de\"},{\"@type\":\"ImageObject\",\"@id\":\"https:\/\/www.skimo.at\/sportler\/5265\/pierra-menta-2016-6-platz-in-der-gesamtwertung\/#primaryimage\",\"inLanguage\":\"de\",\"url\":\"http:\/\/www.skimo.at\/sportler\/files\/2016\/03\/06_Tag4_Pierra-Menta-2016_Herrmann-Weisskopf_Bild-Riccardo-Selvatico_LR-1024x683.jpg\",\"contentUrl\":\"http:\/\/www.skimo.at\/sportler\/files\/2016\/03\/06_Tag4_Pierra-Menta-2016_Herrmann-Weisskopf_Bild-Riccardo-Selvatico_LR-1024x683.jpg\"},{\"@type\":\"WebPage\",\"@id\":\"https:\/\/www.skimo.at\/sportler\/5265\/pierra-menta-2016-6-platz-in-der-gesamtwertung\/#webpage\",\"url\":\"https:\/\/www.skimo.at\/sportler\/5265\/pierra-menta-2016-6-platz-in-der-gesamtwertung\/\",\"name\":\"PIERRA MENTA 2016 - 6. Platz in der Gesamtwertung - Sportler\",\"isPartOf\":{\"@id\":\"https:\/\/skimo.73.jarolim.eu\/sportler\/#website\"},\"primaryImageOfPage\":{\"@id\":\"https:\/\/www.skimo.at\/sportler\/5265\/pierra-menta-2016-6-platz-in-der-gesamtwertung\/#primaryimage\"},\"datePublished\":\"2016-03-12T19:06:43+00:00\",\"dateModified\":\"2016-03-12T19:14:31+00:00\",\"author\":{\"@id\":\"https:\/\/skimo.73.jarolim.eu\/sportler\/#\/schema\/person\/98f79b69381628f9078a5fab8eac4811\"},\"breadcrumb\":{\"@id\":\"https:\/\/www.skimo.at\/sportler\/5265\/pierra-menta-2016-6-platz-in-der-gesamtwertung\/#breadcrumb\"},\"inLanguage\":\"de\",\"potentialAction\":[{\"@type\":\"ReadAction\",\"target\":[\"https:\/\/www.skimo.at\/sportler\/5265\/pierra-menta-2016-6-platz-in-der-gesamtwertung\/\"]}]},{\"@type\":\"BreadcrumbList\",\"@id\":\"https:\/\/www.skimo.at\/sportler\/5265\/pierra-menta-2016-6-platz-in-der-gesamtwertung\/#breadcrumb\",\"itemListElement\":[{\"@type\":\"ListItem\",\"position\":1,\"item\":{\"@type\":\"WebPage\",\"@id\":\"https:\/\/skimo.73.jarolim.eu\/sportler\/\",\"url\":\"https:\/\/skimo.73.jarolim.eu\/sportler\/\",\"name\":\"Home\"}},{\"@type\":\"ListItem\",\"position\":2,\"item\":{\"@id\":\"https:\/\/www.skimo.at\/sportler\/5265\/pierra-menta-2016-6-platz-in-der-gesamtwertung\/#webpage\"}}]},{\"@type\":\"Person\",\"@id\":\"https:\/\/skimo.73.jarolim.eu\/sportler\/#\/schema\/person\/98f79b69381628f9078a5fab8eac4811\",\"name\":\"sbinder\",\"image\":{\"@type\":\"ImageObject\",\"@id\":\"https:\/\/skimo.73.jarolim.eu\/sportler\/#personlogo\",\"inLanguage\":\"de\",\"url\":\"https:\/\/secure.gravatar.com\/avatar\/11f3623e7f24f658f1be6d4cb550331e?s=96&r=g\",\"contentUrl\":\"https:\/\/secure.gravatar.com\/avatar\/11f3623e7f24f658f1be6d4cb550331e?s=96&r=g\",\"caption\":\"sbinder\"},\"url\":\"https:\/\/www.skimo.at\/sportler\/author\/sbinder\/\"}]}<\/script>\n<!-- \/ Yoast SEO plugin. -->","_links":{"self":[{"href":"https:\/\/www.skimo.at\/sportler\/wp-json\/wp\/v2\/posts\/5265"}],"collection":[{"href":"https:\/\/www.skimo.at\/sportler\/wp-json\/wp\/v2\/posts"}],"about":[{"href":"https:\/\/www.skimo.at\/sportler\/wp-json\/wp\/v2\/types\/post"}],"author":[{"embeddable":true,"href":"https:\/\/www.skimo.at\/sportler\/wp-json\/wp\/v2\/users\/35"}],"replies":[{"embeddable":true,"href":"https:\/\/www.skimo.at\/sportler\/wp-json\/wp\/v2\/comments?post=5265"}],"version-history":[{"count":8,"href":"https:\/\/www.skimo.at\/sportler\/wp-json\/wp\/v2\/posts\/5265\/revisions"}],"predecessor-version":[{"id":5299,"href":"https:\/\/www.skimo.at\/sportler\/wp-json\/wp\/v2\/posts\/5265\/revisions\/5299"}],"wp:attachment":[{"href":"https:\/\/www.skimo.at\/sportler\/wp-json\/wp\/v2\/media?parent=5265"}],"wp:term":[{"taxonomy":"category","embeddable":true,"href":"https:\/\/www.skimo.at\/sportler\/wp-json\/wp\/v2\/categories?post=5265"},{"taxonomy":"post_tag","embeddable":true,"href":"https:\/\/www.skimo.at\/sportler\/wp-json\/wp\/v2\/tags?post=5265"}],"curies":[{"name":"wp","href":"https:\/\/api.w.org\/{rel}","templated":true}]}}