{"id":5235,"date":"2016-03-11T22:56:29","date_gmt":"2016-03-11T20:56:29","guid":{"rendered":"http:\/\/www.skimo.at\/sportler\/?p=5235"},"modified":"2016-03-11T23:00:35","modified_gmt":"2016-03-11T21:00:35","slug":"pierra-menta-2016-3-etappe-ergebnisliste-rennbericht","status":"publish","type":"post","link":"https:\/\/www.skimo.at\/sportler\/5235\/pierra-menta-2016-3-etappe-ergebnisliste-rennbericht\/","title":{"rendered":"PIERRA MENTA 2016 \u2013 3. ETAPPE ERGEBNISLISTE"},"content":{"rendered":"<p>Jakob Herrman und Martin Wei\u00dfkopf konnten\u00a0ihren 6. Platz halten. Das \u00f6sterreichisch-deutsche Skibergsteiger-Duo Patrick Innerhofer und Philipp Sch\u00e4dler erreichten den 10. Platz bei der dritten Etappe.<!--more--><\/p>\n<p>Tag 3 im Grande Course Rennen: \u00a02.700 H\u00f6henmeter &#8211; 26,5 Kilometer &#8211; 4 Aufstiege &#8211; 2 Tragepassagen.\u00a0Insgesamt sind noch 192 Teams (17 Damenteams und 175 Herren- bzw. gemischte Teams) im Rennen.<\/p>\n<p>Besonders erfreulich ist, dass sich auf der heutigen Etappe, bis auf ein Team, alle verbessern konnten und einige R\u00e4nge gut gemacht haben! Das \u00f6sterreichisch-deutsche Duo Patrick Innerhofer und Philipp Sch\u00e4dler erreichte heute &#8211; zur eigenen \u00dcberraschung &#8211; den 10. Platz.<\/p>\n<p>6. Rang: Jakob Herrmann (\u00d6SV)\/Martin Wei\u00dfkopf (\u00d6SV) (Gesamt: 6.)<br \/>\n10. Rang: Patrick Innerhofer (\u00d6SV)\/Philipp Sch\u00e4dler (GER;\u00a0Gesamt: 12.)<br \/>\n50. Rang: Thomas Koller\/Manfred Holzer\u00a0(Gesamt: 59.)<br \/>\n56. Rang: David Aberer\/Elias Hagspiel\u00a0(Gesamt: 65.)<br \/>\n96. Rang: Marc Hochstaffl\/Manuel Seibald\u00a0(Gesamt: 43.)<br \/>\n130. Rang: Martina Senn\/Rainer Bachmann\u00a0(Gesamt: 148.)<br \/>\n146. Rang: Sylvia Berghammer\/Daniel Schweinberger (f\u00fcr GER\/AUT;\u00a0Gesamt: 146.)<\/p>\n<p>Morgen startet um 7:15 Uhr die letzte Etappe &#8211; die sogenannte &#8222;K\u00f6nigsetappe&#8220; mit 2.500 H\u00f6henmetern auf einer Strecke von 18 Kilometer. Wir w\u00fcnschen allen Athleten viel Erfolg und Durchhalteverm\u00f6gen.<\/p>\n","protected":false},"excerpt":{"rendered":"<p>Jakob Herrman und Martin Wei\u00dfkopf konnten\u00a0ihren 6. Platz halten. Das \u00f6sterreichisch-deutsche Skibergsteiger-Duo Patrick Innerhofer und Philipp Sch\u00e4dler erreichten den 10. Platz bei der dritten Etappe.<\/p>\n","protected":false},"author":35,"featured_media":5260,"comment_status":"closed","ping_status":"closed","sticky":false,"template":"","format":"standard","meta":[],"categories":[1,3,7],"tags":[50,190,49,157,91,191],"yoast_head":"<!-- This site is optimized with the Yoast SEO plugin v16.3 - https:\/\/yoast.com\/wordpress\/plugins\/seo\/ -->\n<title>PIERRA MENTA 2016 \u2013 3. ETAPPE ERGEBNISLISTE - Sportler<\/title>\n<meta name=\"robots\" content=\"index, follow, max-snippet:-1, max-image-preview:large, max-video-preview:-1\" \/>\n<link rel=\"canonical\" href=\"https:\/\/www.skimo.at\/sportler\/5235\/pierra-menta-2016-3-etappe-ergebnisliste-rennbericht\/\" \/>\n<meta property=\"og:locale\" content=\"de_DE\" \/>\n<meta property=\"og:type\" content=\"article\" \/>\n<meta property=\"og:title\" content=\"PIERRA MENTA 2016 \u2013 3. ETAPPE ERGEBNISLISTE - Sportler\" \/>\n<meta property=\"og:description\" content=\"Jakob Herrman und Martin Wei\u00dfkopf konnten\u00a0ihren 6. Platz halten. Das \u00f6sterreichisch-deutsche Skibergsteiger-Duo Patrick Innerhofer und Philipp Sch\u00e4dler erreichten den 10. Platz bei der dritten Etappe.\" \/>\n<meta property=\"og:url\" content=\"https:\/\/www.skimo.at\/sportler\/5235\/pierra-menta-2016-3-etappe-ergebnisliste-rennbericht\/\" \/>\n<meta property=\"og:site_name\" content=\"Sportler\" \/>\n<meta property=\"article:published_time\" content=\"2016-03-11T20:56:29+00:00\" \/>\n<meta property=\"article:modified_time\" content=\"2016-03-11T21:00:35+00:00\" \/>\n<meta property=\"og:image\" content=\"https:\/\/skimo.73.jarolim.eu\/sportler\/files\/2016\/03\/19_Tag3_Pierra-Menta-2016_Weisskopf-Herrmann_Bild-Riccardo-Selvatico_LR.jpg\" \/>\n\t<meta property=\"og:image:width\" content=\"1600\" \/>\n\t<meta property=\"og:image:height\" content=\"1068\" \/>\n<meta name=\"twitter:card\" content=\"summary\" \/>\n<meta name=\"twitter:label1\" content=\"Gesch\u00e4tzte Lesezeit\">\n\t<meta name=\"twitter:data1\" content=\"1\u00a0Minute\">\n<script type=\"application\/ld+json\" class=\"yoast-schema-graph\">{\"@context\":\"https:\/\/schema.org\",\"@graph\":[{\"@type\":\"WebSite\",\"@id\":\"https:\/\/skimo.73.jarolim.eu\/sportler\/#website\",\"url\":\"https:\/\/skimo.73.jarolim.eu\/sportler\/\",\"name\":\"Sportler\",\"description\":\"\",\"potentialAction\":[{\"@type\":\"SearchAction\",\"target\":\"https:\/\/skimo.73.jarolim.eu\/sportler\/?s={search_term_string}\",\"query-input\":\"required name=search_term_string\"}],\"inLanguage\":\"de\"},{\"@type\":\"ImageObject\",\"@id\":\"https:\/\/www.skimo.at\/sportler\/5235\/pierra-menta-2016-3-etappe-ergebnisliste-rennbericht\/#primaryimage\",\"inLanguage\":\"de\",\"url\":\"https:\/\/www.skimo.at\/sportler\/files\/2016\/03\/19_Tag3_Pierra-Menta-2016_Weisskopf-Herrmann_Bild-Riccardo-Selvatico_LR.jpg\",\"contentUrl\":\"https:\/\/www.skimo.at\/sportler\/files\/2016\/03\/19_Tag3_Pierra-Menta-2016_Weisskopf-Herrmann_Bild-Riccardo-Selvatico_LR.jpg\",\"width\":1600,\"height\":1068},{\"@type\":\"WebPage\",\"@id\":\"https:\/\/www.skimo.at\/sportler\/5235\/pierra-menta-2016-3-etappe-ergebnisliste-rennbericht\/#webpage\",\"url\":\"https:\/\/www.skimo.at\/sportler\/5235\/pierra-menta-2016-3-etappe-ergebnisliste-rennbericht\/\",\"name\":\"PIERRA MENTA 2016 \\u2013 3. ETAPPE ERGEBNISLISTE - Sportler\",\"isPartOf\":{\"@id\":\"https:\/\/skimo.73.jarolim.eu\/sportler\/#website\"},\"primaryImageOfPage\":{\"@id\":\"https:\/\/www.skimo.at\/sportler\/5235\/pierra-menta-2016-3-etappe-ergebnisliste-rennbericht\/#primaryimage\"},\"datePublished\":\"2016-03-11T20:56:29+00:00\",\"dateModified\":\"2016-03-11T21:00:35+00:00\",\"author\":{\"@id\":\"https:\/\/skimo.73.jarolim.eu\/sportler\/#\/schema\/person\/98f79b69381628f9078a5fab8eac4811\"},\"breadcrumb\":{\"@id\":\"https:\/\/www.skimo.at\/sportler\/5235\/pierra-menta-2016-3-etappe-ergebnisliste-rennbericht\/#breadcrumb\"},\"inLanguage\":\"de\",\"potentialAction\":[{\"@type\":\"ReadAction\",\"target\":[\"https:\/\/www.skimo.at\/sportler\/5235\/pierra-menta-2016-3-etappe-ergebnisliste-rennbericht\/\"]}]},{\"@type\":\"BreadcrumbList\",\"@id\":\"https:\/\/www.skimo.at\/sportler\/5235\/pierra-menta-2016-3-etappe-ergebnisliste-rennbericht\/#breadcrumb\",\"itemListElement\":[{\"@type\":\"ListItem\",\"position\":1,\"item\":{\"@type\":\"WebPage\",\"@id\":\"https:\/\/skimo.73.jarolim.eu\/sportler\/\",\"url\":\"https:\/\/skimo.73.jarolim.eu\/sportler\/\",\"name\":\"Home\"}},{\"@type\":\"ListItem\",\"position\":2,\"item\":{\"@id\":\"https:\/\/www.skimo.at\/sportler\/5235\/pierra-menta-2016-3-etappe-ergebnisliste-rennbericht\/#webpage\"}}]},{\"@type\":\"Person\",\"@id\":\"https:\/\/skimo.73.jarolim.eu\/sportler\/#\/schema\/person\/98f79b69381628f9078a5fab8eac4811\",\"name\":\"sbinder\",\"image\":{\"@type\":\"ImageObject\",\"@id\":\"https:\/\/skimo.73.jarolim.eu\/sportler\/#personlogo\",\"inLanguage\":\"de\",\"url\":\"https:\/\/secure.gravatar.com\/avatar\/11f3623e7f24f658f1be6d4cb550331e?s=96&r=g\",\"contentUrl\":\"https:\/\/secure.gravatar.com\/avatar\/11f3623e7f24f658f1be6d4cb550331e?s=96&r=g\",\"caption\":\"sbinder\"},\"url\":\"https:\/\/www.skimo.at\/sportler\/author\/sbinder\/\"}]}<\/script>\n<!-- \/ Yoast SEO plugin. -->","_links":{"self":[{"href":"https:\/\/www.skimo.at\/sportler\/wp-json\/wp\/v2\/posts\/5235"}],"collection":[{"href":"https:\/\/www.skimo.at\/sportler\/wp-json\/wp\/v2\/posts"}],"about":[{"href":"https:\/\/www.skimo.at\/sportler\/wp-json\/wp\/v2\/types\/post"}],"author":[{"embeddable":true,"href":"https:\/\/www.skimo.at\/sportler\/wp-json\/wp\/v2\/users\/35"}],"replies":[{"embeddable":true,"href":"https:\/\/www.skimo.at\/sportler\/wp-json\/wp\/v2\/comments?post=5235"}],"version-history":[{"count":7,"href":"https:\/\/www.skimo.at\/sportler\/wp-json\/wp\/v2\/posts\/5235\/revisions"}],"predecessor-version":[{"id":5264,"href":"https:\/\/www.skimo.at\/sportler\/wp-json\/wp\/v2\/posts\/5235\/revisions\/5264"}],"wp:featuredmedia":[{"embeddable":true,"href":"https:\/\/www.skimo.at\/sportler\/wp-json\/wp\/v2\/media\/5260"}],"wp:attachment":[{"href":"https:\/\/www.skimo.at\/sportler\/wp-json\/wp\/v2\/media?parent=5235"}],"wp:term":[{"taxonomy":"category","embeddable":true,"href":"https:\/\/www.skimo.at\/sportler\/wp-json\/wp\/v2\/categories?post=5235"},{"taxonomy":"post_tag","embeddable":true,"href":"https:\/\/www.skimo.at\/sportler\/wp-json\/wp\/v2\/tags?post=5235"}],"curies":[{"name":"wp","href":"https:\/\/api.w.org\/{rel}","templated":true}]}}