{"id":5214,"date":"2016-03-11T00:34:31","date_gmt":"2016-03-10T22:34:31","guid":{"rendered":"http:\/\/www.skimo.at\/sportler\/?p=5214"},"modified":"2021-01-05T23:07:45","modified_gmt":"2021-01-05T21:07:45","slug":"pierra-menta-2016-2-etappe-ergebnisliste-rennbericht","status":"publish","type":"post","link":"https:\/\/www.skimo.at\/sportler\/5214\/pierra-menta-2016-2-etappe-ergebnisliste-rennbericht\/","title":{"rendered":"Pierra Menta 2016 &#8211; 2. Etappe Ergebnisliste &amp; Rennbericht"},"content":{"rendered":"\n<p>Herrmann und Wei\u00dfkopf best\u00e4tigen ihren Platz unter den weltbesten Skibersgteigern.Jakob Herrmann und Martin Wei\u00dfkopf stellten heute bei der zweiten Etappe der Pierra Menta erneut unter Beweis, dass sie zu den weltbesten Skibergsteigern geh\u00f6ren. Bei sensationellen Verh\u00e4ltnissen auf der Strecke kamen sie nach 2:32.09h auf den hervorragenden sechsten Platz. Heute f\u00fchrte die Strecke insgesamt \u00fcber 2.600 H\u00f6henmeter und 23 Kilometer. Vier Anstiege mit zwei Tragepassagen sowie vier Abfahrten im Pulverschnee hatten Herrmann und Wei\u00dfkopf zusammen mit 400 anderen Skibergsteigern heute hinter sich zu bringen.<\/p>\n\n\n\n<!--more-->\n\n\n\n<div class=\"wp-block-image\"><figure class=\"alignleft\"><a href=\"http:\/\/www.skimo.at\/sportler\/5214\/pierra-menta-2016-2-etappe-ergebnisliste-rennbericht\/pierra_menta_etappe2\/\" rel=\"attachment wp-att-5224\"><img loading=\"lazy\" width=\"960\" height=\"654\" src=\"http:\/\/www.skimo.at\/sportler\/files\/2016\/03\/Pierra_Menta_Etappe2.png\" alt=\"Pierra_Menta_Etappe2\" class=\"wp-image-5224\" srcset=\"https:\/\/www.skimo.at\/sportler\/files\/2016\/03\/Pierra_Menta_Etappe2.png 960w, https:\/\/www.skimo.at\/sportler\/files\/2016\/03\/Pierra_Menta_Etappe2-300x204.png 300w, https:\/\/www.skimo.at\/sportler\/files\/2016\/03\/Pierra_Menta_Etappe2-768x523.png 768w, https:\/\/www.skimo.at\/sportler\/files\/2016\/03\/Pierra_Menta_Etappe2-554x377.png 554w, https:\/\/www.skimo.at\/sportler\/files\/2016\/03\/Pierra_Menta_Etappe2-137x93.png 137w\" sizes=\"(max-width: 960px) 100vw, 960px\" \/><\/a><\/figure><\/div>\n\n\n\n<p>Den Sieg holten sich einmal mehr Kilian Jornet aus Spanien und Matheo Jaquemond aus Frankreich (2:21.55h). Ihre h\u00e4rtesten Konkurrenten, die beiden Franzosen, William Bon Mardion und Xavier Gachet, kamen auf den zweiten Platz (2:24.00h). Einen extrem engen Kampf mit den Franzosen lieferten sich die beiden Italiener, Robert Antonioli und Michel Boscacci. Sie landeten mit einer Zeit von 2:24.33h auf dem dritten Platz.<\/p>\n\n\n\n<p>Auf dem h\u00f6chsten Punkt der Strecke (2.335m) Col sans nom warteten erneut zahlreiche Zuschauer auf die ersch\u00f6pften Skibergsteiger. Insgesamt waren wieder hunderte frenetische Skibergsteiger an der Strecke, um das Renngeschehen zu verfolgen. Die Strecke hatte \u2013 wie bereits am Vortag \u2013 alles zu bieten, was diesen Sport ausmacht. Teilweise war es ein wahres Spitzkehren-Festival in den Aufstiegen. Das Ganze wurde garniert mit einem perfekten Ausblick auf dem \u00fcber allem thronenden Mont Blanc.<\/p>\n\n\n\n<blockquote class=\"wp-block-quote\"><p>\u201eDie Tragepassage war schon vom aller Feinsten! Extrem steil und eng. Und das zwischen diesen beiden Felsabbr\u00fcchen. Einfach nur genial&#8220;<\/p><cite>Jakob Herrmann zur heutigen Etappe <\/cite><\/blockquote>\n\n\n\n<div class=\"wp-block-image\"><figure class=\"alignleft\"><a href=\"http:\/\/www.skimo.at\/sportler\/5214\/pierra-menta-2016-2-etappe-ergebnisliste-rennbericht\/01_tag2_pierra-menta-2016_weisskopf-herrmann_bild-riccardo-selvatico_lr\/\" rel=\"attachment wp-att-5215\"><img loading=\"lazy\" width=\"1600\" height=\"1067\" src=\"http:\/\/www.skimo.at\/sportler\/files\/2016\/03\/01_Tag2_Pierra-Menta-2016_Weisskopf-Herrmann_Bild-Riccardo-Selvatico_LR.jpg\" alt=\"01_Tag2_Pierra Menta 2016_Weisskopf-Herrmann_Bild Riccardo Selvatico_LR\" class=\"wp-image-5215\" srcset=\"https:\/\/www.skimo.at\/sportler\/files\/2016\/03\/01_Tag2_Pierra-Menta-2016_Weisskopf-Herrmann_Bild-Riccardo-Selvatico_LR.jpg 1600w, https:\/\/www.skimo.at\/sportler\/files\/2016\/03\/01_Tag2_Pierra-Menta-2016_Weisskopf-Herrmann_Bild-Riccardo-Selvatico_LR-300x200.jpg 300w, https:\/\/www.skimo.at\/sportler\/files\/2016\/03\/01_Tag2_Pierra-Menta-2016_Weisskopf-Herrmann_Bild-Riccardo-Selvatico_LR-1024x683.jpg 1024w, https:\/\/www.skimo.at\/sportler\/files\/2016\/03\/01_Tag2_Pierra-Menta-2016_Weisskopf-Herrmann_Bild-Riccardo-Selvatico_LR-768x512.jpg 768w, https:\/\/www.skimo.at\/sportler\/files\/2016\/03\/01_Tag2_Pierra-Menta-2016_Weisskopf-Herrmann_Bild-Riccardo-Selvatico_LR-746x497.jpg 746w, https:\/\/www.skimo.at\/sportler\/files\/2016\/03\/01_Tag2_Pierra-Menta-2016_Weisskopf-Herrmann_Bild-Riccardo-Selvatico_LR-618x412.jpg 618w, https:\/\/www.skimo.at\/sportler\/files\/2016\/03\/01_Tag2_Pierra-Menta-2016_Weisskopf-Herrmann_Bild-Riccardo-Selvatico_LR-554x369.jpg 554w, https:\/\/www.skimo.at\/sportler\/files\/2016\/03\/01_Tag2_Pierra-Menta-2016_Weisskopf-Herrmann_Bild-Riccardo-Selvatico_LR-299x199.jpg 299w, https:\/\/www.skimo.at\/sportler\/files\/2016\/03\/01_Tag2_Pierra-Menta-2016_Weisskopf-Herrmann_Bild-Riccardo-Selvatico_LR-1224x816.jpg 1224w, https:\/\/www.skimo.at\/sportler\/files\/2016\/03\/01_Tag2_Pierra-Menta-2016_Weisskopf-Herrmann_Bild-Riccardo-Selvatico_LR-970x647.jpg 970w, https:\/\/www.skimo.at\/sportler\/files\/2016\/03\/01_Tag2_Pierra-Menta-2016_Weisskopf-Herrmann_Bild-Riccardo-Selvatico_LR-139x93.jpg 139w\" sizes=\"(max-width: 1600px) 100vw, 1600px\" \/><\/a><\/figure><\/div>\n\n\n\n<blockquote class=\"wp-block-quote\"><p>\u201eWahnsinn, war das heute wieder ein Tag heute. Da war alles dabei. Vom Mundharmonikaspieler neben der Spitzkehre, bis hin zum Zuschauer, der auf fast 2.500 Metern Brotzeit macht und Wein trinkt. Die schreien sich hier die Seele aus dem Leib, um uns anzufeuern. Und die kennen uns nicht einmal\u201c<\/p><cite>sehr zufriedener Jakob Herrmann nach dem Rennen<\/cite><\/blockquote>\n\n\n\n<blockquote class=\"wp-block-quote\"><p>\u201eWir konnten heute schon im ersten Anstieg ein schnelleres Tempo gehen. Das konnten wir bis zum Schluss durchziehen.\u00a0Zum Ende hin sind wir sogar noch den beiden franz\u00f6sischen Teams vor uns (Blanc\/Sevenec, Favre\/Viret) immer n\u00e4her gekommen! Wir freuen uns auf morgen\u201c<\/p><\/blockquote>\n\n\n\n<p>Im Gesamtklassement liegen Jakob Herrmann und Martin Wei\u00dfkopf mit 23 Minuten R\u00fcckstand auf Kilian Jornet und Mateho Jaquemond auf dem sechsten Platz.<\/p>\n\n\n\n<p>Die weiteren \u00f6sterreichischen Teams erreichten&nbsp;ebenfalls alle das Ziel. Ersch\u00f6pf und zufrieden freuen sich die Sportler&nbsp;\u00fcber eine gelungene 2. Etappe:<\/p>\n\n\n\n<p>6. Rang: Jakob Herrmann (\u00d6SV)\/Martin Wei\u00dfkopf (\u00d6SV)<br>15. Rang: Patrick Innerhofer (\u00d6SV)\/Philipp Sch\u00e4dler (GER) f\u00fcr Deutschland<br>24. Rang: Marc Hochstaffl\/Manuel Seibald<br>63. Rang: Thomas Koller\/Manfred Holzer<br>67. Rang: David Aberer\/Elias Hagspiel<br>150. Rang: Sylvia Berghammer\/Daniel Schweinberger (f\u00fcr GER\/AUT)<br>159. Rang: Martina Senn\/Rainer Bachmann<\/p>\n\n\n\n<p>Text: Johannes Schmid<\/p>\n","protected":false},"excerpt":{"rendered":"<p>Herrmann und Wei\u00dfkopf best\u00e4tigen ihren Platz unter den weltbesten Skibersgteigern.Jakob Herrmann und Martin Wei\u00dfkopf stellten heute bei der zweiten Etappe der Pierra Menta erneut unter Beweis, dass sie zu den weltbesten Skibergsteigern geh\u00f6ren. Bei sensationellen Verh\u00e4ltnissen auf der Strecke kamen sie nach 2:32.09h auf den hervorragenden sechsten Platz. Heute f\u00fchrte die Strecke insgesamt \u00fcber 2.600 [&hellip;]<\/p>\n","protected":false},"author":35,"featured_media":5217,"comment_status":"closed","ping_status":"closed","sticky":false,"template":"","format":"standard","meta":[],"categories":[1,3,7],"tags":[50,190,49,157,191,16],"yoast_head":"<!-- This site is optimized with the Yoast SEO plugin v16.3 - https:\/\/yoast.com\/wordpress\/plugins\/seo\/ -->\n<title>Pierra Menta 2016 - 2. Etappe Ergebnisliste &amp; Rennbericht - Sportler<\/title>\n<meta name=\"robots\" content=\"index, follow, max-snippet:-1, max-image-preview:large, max-video-preview:-1\" \/>\n<link rel=\"canonical\" href=\"https:\/\/www.skimo.at\/sportler\/5214\/pierra-menta-2016-2-etappe-ergebnisliste-rennbericht\/\" \/>\n<meta property=\"og:locale\" content=\"de_DE\" \/>\n<meta property=\"og:type\" content=\"article\" \/>\n<meta property=\"og:title\" content=\"Pierra Menta 2016 - 2. Etappe Ergebnisliste &amp; Rennbericht - Sportler\" \/>\n<meta property=\"og:description\" content=\"Herrmann und Wei\u00dfkopf best\u00e4tigen ihren Platz unter den weltbesten Skibersgteigern.Jakob Herrmann und Martin Wei\u00dfkopf stellten heute bei der zweiten Etappe der Pierra Menta erneut unter Beweis, dass sie zu den weltbesten Skibergsteigern geh\u00f6ren. Bei sensationellen Verh\u00e4ltnissen auf der Strecke kamen sie nach 2:32.09h auf den hervorragenden sechsten Platz. Heute f\u00fchrte die Strecke insgesamt \u00fcber 2.600 [&hellip;]\" \/>\n<meta property=\"og:url\" content=\"https:\/\/www.skimo.at\/sportler\/5214\/pierra-menta-2016-2-etappe-ergebnisliste-rennbericht\/\" \/>\n<meta property=\"og:site_name\" content=\"Sportler\" \/>\n<meta property=\"article:published_time\" content=\"2016-03-10T22:34:31+00:00\" \/>\n<meta property=\"article:modified_time\" content=\"2021-01-05T21:07:45+00:00\" \/>\n<meta property=\"og:image\" content=\"https:\/\/skimo.73.jarolim.eu\/sportler\/files\/2016\/03\/03_Tag2_Pierra-Menta-2016_Weisskopf-Herrmann_Bild-Riccardo-Selvatico_LR.jpg\" \/>\n\t<meta property=\"og:image:width\" content=\"1600\" \/>\n\t<meta property=\"og:image:height\" content=\"1068\" \/>\n<meta name=\"twitter:card\" content=\"summary\" \/>\n<meta name=\"twitter:label1\" content=\"Gesch\u00e4tzte Lesezeit\">\n\t<meta name=\"twitter:data1\" content=\"2\u00a0Minuten\">\n<script type=\"application\/ld+json\" class=\"yoast-schema-graph\">{\"@context\":\"https:\/\/schema.org\",\"@graph\":[{\"@type\":\"WebSite\",\"@id\":\"https:\/\/skimo.73.jarolim.eu\/sportler\/#website\",\"url\":\"https:\/\/skimo.73.jarolim.eu\/sportler\/\",\"name\":\"Sportler\",\"description\":\"\",\"potentialAction\":[{\"@type\":\"SearchAction\",\"target\":\"https:\/\/skimo.73.jarolim.eu\/sportler\/?s={search_term_string}\",\"query-input\":\"required name=search_term_string\"}],\"inLanguage\":\"de\"},{\"@type\":\"ImageObject\",\"@id\":\"https:\/\/www.skimo.at\/sportler\/5214\/pierra-menta-2016-2-etappe-ergebnisliste-rennbericht\/#primaryimage\",\"inLanguage\":\"de\",\"url\":\"https:\/\/www.skimo.at\/sportler\/files\/2016\/03\/03_Tag2_Pierra-Menta-2016_Weisskopf-Herrmann_Bild-Riccardo-Selvatico_LR.jpg\",\"contentUrl\":\"https:\/\/www.skimo.at\/sportler\/files\/2016\/03\/03_Tag2_Pierra-Menta-2016_Weisskopf-Herrmann_Bild-Riccardo-Selvatico_LR.jpg\",\"width\":1600,\"height\":1068},{\"@type\":\"WebPage\",\"@id\":\"https:\/\/www.skimo.at\/sportler\/5214\/pierra-menta-2016-2-etappe-ergebnisliste-rennbericht\/#webpage\",\"url\":\"https:\/\/www.skimo.at\/sportler\/5214\/pierra-menta-2016-2-etappe-ergebnisliste-rennbericht\/\",\"name\":\"Pierra Menta 2016 - 2. Etappe Ergebnisliste &amp; Rennbericht - Sportler\",\"isPartOf\":{\"@id\":\"https:\/\/skimo.73.jarolim.eu\/sportler\/#website\"},\"primaryImageOfPage\":{\"@id\":\"https:\/\/www.skimo.at\/sportler\/5214\/pierra-menta-2016-2-etappe-ergebnisliste-rennbericht\/#primaryimage\"},\"datePublished\":\"2016-03-10T22:34:31+00:00\",\"dateModified\":\"2021-01-05T21:07:45+00:00\",\"author\":{\"@id\":\"https:\/\/skimo.73.jarolim.eu\/sportler\/#\/schema\/person\/98f79b69381628f9078a5fab8eac4811\"},\"breadcrumb\":{\"@id\":\"https:\/\/www.skimo.at\/sportler\/5214\/pierra-menta-2016-2-etappe-ergebnisliste-rennbericht\/#breadcrumb\"},\"inLanguage\":\"de\",\"potentialAction\":[{\"@type\":\"ReadAction\",\"target\":[\"https:\/\/www.skimo.at\/sportler\/5214\/pierra-menta-2016-2-etappe-ergebnisliste-rennbericht\/\"]}]},{\"@type\":\"BreadcrumbList\",\"@id\":\"https:\/\/www.skimo.at\/sportler\/5214\/pierra-menta-2016-2-etappe-ergebnisliste-rennbericht\/#breadcrumb\",\"itemListElement\":[{\"@type\":\"ListItem\",\"position\":1,\"item\":{\"@type\":\"WebPage\",\"@id\":\"https:\/\/skimo.73.jarolim.eu\/sportler\/\",\"url\":\"https:\/\/skimo.73.jarolim.eu\/sportler\/\",\"name\":\"Home\"}},{\"@type\":\"ListItem\",\"position\":2,\"item\":{\"@id\":\"https:\/\/www.skimo.at\/sportler\/5214\/pierra-menta-2016-2-etappe-ergebnisliste-rennbericht\/#webpage\"}}]},{\"@type\":\"Person\",\"@id\":\"https:\/\/skimo.73.jarolim.eu\/sportler\/#\/schema\/person\/98f79b69381628f9078a5fab8eac4811\",\"name\":\"sbinder\",\"image\":{\"@type\":\"ImageObject\",\"@id\":\"https:\/\/skimo.73.jarolim.eu\/sportler\/#personlogo\",\"inLanguage\":\"de\",\"url\":\"https:\/\/secure.gravatar.com\/avatar\/11f3623e7f24f658f1be6d4cb550331e?s=96&r=g\",\"contentUrl\":\"https:\/\/secure.gravatar.com\/avatar\/11f3623e7f24f658f1be6d4cb550331e?s=96&r=g\",\"caption\":\"sbinder\"},\"url\":\"https:\/\/www.skimo.at\/sportler\/author\/sbinder\/\"}]}<\/script>\n<!-- \/ Yoast SEO plugin. -->","_links":{"self":[{"href":"https:\/\/www.skimo.at\/sportler\/wp-json\/wp\/v2\/posts\/5214"}],"collection":[{"href":"https:\/\/www.skimo.at\/sportler\/wp-json\/wp\/v2\/posts"}],"about":[{"href":"https:\/\/www.skimo.at\/sportler\/wp-json\/wp\/v2\/types\/post"}],"author":[{"embeddable":true,"href":"https:\/\/www.skimo.at\/sportler\/wp-json\/wp\/v2\/users\/35"}],"replies":[{"embeddable":true,"href":"https:\/\/www.skimo.at\/sportler\/wp-json\/wp\/v2\/comments?post=5214"}],"version-history":[{"count":6,"href":"https:\/\/www.skimo.at\/sportler\/wp-json\/wp\/v2\/posts\/5214\/revisions"}],"predecessor-version":[{"id":15687,"href":"https:\/\/www.skimo.at\/sportler\/wp-json\/wp\/v2\/posts\/5214\/revisions\/15687"}],"wp:featuredmedia":[{"embeddable":true,"href":"https:\/\/www.skimo.at\/sportler\/wp-json\/wp\/v2\/media\/5217"}],"wp:attachment":[{"href":"https:\/\/www.skimo.at\/sportler\/wp-json\/wp\/v2\/media?parent=5214"}],"wp:term":[{"taxonomy":"category","embeddable":true,"href":"https:\/\/www.skimo.at\/sportler\/wp-json\/wp\/v2\/categories?post=5214"},{"taxonomy":"post_tag","embeddable":true,"href":"https:\/\/www.skimo.at\/sportler\/wp-json\/wp\/v2\/tags?post=5214"}],"curies":[{"name":"wp","href":"https:\/\/api.w.org\/{rel}","templated":true}]}}