{"id":5200,"date":"2016-03-09T22:17:20","date_gmt":"2016-03-09T20:17:20","guid":{"rendered":"http:\/\/www.skimo.at\/sportler\/?p=5200"},"modified":"2016-03-09T22:23:22","modified_gmt":"2016-03-09T20:23:22","slug":"pierramenta","status":"publish","type":"post","link":"https:\/\/www.skimo.at\/sportler\/5200\/pierramenta\/","title":{"rendered":"Pierra Menta 2016 &#8211; 1. Etappe: Rennbericht"},"content":{"rendered":"<p><span style=\"font-size: large\"><b>Voller Erfolg f\u00fcr Jakob Herrmann und Martin Wei\u00dfkopf bei der ersten Etappe der Pierra Menta.<\/b><\/span><!--more--><\/p>\n<p>Mit 2.48:13h landeten die beiden Ausnahmeathleten auf dem hervorragenden sechsten Platz. Den Sieg sicherte sich die \u00fcberirdisch erscheinenden Kilian Jornet aus Spanien und Matheo Jaquemond aus Frankreich (2.3534h) vor dem franz\u00f6sischen Duo William Bon Mardion und Xavier Gachet (2.39:12h). Auf dem dritten Platz folgten die Italiener Robert Antonioli und Michele Boscacci (2.40:41h). Im Starterfeld der prestigetr\u00e4chtigen Pierra Menta befinden sich die weltbesten Skibergsteiger.<\/p>\n<blockquote><p><a href=\"http:\/\/www.skimo.at\/sportler\/5160\/pierra-menta-2016-1-etappe-ergebnisliste\/04_pierra-menta-2016_weisskopf-herrmann_bild-riccardo-selvatico_lr\/\" rel=\"attachment wp-att-5175\"><img loading=\"lazy\" class=\"alignleft size-thumbnail wp-image-5175\" src=\"http:\/\/www.skimo.at\/sportler\/files\/2016\/03\/04_Pierra-Menta-2016_Weisskopf-Herrmann_Bild-Riccardo-Selvatico_LR-150x150.jpg\" alt=\"04_Pierra Menta 2016_Weisskopf-Herrmann_Bild Riccardo Selvatico_LR\" width=\"150\" height=\"150\" \/><\/a>\u201eUnvorstellbar, dass sich in Deutschland oder \u00d6sterreich ein Veranstalter traut, bei Lawinen-warnstufe 3 so ein Rennen zu organisieren. Die Strecke war einfach nur genial\u201c, sagte Jakob Herrmann zufrieden \u00fcber den Auftakt bei der Pierra Menta.<\/p><\/blockquote>\n<p>Vor allem in den Abfahrten lie\u00dfen es die beiden Skibergsteiger der \u00f6sterreichischen Nationalmannschaft gewaltig krachen.<\/p>\n<p>\u201eWir sind eigentlich jede Abfahrt im freien Gel\u00e4nde Schuss im Pulver runter gefahren. Nur im Wald sind wir den B\u00e4umen mit Schw\u00fcnge ausgewichen\u201c, erkl\u00e4rte Herrmann abends lachend.\u00a0\u201eDie Pierra Menta macht uns beiden riesigen Spa\u00df. Die Leute Leben diese Veranstaltung! Du hast den Eindruck, dass alle so gl\u00fccklich sind, dass sie es organisieren d\u00fcrfen. Und das merken wir als Athleten nat\u00fcrlich auch.<\/p>\n<p>Zus\u00e4tzlich spannend ist der Wettkampfmodus. An jedem der vier Wettkampftage wird aufs Neue um die besten Pl\u00e4tze gek\u00e4mpft.<\/p>\n<blockquote><p><a href=\"http:\/\/www.skimo.at\/sportler\/5160\/pierra-menta-2016-1-etappe-ergebnisliste\/07_pierra-menta-2016_weisskopf-herrmann_bild-riccardo-selvatico_lr\/\" rel=\"attachment wp-att-5178\"><img loading=\"lazy\" class=\"size-thumbnail wp-image-5178 alignright\" src=\"http:\/\/www.skimo.at\/sportler\/files\/2016\/03\/07_Pierra-Menta-2016_Weisskopf-Herrmann_Bild-Riccardo-Selvatico_LR-150x150.jpg\" alt=\"07_Pierra Menta 2016_Weisskopf-Herrmann_Bild Riccardo Selvatico_LR\" width=\"150\" height=\"150\" \/><\/a>\u201eBei so einem langen und schwierigen Rennen muss es einfach zwischenmenschlich und sportlich 100% passen. Und das ist bei Martin und mir der Fall. Ganz wichtig ist, dass du das Lachen nicht vergisst. Aber das kommt bei uns beiden bestimmt nicht zu kurz\u201c, erkl\u00e4rt Herrmann die besonderen Anforderungen an ein Team bei der Pierra Menta.<\/p><\/blockquote>\n<p>Morgen warten 2.600 H\u00f6henmeter und 20 Kilometer verteilt auf vier Anstiege und vier Abfahrten auf Jakob Herrmann und Martin Wei\u00dfkopf.<\/p>\n<p>Text: Johannes Schmid<\/p>\n","protected":false},"excerpt":{"rendered":"<p>Voller Erfolg f\u00fcr Jakob Herrmann und Martin Wei\u00dfkopf bei der ersten Etappe der Pierra Menta.<\/p>\n","protected":false},"author":35,"featured_media":5182,"comment_status":"closed","ping_status":"closed","sticky":false,"template":"","format":"standard","meta":[],"categories":[1,3,7],"tags":[50,190,49,157,187],"yoast_head":"<!-- This site is optimized with the Yoast SEO plugin v16.3 - https:\/\/yoast.com\/wordpress\/plugins\/seo\/ -->\n<title>Pierra Menta 2016 - 1. Etappe: Rennbericht - Sportler<\/title>\n<meta name=\"robots\" content=\"index, follow, max-snippet:-1, max-image-preview:large, max-video-preview:-1\" \/>\n<link rel=\"canonical\" href=\"https:\/\/www.skimo.at\/sportler\/5200\/pierramenta\/\" \/>\n<meta property=\"og:locale\" content=\"de_DE\" \/>\n<meta property=\"og:type\" content=\"article\" \/>\n<meta property=\"og:title\" content=\"Pierra Menta 2016 - 1. Etappe: Rennbericht - Sportler\" \/>\n<meta property=\"og:description\" content=\"Voller Erfolg f\u00fcr Jakob Herrmann und Martin Wei\u00dfkopf bei der ersten Etappe der Pierra Menta.\" \/>\n<meta property=\"og:url\" content=\"https:\/\/www.skimo.at\/sportler\/5200\/pierramenta\/\" \/>\n<meta property=\"og:site_name\" content=\"Sportler\" \/>\n<meta property=\"article:published_time\" content=\"2016-03-09T20:17:20+00:00\" \/>\n<meta property=\"article:modified_time\" content=\"2016-03-09T20:23:22+00:00\" \/>\n<meta property=\"og:image\" content=\"https:\/\/skimo.73.jarolim.eu\/sportler\/files\/2016\/03\/02_Pierra-Menta-2016_Weisskopf-Herrmann_Bild-Martin-Schneider_LR-scaled.jpg\" \/>\n\t<meta property=\"og:image:width\" content=\"2560\" \/>\n\t<meta property=\"og:image:height\" content=\"1920\" \/>\n<meta name=\"twitter:card\" content=\"summary\" \/>\n<meta name=\"twitter:label1\" content=\"Gesch\u00e4tzte Lesezeit\">\n\t<meta name=\"twitter:data1\" content=\"2\u00a0Minuten\">\n<script type=\"application\/ld+json\" class=\"yoast-schema-graph\">{\"@context\":\"https:\/\/schema.org\",\"@graph\":[{\"@type\":\"WebSite\",\"@id\":\"https:\/\/skimo.73.jarolim.eu\/sportler\/#website\",\"url\":\"https:\/\/skimo.73.jarolim.eu\/sportler\/\",\"name\":\"Sportler\",\"description\":\"\",\"potentialAction\":[{\"@type\":\"SearchAction\",\"target\":\"https:\/\/skimo.73.jarolim.eu\/sportler\/?s={search_term_string}\",\"query-input\":\"required name=search_term_string\"}],\"inLanguage\":\"de\"},{\"@type\":\"ImageObject\",\"@id\":\"https:\/\/www.skimo.at\/sportler\/5200\/pierramenta\/#primaryimage\",\"inLanguage\":\"de\",\"url\":\"https:\/\/www.skimo.at\/sportler\/files\/2016\/03\/02_Pierra-Menta-2016_Weisskopf-Herrmann_Bild-Martin-Schneider_LR-scaled.jpg\",\"contentUrl\":\"https:\/\/www.skimo.at\/sportler\/files\/2016\/03\/02_Pierra-Menta-2016_Weisskopf-Herrmann_Bild-Martin-Schneider_LR-scaled.jpg\",\"width\":2560,\"height\":1920},{\"@type\":\"WebPage\",\"@id\":\"https:\/\/www.skimo.at\/sportler\/5200\/pierramenta\/#webpage\",\"url\":\"https:\/\/www.skimo.at\/sportler\/5200\/pierramenta\/\",\"name\":\"Pierra Menta 2016 - 1. Etappe: Rennbericht - Sportler\",\"isPartOf\":{\"@id\":\"https:\/\/skimo.73.jarolim.eu\/sportler\/#website\"},\"primaryImageOfPage\":{\"@id\":\"https:\/\/www.skimo.at\/sportler\/5200\/pierramenta\/#primaryimage\"},\"datePublished\":\"2016-03-09T20:17:20+00:00\",\"dateModified\":\"2016-03-09T20:23:22+00:00\",\"author\":{\"@id\":\"https:\/\/skimo.73.jarolim.eu\/sportler\/#\/schema\/person\/98f79b69381628f9078a5fab8eac4811\"},\"breadcrumb\":{\"@id\":\"https:\/\/www.skimo.at\/sportler\/5200\/pierramenta\/#breadcrumb\"},\"inLanguage\":\"de\",\"potentialAction\":[{\"@type\":\"ReadAction\",\"target\":[\"https:\/\/www.skimo.at\/sportler\/5200\/pierramenta\/\"]}]},{\"@type\":\"BreadcrumbList\",\"@id\":\"https:\/\/www.skimo.at\/sportler\/5200\/pierramenta\/#breadcrumb\",\"itemListElement\":[{\"@type\":\"ListItem\",\"position\":1,\"item\":{\"@type\":\"WebPage\",\"@id\":\"https:\/\/skimo.73.jarolim.eu\/sportler\/\",\"url\":\"https:\/\/skimo.73.jarolim.eu\/sportler\/\",\"name\":\"Home\"}},{\"@type\":\"ListItem\",\"position\":2,\"item\":{\"@id\":\"https:\/\/www.skimo.at\/sportler\/5200\/pierramenta\/#webpage\"}}]},{\"@type\":\"Person\",\"@id\":\"https:\/\/skimo.73.jarolim.eu\/sportler\/#\/schema\/person\/98f79b69381628f9078a5fab8eac4811\",\"name\":\"sbinder\",\"image\":{\"@type\":\"ImageObject\",\"@id\":\"https:\/\/skimo.73.jarolim.eu\/sportler\/#personlogo\",\"inLanguage\":\"de\",\"url\":\"https:\/\/secure.gravatar.com\/avatar\/11f3623e7f24f658f1be6d4cb550331e?s=96&r=g\",\"contentUrl\":\"https:\/\/secure.gravatar.com\/avatar\/11f3623e7f24f658f1be6d4cb550331e?s=96&r=g\",\"caption\":\"sbinder\"},\"url\":\"https:\/\/www.skimo.at\/sportler\/author\/sbinder\/\"}]}<\/script>\n<!-- \/ Yoast SEO plugin. -->","_links":{"self":[{"href":"https:\/\/www.skimo.at\/sportler\/wp-json\/wp\/v2\/posts\/5200"}],"collection":[{"href":"https:\/\/www.skimo.at\/sportler\/wp-json\/wp\/v2\/posts"}],"about":[{"href":"https:\/\/www.skimo.at\/sportler\/wp-json\/wp\/v2\/types\/post"}],"author":[{"embeddable":true,"href":"https:\/\/www.skimo.at\/sportler\/wp-json\/wp\/v2\/users\/35"}],"replies":[{"embeddable":true,"href":"https:\/\/www.skimo.at\/sportler\/wp-json\/wp\/v2\/comments?post=5200"}],"version-history":[{"count":12,"href":"https:\/\/www.skimo.at\/sportler\/wp-json\/wp\/v2\/posts\/5200\/revisions"}],"predecessor-version":[{"id":5213,"href":"https:\/\/www.skimo.at\/sportler\/wp-json\/wp\/v2\/posts\/5200\/revisions\/5213"}],"wp:featuredmedia":[{"embeddable":true,"href":"https:\/\/www.skimo.at\/sportler\/wp-json\/wp\/v2\/media\/5182"}],"wp:attachment":[{"href":"https:\/\/www.skimo.at\/sportler\/wp-json\/wp\/v2\/media?parent=5200"}],"wp:term":[{"taxonomy":"category","embeddable":true,"href":"https:\/\/www.skimo.at\/sportler\/wp-json\/wp\/v2\/categories?post=5200"},{"taxonomy":"post_tag","embeddable":true,"href":"https:\/\/www.skimo.at\/sportler\/wp-json\/wp\/v2\/tags?post=5200"}],"curies":[{"name":"wp","href":"https:\/\/api.w.org\/{rel}","templated":true}]}}