{"id":5144,"date":"2016-02-27T20:29:50","date_gmt":"2016-02-27T18:29:50","guid":{"rendered":"http:\/\/www.skimo.at\/sportler\/?p=5144"},"modified":"2016-02-27T20:29:50","modified_gmt":"2016-02-27T18:29:50","slug":"erste-etappe-altitoy-ternua-herrmannweisskopf-sensationell-5","status":"publish","type":"post","link":"https:\/\/www.skimo.at\/sportler\/5144\/erste-etappe-altitoy-ternua-herrmannweisskopf-sensationell-5\/","title":{"rendered":"Erste Etappe Altitoy Ternua \u2013 Herrmann\/Weisskopf sensationell 5.!"},"content":{"rendered":"<p>Super Nachrichten erreichen uns aus den franz\u00f6sischen Pyren\u00e4en: bei schlechten Wetter mit starkem Schneefall, miserabler Sicht und Wind konnte das \u00d6SV Team am Start Jakob Herrmann\/Martin Weisskopf sensationell den 5. Platz erreichen.\u00a0\u00a0\u00a0\u00a0W\u00e4hrend die ersten 4 Teams mit gr\u00f6\u00dferem Abstand Tempo machten, waren die \u00d6sterreicher lang auf Platz 6 hinter dem spanischen Team Pisach\/Cardona. Im dritten Anstieg griffen sie die Spanier erfolgreich an, mussten als Konsequenz bei den enormen Schneef\u00e4llen aber zwischenzeitlich sogar spuren. Kleinere technische Probleme inkl. verlorenem Fell wurde super weggesteckt, und auf die Siegerzeit von 2:10:36 (Lenzi\/Eydallin ITA) verloren die beiden \u00d6sterreicher mit 2:21:16 nur knapp 11 Minuten\u2026super!<\/p>\n<p>F\u00fcr morgen steht die finale Etappe am Programm, unsere Burschen sind motiviert und wollen den Top5 Platz unbedingt halten. Wir halten die Daumen!<\/p>\n<p>Bildcredits: La Grande Course\/Ferrarifoto (auf der <a href=\"https:\/\/www.facebook.com\/lgcourse\/?fref=ts\">Facebook-Pr\u00e4senz<\/a> finden sich viele weitere Bilder!).<\/p>\n<p>Webseite Altitoy Ternua: <a href=\"http:\/\/altitoy-ternua.com\/?lang=en\">http:\/\/altitoy-ternua.com\/?lang=en<\/a><\/p>\n","protected":false},"excerpt":{"rendered":"<p>Super Nachrichten erreichen uns aus den franz\u00f6sischen Pyren\u00e4en: bei schlechten Wetter mit starkem Schneefall, miserabler Sicht und Wind konnte das \u00d6SV Team am Start Jakob Herrmann\/Martin Weisskopf sensationell den 5. Platz erreichen.\u00a0\u00a0\u00a0\u00a0W\u00e4hrend die ersten 4 Teams mit gr\u00f6\u00dferem Abstand Tempo machten, waren die \u00d6sterreicher lang auf Platz 6 hinter dem spanischen Team Pisach\/Cardona. Im dritten [&hellip;]<\/p>\n","protected":false},"author":3,"featured_media":5147,"comment_status":"closed","ping_status":"closed","sticky":false,"template":"","format":"standard","meta":[],"categories":[1,3,7],"tags":[],"yoast_head":"<!-- This site is optimized with the Yoast SEO plugin v16.3 - https:\/\/yoast.com\/wordpress\/plugins\/seo\/ -->\n<title>Erste Etappe Altitoy Ternua \u2013 Herrmann\/Weisskopf sensationell 5.!<\/title>\n<meta name=\"description\" content=\"Die heutige erste Etappe (von 2) des zum ISMF Lond Distance geh\u00f6renden LGC Rennens Altitoy Ternua ging \u00fcber rund 2.000 H\u00f6henmeter mit 5 Anstiegen.\u00a0\" \/>\n<meta name=\"robots\" content=\"index, follow, max-snippet:-1, max-image-preview:large, max-video-preview:-1\" \/>\n<link rel=\"canonical\" href=\"https:\/\/www.skimo.at\/sportler\/5144\/erste-etappe-altitoy-ternua-herrmannweisskopf-sensationell-5\/\" \/>\n<meta property=\"og:locale\" content=\"de_DE\" \/>\n<meta property=\"og:type\" content=\"article\" \/>\n<meta property=\"og:title\" content=\"Erste Etappe Altitoy Ternua \u2013 Herrmann\/Weisskopf sensationell 5.!\" \/>\n<meta property=\"og:description\" content=\"Die heutige erste Etappe (von 2) des zum ISMF Lond Distance geh\u00f6renden LGC Rennens Altitoy Ternua ging \u00fcber rund 2.000 H\u00f6henmeter mit 5 Anstiegen.\u00a0\" \/>\n<meta property=\"og:url\" content=\"https:\/\/www.skimo.at\/sportler\/5144\/erste-etappe-altitoy-ternua-herrmannweisskopf-sensationell-5\/\" \/>\n<meta property=\"og:site_name\" content=\"Sportler\" \/>\n<meta property=\"article:published_time\" content=\"2016-02-27T18:29:50+00:00\" \/>\n<meta property=\"og:image\" content=\"https:\/\/skimo.73.jarolim.eu\/sportler\/files\/2016\/02\/Altitoy-Ternua-3-_-ferrarifoto.jpg\" \/>\n\t<meta property=\"og:image:width\" content=\"1600\" \/>\n\t<meta property=\"og:image:height\" content=\"1065\" \/>\n<meta name=\"twitter:card\" content=\"summary\" \/>\n<meta name=\"twitter:label1\" content=\"Gesch\u00e4tzte Lesezeit\">\n\t<meta name=\"twitter:data1\" content=\"1\u00a0Minute\">\n<script type=\"application\/ld+json\" class=\"yoast-schema-graph\">{\"@context\":\"https:\/\/schema.org\",\"@graph\":[{\"@type\":\"WebSite\",\"@id\":\"https:\/\/skimo.73.jarolim.eu\/sportler\/#website\",\"url\":\"https:\/\/skimo.73.jarolim.eu\/sportler\/\",\"name\":\"Sportler\",\"description\":\"\",\"potentialAction\":[{\"@type\":\"SearchAction\",\"target\":\"https:\/\/skimo.73.jarolim.eu\/sportler\/?s={search_term_string}\",\"query-input\":\"required name=search_term_string\"}],\"inLanguage\":\"de\"},{\"@type\":\"ImageObject\",\"@id\":\"https:\/\/www.skimo.at\/sportler\/5144\/erste-etappe-altitoy-ternua-herrmannweisskopf-sensationell-5\/#primaryimage\",\"inLanguage\":\"de\",\"url\":\"https:\/\/www.skimo.at\/sportler\/files\/2016\/02\/Altitoy-Ternua-3-_-ferrarifoto.jpg\",\"contentUrl\":\"https:\/\/www.skimo.at\/sportler\/files\/2016\/02\/Altitoy-Ternua-3-_-ferrarifoto.jpg\",\"width\":1600,\"height\":1065},{\"@type\":\"WebPage\",\"@id\":\"https:\/\/www.skimo.at\/sportler\/5144\/erste-etappe-altitoy-ternua-herrmannweisskopf-sensationell-5\/#webpage\",\"url\":\"https:\/\/www.skimo.at\/sportler\/5144\/erste-etappe-altitoy-ternua-herrmannweisskopf-sensationell-5\/\",\"name\":\"Erste Etappe Altitoy Ternua \\u2013 Herrmann\/Weisskopf sensationell 5.!\",\"isPartOf\":{\"@id\":\"https:\/\/skimo.73.jarolim.eu\/sportler\/#website\"},\"primaryImageOfPage\":{\"@id\":\"https:\/\/www.skimo.at\/sportler\/5144\/erste-etappe-altitoy-ternua-herrmannweisskopf-sensationell-5\/#primaryimage\"},\"datePublished\":\"2016-02-27T18:29:50+00:00\",\"dateModified\":\"2016-02-27T18:29:50+00:00\",\"author\":{\"@id\":\"https:\/\/skimo.73.jarolim.eu\/sportler\/#\/schema\/person\/796ecbce6796efca58bf848ca63ec12c\"},\"description\":\"Die heutige erste Etappe (von 2) des zum ISMF Lond Distance geh\\u00f6renden LGC Rennens Altitoy Ternua ging \\u00fcber rund 2.000 H\\u00f6henmeter mit 5 Anstiegen.\\u00a0\",\"breadcrumb\":{\"@id\":\"https:\/\/www.skimo.at\/sportler\/5144\/erste-etappe-altitoy-ternua-herrmannweisskopf-sensationell-5\/#breadcrumb\"},\"inLanguage\":\"de\",\"potentialAction\":[{\"@type\":\"ReadAction\",\"target\":[\"https:\/\/www.skimo.at\/sportler\/5144\/erste-etappe-altitoy-ternua-herrmannweisskopf-sensationell-5\/\"]}]},{\"@type\":\"BreadcrumbList\",\"@id\":\"https:\/\/www.skimo.at\/sportler\/5144\/erste-etappe-altitoy-ternua-herrmannweisskopf-sensationell-5\/#breadcrumb\",\"itemListElement\":[{\"@type\":\"ListItem\",\"position\":1,\"item\":{\"@type\":\"WebPage\",\"@id\":\"https:\/\/skimo.73.jarolim.eu\/sportler\/\",\"url\":\"https:\/\/skimo.73.jarolim.eu\/sportler\/\",\"name\":\"Home\"}},{\"@type\":\"ListItem\",\"position\":2,\"item\":{\"@id\":\"https:\/\/www.skimo.at\/sportler\/5144\/erste-etappe-altitoy-ternua-herrmannweisskopf-sensationell-5\/#webpage\"}}]},{\"@type\":\"Person\",\"@id\":\"https:\/\/skimo.73.jarolim.eu\/sportler\/#\/schema\/person\/796ecbce6796efca58bf848ca63ec12c\",\"name\":\"kposch\",\"image\":{\"@type\":\"ImageObject\",\"@id\":\"https:\/\/skimo.73.jarolim.eu\/sportler\/#personlogo\",\"inLanguage\":\"de\",\"url\":\"https:\/\/secure.gravatar.com\/avatar\/e9f5f28da60e5e563d3f4d3cc0b9b425?s=96&r=g\",\"contentUrl\":\"https:\/\/secure.gravatar.com\/avatar\/e9f5f28da60e5e563d3f4d3cc0b9b425?s=96&r=g\",\"caption\":\"kposch\"},\"url\":\"https:\/\/www.skimo.at\/sportler\/author\/kposch\/\"}]}<\/script>\n<!-- \/ Yoast SEO plugin. -->","_links":{"self":[{"href":"https:\/\/www.skimo.at\/sportler\/wp-json\/wp\/v2\/posts\/5144"}],"collection":[{"href":"https:\/\/www.skimo.at\/sportler\/wp-json\/wp\/v2\/posts"}],"about":[{"href":"https:\/\/www.skimo.at\/sportler\/wp-json\/wp\/v2\/types\/post"}],"author":[{"embeddable":true,"href":"https:\/\/www.skimo.at\/sportler\/wp-json\/wp\/v2\/users\/3"}],"replies":[{"embeddable":true,"href":"https:\/\/www.skimo.at\/sportler\/wp-json\/wp\/v2\/comments?post=5144"}],"version-history":[{"count":1,"href":"https:\/\/www.skimo.at\/sportler\/wp-json\/wp\/v2\/posts\/5144\/revisions"}],"predecessor-version":[{"id":5149,"href":"https:\/\/www.skimo.at\/sportler\/wp-json\/wp\/v2\/posts\/5144\/revisions\/5149"}],"wp:featuredmedia":[{"embeddable":true,"href":"https:\/\/www.skimo.at\/sportler\/wp-json\/wp\/v2\/media\/5147"}],"wp:attachment":[{"href":"https:\/\/www.skimo.at\/sportler\/wp-json\/wp\/v2\/media?parent=5144"}],"wp:term":[{"taxonomy":"category","embeddable":true,"href":"https:\/\/www.skimo.at\/sportler\/wp-json\/wp\/v2\/categories?post=5144"},{"taxonomy":"post_tag","embeddable":true,"href":"https:\/\/www.skimo.at\/sportler\/wp-json\/wp\/v2\/tags?post=5144"}],"curies":[{"name":"wp","href":"https:\/\/api.w.org\/{rel}","templated":true}]}}