{"id":5106,"date":"2016-02-20T22:03:01","date_gmt":"2016-02-20T20:03:01","guid":{"rendered":"http:\/\/www.skimo.at\/sportler\/?p=5106"},"modified":"2016-02-20T22:07:59","modified_gmt":"2016-02-20T20:07:59","slug":"weltcup-tambre-ita-tag-3-sprint-race","status":"publish","type":"post","link":"https:\/\/www.skimo.at\/sportler\/5106\/weltcup-tambre-ita-tag-3-sprint-race\/","title":{"rendered":"Weltcup Tambre (ITA) Tag 3 &#8211; Sprint Race"},"content":{"rendered":"<p>Nicht ganz zufrieden vom gestrigen Individual Race Weltcup haben die \u00d6SV Athleten heute im Sprint Race Gas gegeben &#8211; zwei Top5 Pl\u00e4tze waren das Ergebnis!<\/p>\n<p><!--more--><\/p>\n<h2>Sprint Race bringt 5. Rang f\u00fcr Ina Forchthammer<\/h2>\n<p><img loading=\"lazy\" class=\"alignleft size-thumbnail wp-image-5121\" src=\"http:\/\/www.skimo.at\/sportler\/files\/2016\/02\/WC-Transcavallo-2016_Sprint_-10-_Foto_Willi-Seebacher-LR-150x150.jpg\" alt=\"WC Transcavallo 2016_Sprint_ 10 _Foto_Willi Seebacher LR\" width=\"150\" height=\"150\" \/>Absolut nicht zufrieden vom Ergebnis des vorherigen Tages im Individual Weltcup gab Ina Forchthammer beim ihr liegenden Spint Rennen ordentlich Gas und beendete das Rennen mit einem 5. Platz (und lie\u00df diesmal Verena Streitberger hinter ihr auf Rang 7):<\/p>\n<blockquote><p>\u201eDas Ergebnis passt gut, wobei heute vielleicht noch mehr drinnen gewesen w\u00e4re. In der Passage mit den Spitzkehren musste ich mich nach den Italienerinnen einreihen, ein \u00dcberholen war kaum m\u00f6glich, da hab ich sicher etwas Zeit verschenkt.\u201c<\/p><\/blockquote>\n<h2>Daniel Zugg sorgt f\u00fcr gutes Ergebnis in der Espoir Klasse<\/h2>\n<p><img loading=\"lazy\" class=\"alignright size-thumbnail wp-image-5130\" src=\"http:\/\/www.skimo.at\/sportler\/files\/2016\/02\/WC-Transcavallo-2016_Sprint_-Daniel-Zugg-21-_Foto_Willi-Seebacher-LR-150x150.jpg\" alt=\"WC Transcavallo 2016_Sprint_ Daniel Zugg 21 _Foto_Willi Seebacher LR\" width=\"150\" height=\"150\" \/>Bei den Herren war das Gl\u00fcck zwar heute nicht auf \u00f6sterreichischer Seite, trotzdem konnte ein weiterer Top5 Platz erreicht werden. Die Qualifikationsrunden sind sehr gut gelaufen, alle startenden Athleten stiegen ins Viertelfinale auf \u2013 leider erreichte keiner letztlich das Finale. In den jeweiligen Gruppenl\u00e4ufen beendeten Jakob Herrmann und Daniel Zugg ihre Runde an dritter Position, beide stiegen aber nicht als Lucky Looser auf (die Qualifikationszeiten werden zur Berechnung genommen). F\u00fcr Daniel Zugg ging sich trotzdem ein hervorragender 4. Rang in der Espoirklasse aus, w\u00e4re er noch eine Runde weiter gekommen, w\u00e4re hier wohl auch in der Seniorklasse, die er schlussendlich auf Rang 13 beendete, ein zus\u00e4tzlicher Sprung nach vorne realisierbar gewesen sein.<\/p>\n<blockquote><p>\u201eIm Vergleich zum gestrigen Rennen ist es heute wirklich gut gelaufen. Ich bin sehr zufrieden, es war ein guter Abschluss des Wochenendes, welches mit dem Individual von gestern nicht so perfekt gestartet ist.\u201c<\/p><\/blockquote>\n<p>\u00c4hnliches berichtet Jakob Herrmann, der sich trotz Ausscheidens in den Finall\u00e4ufen \u00fcber Rang 14 freuen darf:<img loading=\"lazy\" class=\"alignleft size-thumbnail wp-image-5134\" src=\"http:\/\/www.skimo.at\/sportler\/files\/2016\/02\/WC-Transcavallo-2016_Sprint_-Jakob-Herrmann-36-_Foto_Willi-Seebacher-LR-150x150.jpg\" alt=\"WC Transcavallo 2016_Sprint_ Jakob Herrmann 36 _Foto_Willi Seebacher LR\" width=\"150\" height=\"150\" \/><\/p>\n<blockquote><p>\u201eProbleme mit dem Rennanzug beim Wechsel haben mir viel Zeit gekostet, deshalb war mein Qualifikationslauf nicht sehr gut, was leider den Lucky Looser Aufstieg in die n\u00e4chste Runde verhindert hat. Trotzdem bin ich mit meinem heutigen Ergebnis mehr als zufrieden.\u201c<\/p><\/blockquote>\n<p><img loading=\"lazy\" class=\"alignleft size-thumbnail wp-image-5136\" src=\"http:\/\/www.skimo.at\/sportler\/files\/2016\/02\/WC-Transcavallo-2016_Sprint_-Martin-Weisskopf-40-_Foto_Willi-Seebacher-LR-150x150.jpg\" alt=\"WC Transcavallo 2016_Sprint_ Martin Weisskopf 40 _Foto_Willi Seebacher LR\" width=\"150\" height=\"150\" \/>Martin Wei\u00dfkopf sorgte mit einem 16. Rang noch f\u00fcr ein weiteres Top20 Ergebnis der \u00d6sterreicher.<\/p>\n<p>In der Damenklasse gelang sowohl Michaela Essl, als auch Heidi Bernsteiner nicht der Einzug in die Finall\u00e4ufe. Essl schaffte mit einer guten Zeit im Qualifikationslauf trotzdem noch Rang 14.<\/p>\n<h2>Siege in den Rennen gingen an Antonioli und Roux<\/h2>\n<p>Unangefochten dominierte bei den Damen einmal mehr Laetitia Roux (FRA) im Individual Race, sowie im darauf folgenden Sprint Race. Bei den Herren ging der Sieg im Sprint an Robert Antonioli (ITA), vor Toni Palzer.<\/p>\n<h2>N\u00e4chstes Mal l\u00e4uft\u2019s wieder besser\u2026<\/h2>\n<p>Headcoach Alexander Luggers Res\u00fcmee zum vergangenen Rennwochenende:<\/p>\n<blockquote><p>\u201eVerena und Ina waren bei beiden Rennen gut unterwegs, Armin H\u00f6fl hat im Individual wohl sein bestes bisheriges Rennen abgeliefert. Im Individual war der Rest der Mannschaft aber nicht auf dem Niveau, auf dem sie sein sollte. Der Sprint lief wieder deutlich besser. Die Leistung hat gepasst, mit einem vierten Rang von Daniel Zugg war auch noch eine weitere gute Platzierung drinnen. Das Gl\u00fcck war halt an diesem Renntag nicht ganz auf unserer Seite und das z\u00e4hlt beim einem so kurzem und schnellen Rennen wie dem Sprint immer sehr viel mit.\u201c<\/p>\n<p>&nbsp;<\/p><\/blockquote>\n","protected":false},"excerpt":{"rendered":"<p>Nicht ganz zufrieden vom gestrigen Individual Race Weltcup haben die \u00d6SV Athleten heute im Sprint Race Gas gegeben &#8211; zwei Top5 Pl\u00e4tze waren das Ergebnis!<\/p>\n","protected":false},"author":4,"featured_media":5135,"comment_status":"closed","ping_status":"closed","sticky":false,"template":"","format":"standard","meta":[],"categories":[1,3,7],"tags":[],"yoast_head":"<!-- This site is optimized with the Yoast SEO plugin v16.3 - https:\/\/yoast.com\/wordpress\/plugins\/seo\/ -->\n<title>Weltcup Tambre (ITA) Tag 3 - Sprint Race - Sportler<\/title>\n<meta name=\"description\" content=\"Drei Top5 Platzierungen f\u00fcr die \u00d6SV Skibergsteiger beim Weltcup in Tambre: Tag 3 Sprint Race\" \/>\n<meta name=\"robots\" content=\"index, follow, max-snippet:-1, max-image-preview:large, max-video-preview:-1\" \/>\n<link rel=\"canonical\" href=\"https:\/\/www.skimo.at\/sportler\/5106\/weltcup-tambre-ita-tag-3-sprint-race\/\" \/>\n<meta property=\"og:locale\" content=\"de_DE\" \/>\n<meta property=\"og:type\" content=\"article\" \/>\n<meta property=\"og:title\" content=\"Weltcup Tambre (ITA) Tag 3 - Sprint Race - Sportler\" \/>\n<meta property=\"og:description\" content=\"Drei Top5 Platzierungen f\u00fcr die \u00d6SV Skibergsteiger beim Weltcup in Tambre: Tag 3 Sprint Race\" \/>\n<meta property=\"og:url\" content=\"https:\/\/www.skimo.at\/sportler\/5106\/weltcup-tambre-ita-tag-3-sprint-race\/\" \/>\n<meta property=\"og:site_name\" content=\"Sportler\" \/>\n<meta property=\"article:published_time\" content=\"2016-02-20T20:03:01+00:00\" \/>\n<meta property=\"article:modified_time\" content=\"2016-02-20T20:07:59+00:00\" \/>\n<meta property=\"og:image\" content=\"https:\/\/skimo.73.jarolim.eu\/sportler\/files\/2016\/02\/WC-Transcavallo-2016_Sprint_-Martin-Weisskopf-37-_Foto_Willi-Seebacher-LR.jpg\" \/>\n\t<meta property=\"og:image:width\" content=\"1181\" \/>\n\t<meta property=\"og:image:height\" content=\"1772\" \/>\n<meta name=\"twitter:card\" content=\"summary\" \/>\n<meta name=\"twitter:label1\" content=\"Gesch\u00e4tzte Lesezeit\">\n\t<meta name=\"twitter:data1\" content=\"3\u00a0Minuten\">\n<script type=\"application\/ld+json\" class=\"yoast-schema-graph\">{\"@context\":\"https:\/\/schema.org\",\"@graph\":[{\"@type\":\"WebSite\",\"@id\":\"https:\/\/skimo.73.jarolim.eu\/sportler\/#website\",\"url\":\"https:\/\/skimo.73.jarolim.eu\/sportler\/\",\"name\":\"Sportler\",\"description\":\"\",\"potentialAction\":[{\"@type\":\"SearchAction\",\"target\":\"https:\/\/skimo.73.jarolim.eu\/sportler\/?s={search_term_string}\",\"query-input\":\"required name=search_term_string\"}],\"inLanguage\":\"de\"},{\"@type\":\"ImageObject\",\"@id\":\"https:\/\/www.skimo.at\/sportler\/5106\/weltcup-tambre-ita-tag-3-sprint-race\/#primaryimage\",\"inLanguage\":\"de\",\"url\":\"https:\/\/www.skimo.at\/sportler\/files\/2016\/02\/WC-Transcavallo-2016_Sprint_-Martin-Weisskopf-37-_Foto_Willi-Seebacher-LR.jpg\",\"contentUrl\":\"https:\/\/www.skimo.at\/sportler\/files\/2016\/02\/WC-Transcavallo-2016_Sprint_-Martin-Weisskopf-37-_Foto_Willi-Seebacher-LR.jpg\",\"width\":1181,\"height\":1772},{\"@type\":\"WebPage\",\"@id\":\"https:\/\/www.skimo.at\/sportler\/5106\/weltcup-tambre-ita-tag-3-sprint-race\/#webpage\",\"url\":\"https:\/\/www.skimo.at\/sportler\/5106\/weltcup-tambre-ita-tag-3-sprint-race\/\",\"name\":\"Weltcup Tambre (ITA) Tag 3 - Sprint Race - Sportler\",\"isPartOf\":{\"@id\":\"https:\/\/skimo.73.jarolim.eu\/sportler\/#website\"},\"primaryImageOfPage\":{\"@id\":\"https:\/\/www.skimo.at\/sportler\/5106\/weltcup-tambre-ita-tag-3-sprint-race\/#primaryimage\"},\"datePublished\":\"2016-02-20T20:03:01+00:00\",\"dateModified\":\"2016-02-20T20:07:59+00:00\",\"author\":{\"@id\":\"https:\/\/skimo.73.jarolim.eu\/sportler\/#\/schema\/person\/89e18f4c3d09b5434dbc2dc0cefbcd30\"},\"description\":\"Drei Top5 Platzierungen f\\u00fcr die \\u00d6SV Skibergsteiger beim Weltcup in Tambre: Tag 3 Sprint Race\",\"breadcrumb\":{\"@id\":\"https:\/\/www.skimo.at\/sportler\/5106\/weltcup-tambre-ita-tag-3-sprint-race\/#breadcrumb\"},\"inLanguage\":\"de\",\"potentialAction\":[{\"@type\":\"ReadAction\",\"target\":[\"https:\/\/www.skimo.at\/sportler\/5106\/weltcup-tambre-ita-tag-3-sprint-race\/\"]}]},{\"@type\":\"BreadcrumbList\",\"@id\":\"https:\/\/www.skimo.at\/sportler\/5106\/weltcup-tambre-ita-tag-3-sprint-race\/#breadcrumb\",\"itemListElement\":[{\"@type\":\"ListItem\",\"position\":1,\"item\":{\"@type\":\"WebPage\",\"@id\":\"https:\/\/skimo.73.jarolim.eu\/sportler\/\",\"url\":\"https:\/\/skimo.73.jarolim.eu\/sportler\/\",\"name\":\"Home\"}},{\"@type\":\"ListItem\",\"position\":2,\"item\":{\"@id\":\"https:\/\/www.skimo.at\/sportler\/5106\/weltcup-tambre-ita-tag-3-sprint-race\/#webpage\"}}]},{\"@type\":\"Person\",\"@id\":\"https:\/\/skimo.73.jarolim.eu\/sportler\/#\/schema\/person\/89e18f4c3d09b5434dbc2dc0cefbcd30\",\"name\":\"aspielbuechler\",\"image\":{\"@type\":\"ImageObject\",\"@id\":\"https:\/\/skimo.73.jarolim.eu\/sportler\/#personlogo\",\"inLanguage\":\"de\",\"url\":\"https:\/\/secure.gravatar.com\/avatar\/1220d25619b41a33e4710c8b968dc56e?s=96&r=g\",\"contentUrl\":\"https:\/\/secure.gravatar.com\/avatar\/1220d25619b41a33e4710c8b968dc56e?s=96&r=g\",\"caption\":\"aspielbuechler\"},\"url\":\"https:\/\/www.skimo.at\/sportler\/author\/aspielbuechler\/\"}]}<\/script>\n<!-- \/ Yoast SEO plugin. -->","_links":{"self":[{"href":"https:\/\/www.skimo.at\/sportler\/wp-json\/wp\/v2\/posts\/5106"}],"collection":[{"href":"https:\/\/www.skimo.at\/sportler\/wp-json\/wp\/v2\/posts"}],"about":[{"href":"https:\/\/www.skimo.at\/sportler\/wp-json\/wp\/v2\/types\/post"}],"author":[{"embeddable":true,"href":"https:\/\/www.skimo.at\/sportler\/wp-json\/wp\/v2\/users\/4"}],"replies":[{"embeddable":true,"href":"https:\/\/www.skimo.at\/sportler\/wp-json\/wp\/v2\/comments?post=5106"}],"version-history":[{"count":4,"href":"https:\/\/www.skimo.at\/sportler\/wp-json\/wp\/v2\/posts\/5106\/revisions"}],"predecessor-version":[{"id":5143,"href":"https:\/\/www.skimo.at\/sportler\/wp-json\/wp\/v2\/posts\/5106\/revisions\/5143"}],"wp:featuredmedia":[{"embeddable":true,"href":"https:\/\/www.skimo.at\/sportler\/wp-json\/wp\/v2\/media\/5135"}],"wp:attachment":[{"href":"https:\/\/www.skimo.at\/sportler\/wp-json\/wp\/v2\/media?parent=5106"}],"wp:term":[{"taxonomy":"category","embeddable":true,"href":"https:\/\/www.skimo.at\/sportler\/wp-json\/wp\/v2\/categories?post=5106"},{"taxonomy":"post_tag","embeddable":true,"href":"https:\/\/www.skimo.at\/sportler\/wp-json\/wp\/v2\/tags?post=5106"}],"curies":[{"name":"wp","href":"https:\/\/api.w.org\/{rel}","templated":true}]}}