{"id":5053,"date":"2016-02-19T18:35:05","date_gmt":"2016-02-19T16:35:05","guid":{"rendered":"http:\/\/www.skimo.at\/sportler\/?p=5053"},"modified":"2016-02-20T09:12:58","modified_gmt":"2016-02-20T07:12:58","slug":"weltcup-tambre-ita-tag-2-individualrennen","status":"publish","type":"post","link":"https:\/\/www.skimo.at\/sportler\/5053\/weltcup-tambre-ita-tag-2-individualrennen\/","title":{"rendered":"Weltcup Tambre (ITA) Tag 2 \u2013 Individualrennen  \u00a0"},"content":{"rendered":"<p>Ein flaches Rennen mit schwierigen und steinigen Abfahrten, das war die Ausweichstrecke beim Transcavallo in Tambre. Mit wenigen l\u00f6blichen Ausnahmen f\u00fcr das \u00d6SV Team leider ein Tag mit einem m\u00e4\u00dfigen mannschaftlichen Ergebnis.<\/p>\n<p><!--more--><\/p>\n<p>Update 23:00 Uhr: die offizielle Ergebnisliste ist online!<\/p>\n<h2>Ausweichstrecke in niedrigen Gefilden<\/h2>\n<p>Nachdem in den letzten Tagen rund um Tambre intensive Niederschl\u00e4ge zu verzeichnen waren, wurde die originale und wilde Strecke des Transcavallo in niedrigere Gefilde verlegt. Nur mehr knapp wurden die Wettk\u00e4mpfer aus dem Wald gelassen, die ber\u00fcchtigten langen Abfahrten wurden gegen Baum-Slaloms im Wald getauscht.<\/p>\n<h2>Flache Strecke, wilde Abfahrten<\/h2>\n<p><a href=\"http:\/\/www.skimo.at\/sportler\/5053\/weltcup-tambre-ita-tag-2-individualrennen\/wc-transcavallo-2016-individual_-03-_foto_karl-posch-lr\/\" rel=\"attachment wp-att-5057\"><img loading=\"lazy\" class=\"alignleft wp-image-5057 size-thumbnail\" src=\"http:\/\/www.skimo.at\/sportler\/files\/2016\/02\/WC-Transcavallo-2016-Individual_-03-_Foto_Karl-Posch-LR-150x150.jpg\" alt=\"WC Transcavallo 2016 Individual_ 03 _Foto_Karl Posch LR\" width=\"150\" height=\"150\" \/><\/a>Der Start oberhalb von Tambre wurde von den Organisatoren schon so gelegt, dass m\u00f6glichst wenig Kollisionen passieren sollen, denn der erste Teil der Strecke war eng, ein schlecht pr\u00e4parierter Waldweg. Nach rund 2 Kilometern ging es erst in eine Spur, die ebenfalls sehr flach angelegt war. <a href=\"http:\/\/www.skimo.at\/sportler\/5053\/weltcup-tambre-ita-tag-2-individualrennen\/wc-transcavallo-2016-individual_-09-_foto_alex-lugger-lr\/\" rel=\"attachment wp-att-5061\"><img loading=\"lazy\" class=\"alignright wp-image-5061 size-thumbnail\" src=\"http:\/\/www.skimo.at\/sportler\/files\/2016\/02\/WC-Transcavallo-2016-Individual_-09-_Foto_Alex-Lugger-LR-150x150.jpg\" alt=\"WC Transcavallo 2016 Individual_ 09 _Foto_Alex Lugger LR\" width=\"150\" height=\"150\" \/><\/a>Eine lange Abfahrt, die von den Seniors und Espoirs 2 mal, von den Juniorinnen nur einmal zu bew\u00e4ltigen war, stellte zweifellos die gro\u00dfe Herausforderung dar. Gefrorene Buckel, viele Steine, dichter Wald. Um die H\u00f6henmeter (knapp 1.500) zusammenzubringen, kamen noch einige flache Schleifen im dichten Buchenwald dazu\u2026und drei Tragepassagen, zwei davon nach unten im wahrsten Sinne \u00fcber Stock und Stein.<\/p>\n<h2>Siege der Saison-Dominatoren<\/h2>\n<p><a href=\"http:\/\/www.skimo.at\/sportler\/5053\/weltcup-tambre-ita-tag-2-individualrennen\/wp_20160219_11_09_20_pro\/\" rel=\"attachment wp-att-5087\"><img loading=\"lazy\" class=\"alignleft wp-image-5087 size-thumbnail\" src=\"http:\/\/www.skimo.at\/sportler\/files\/2016\/02\/WP_20160219_11_09_20_Pro-150x150.jpg\" alt=\"WP_20160219_11_09_20_Pro\" width=\"150\" height=\"150\" \/><\/a>Bei den Herren gab es w\u00e4hrend des gesamten Rennens st\u00e4ndige F\u00fchrungswechsel, Michele Boscacci (ITA), Toni Palzer (GER), Kilian Jornet (ESP), Wiliam Bon Mardion und Matheo Jaquemoud (beide FRA) matchten sich permanent auf engsten Zeitabst\u00e4nden. Zu guter Letzt konnte sich Kilian Jornet den Sieg in 1:50:17 sichern, hinter ihm ein nach einem (am Ende harmlosen) Sturz blutenden Toni Palzer und Michele Boscacci.<br \/>\n<a href=\"http:\/\/www.skimo.at\/sportler\/5053\/weltcup-tambre-ita-tag-2-individualrennen\/wc-transcavallo-2016-individual_-30-_foto_karl-posch-lr\/\" rel=\"attachment wp-att-5072\"><img loading=\"lazy\" class=\"alignright wp-image-5072 size-thumbnail\" src=\"http:\/\/www.skimo.at\/sportler\/files\/2016\/02\/WC-Transcavallo-2016-Individual_-30-_Foto_Karl-Posch-LR-150x150.jpg\" alt=\"WC Transcavallo 2016 Individual_ 30 _Foto_Karl Posch LR\" width=\"150\" height=\"150\" \/><\/a>Bei den Damen war die Angelegenheit alles andere als eng. Die Franz\u00f6sin Laetitia Roux \u2013 nach einer Knie OP im Sommer st\u00e4rker als zuvor \u2013 dominierte das Damenfeld und siegte in 2:00:09 mit unglaublichen 5:35 Minuten Vorsprung vor Nahia Altuna Quincoces (ESP) und Jennifer Fiechter (SUI).<\/p>\n<h2>\u00d6sterreichische Juniorinnen gut unterwegs<\/h2>\n<p><a href=\"http:\/\/www.skimo.at\/sportler\/5053\/weltcup-tambre-ita-tag-2-individualrennen\/wc-transcavallo-2016-individual_-34-_foto_willi-seebacher-lr\/\" rel=\"attachment wp-att-5076\"><img loading=\"lazy\" class=\"alignleft wp-image-5076 size-thumbnail\" src=\"http:\/\/www.skimo.at\/sportler\/files\/2016\/02\/WC-Transcavallo-2016-Individual_-34-_Foto_Willi-Seebacher-LR-150x150.jpg\" alt=\"WC Transcavallo 2016 Individual_ 34 _Foto_Willi Seebacher LR\" width=\"150\" height=\"150\" \/><\/a>Im \u00fcberschaubaren aber starken Feld der Juniorinnen schlugen sich die beiden jungen \u00d6sterreicherinnen Verena Streitberger und Ina Forchthammer gut. Mit Platz 5 schaffte es Streitberger in die Pr\u00e4sentation bei der Siegerehrung, 2 Minuten hinter ihr folgte Ina Forchthammer. Verena zu Ihrem Ergebnis:<\/p>\n<blockquote><p>\u201eJa, es ist gut gelaufen, und ich konnte Ina auf der langen Abfahrt noch \u00fcberholen, das ist super. Wahrscheinlich hat mich meine Familie so angespornt, die stand heute als Schlachtenbummler am Streckenrand.\u201c<\/p><\/blockquote>\n<h2>Rot-wei\u00df-rote Senioren \u00a0m\u00e4\u00dfig am Weg<\/h2>\n<p>Die \u00d6sterreichischen starteten gut in den ersten Anstieg, von den 6 Startern waren nach der ersten Abfahrt aber schon 2 weniger im Spiel\u2026Philipp Brugger brach die Bindung, Daniel Zugg gab nach technischen Problemen entnervt auf. W\u00e4hrend Daniel Rohringer zur Spitzengruppe bald deutlich abriss, konnten die anderen drei \u00d6sterreicher Jakob Herrmann, Martin Weisskopf und Armin H\u00f6fl den Abstand zur Spitzengruppe mit Pl\u00e4tzen zwischen 25 und 30 zun\u00e4chst in Grenzen halten. <a href=\"http:\/\/www.skimo.at\/sportler\/5053\/weltcup-tambre-ita-tag-2-individualrennen\/wc-transcavallo-2016-individual_-68-_foto_willi-seebacher-lr\/\" rel=\"attachment wp-att-5084\"><img loading=\"lazy\" class=\"alignright wp-image-5084 size-thumbnail\" src=\"http:\/\/www.skimo.at\/sportler\/files\/2016\/02\/WC-Transcavallo-2016-Individual_-68-_Foto_Willi-Seebacher-LR-150x150.jpg\" alt=\"WC Transcavallo 2016 Individual_ 68 _Foto_Willi Seebacher LR\" width=\"150\" height=\"150\" \/><\/a>Gegen Ende des Rennens konnte allerdings nur mehr Armin H\u00f6fl das Tempo halten und fuhr mit Platz 26 das beste Ergebnis der \u00d6SV Skibergsteiger ein, der R\u00fcckstand von 9:33 Minuten dabei durchaus gering.<\/p>\n<blockquote><p>\u201eEin super Rennen, ich bin echt zufrieden. Ich konnte eigentlich die ganze Zeit gut mithalten, nur die Bergab-Tragepassagen waren die H\u00f6lle, ich glaub mir fallen gleich die Zehenn\u00e4gel ab!\u201c<\/p><\/blockquote>\n<p><a href=\"http:\/\/www.skimo.at\/sportler\/5053\/weltcup-tambre-ita-tag-2-individualrennen\/wc-transcavallo-2016-individual_-07-_foto_alex-lugger-lr\/\" rel=\"attachment wp-att-5059\"><img loading=\"lazy\" class=\"alignleft wp-image-5059 size-thumbnail\" src=\"http:\/\/www.skimo.at\/sportler\/files\/2016\/02\/WC-Transcavallo-2016-Individual_-07-_Foto_Alex-Lugger-LR-150x150.jpg\" alt=\"WC Transcavallo 2016 Individual_ 07 _Foto_Alex Lugger LR\" width=\"150\" height=\"150\" \/><\/a>Martin Weisskopf ebenso wie Jakob Herrmann rissen von Ihren Positionen ab und beendeten das Rennen unter Wert schlie\u00dflich als 32. (Weisskopf) und 33. (Hermann) und waren tief entt\u00e4uscht. Herrmann sah einen Grund in der flachen Strecke zu Beginn:<\/p>\n<blockquote><p>\u201eIch habe mich leider mitreissen lassen und bin in den ersten flachen Streckenteil viel zu schnell reingegangen. Erst als die Steigung begonnen hat, hab ich das bemerkt, da war\u2018s dann schon zu sp\u00e4t.\u201c<\/p><\/blockquote>\n<p>Daniel Rohringer finishte als 36. zwar mit einem gerade noch akzeptablen, f\u00fcr ihn pers\u00f6nlich aber ebenfalls entt\u00e4uschenden R\u00fcckstand.<\/p>\n<p><a href=\"http:\/\/www.skimo.at\/sportler\/5053\/weltcup-tambre-ita-tag-2-individualrennen\/wc-transcavallo-2016-individual_-53-_foto_willi-seebacher-lr\/\" rel=\"attachment wp-att-5082\"><img loading=\"lazy\" class=\"alignright wp-image-5082 size-thumbnail\" src=\"http:\/\/www.skimo.at\/sportler\/files\/2016\/02\/WC-Transcavallo-2016-Individual_-53-_Foto_Willi-Seebacher-LR-150x150.jpg\" alt=\"WC Transcavallo 2016 Individual_ 53 _Foto_Willi Seebacher LR\" width=\"150\" height=\"150\" \/><\/a>Bei den Damen legte Heidi Bernsteiner eine \u00fcber die Rennl\u00e4nge gleichbleibende Leistung hin, verlor aber auf den schwierigen Abfahrten regelm\u00e4\u00dfig an Boden. Der errungene Platz 13 im Damenfeld ist f\u00fcr Bernsteiner im harten Weltcupumfeld in Ordnung:<\/p>\n<blockquote><p>\u201eMeine Beine sind steinhart, die Abfahrten waren m\u00f6rderisch. An meiner Skitechnik muss ich feilen, aber n\u00e4chstes Jahr pack ich voll an!\u201c<\/p><\/blockquote>\n<p>Michaela Essl fand hingegen garnicht in ihren Rhythmus, konnte dem Hauptfeld nicht folgen. Sie finishte schlie\u00dflich auf Platz 19 und war dar\u00fcber sehr entt\u00e4uscht.<\/p>\n<h2>Res\u00fcmee<\/h2>\n<p>Headcoach Alexander Lugger hat den heutigen Tag schon abgehakt:<\/p>\n<blockquote><p>\u201eDie jungen Dirndln waren gut unterwegs, und Armin hat wohl sein bestes bisheriges Rennen abgeliefert. Der Rest der Mannschaft war nicht auf dem Niveau, auf dem sie sein muss. Insgesamt sicher eine Entt\u00e4uschung.<\/p><\/blockquote>\n<h2>Gast Christian Hoffmann<\/h2>\n<p>Als Gaststarter war Olympiasieger Christian Hoffmann am Start des Rennens. In einem soliden Lauf mit guten Abfahrten konnte er mit Platz 22 das beste \u00d6sterreichische Ergebnis fixieren mit einem passablen R\u00fcckstand von 8:13 Minuten durchaus solide punkten<\/p>\n<h2>Sprint am Samstag<\/h2>\n<p>Morgen Samstag geht\u2019s nun f\u00fcr die \u00d6SV Sportler zum Sprint\u2026neues Spiel, neues Gl\u00fcck! Vielleicht l\u00e4uft&#8217;s ja wieder so gut wie vor zwei Wochen bei der EM?<\/p>\n<p>Parallel treffen gerade die Amateurteams hier ein, die Samstag und Sonntag das klassische Transcavallo Teamrennen bestreiten werden.<\/p>\n<p>&nbsp;<\/p>\n","protected":false},"excerpt":{"rendered":"<p>Ein flaches Rennen mit schwierigen und steinigen Abfahrten, das war die Ausweichstrecke beim Transcavallo in Tambre. Mit wenigen l\u00f6blichen Ausnahmen f\u00fcr das \u00d6SV Team leider ein Tag mit einem m\u00e4\u00dfigen mannschaftlichen Ergebnis.<\/p>\n","protected":false},"author":3,"featured_media":5069,"comment_status":"closed","ping_status":"closed","sticky":false,"template":"","format":"standard","meta":[],"categories":[1,9,3,7],"tags":[],"yoast_head":"<!-- This site is optimized with the Yoast SEO plugin v16.3 - https:\/\/yoast.com\/wordpress\/plugins\/seo\/ -->\n<title>Weltcup Tambre (ITA) Tag 2 \u2013 Individualrennen \u00a0 - Sportler<\/title>\n<meta name=\"robots\" content=\"index, follow, max-snippet:-1, max-image-preview:large, max-video-preview:-1\" \/>\n<link rel=\"canonical\" href=\"https:\/\/www.skimo.at\/sportler\/5053\/weltcup-tambre-ita-tag-2-individualrennen\/\" \/>\n<meta property=\"og:locale\" content=\"de_DE\" \/>\n<meta property=\"og:type\" content=\"article\" \/>\n<meta property=\"og:title\" content=\"Weltcup Tambre (ITA) Tag 2 \u2013 Individualrennen \u00a0 - Sportler\" \/>\n<meta property=\"og:description\" content=\"Ein flaches Rennen mit schwierigen und steinigen Abfahrten, das war die Ausweichstrecke beim Transcavallo in Tambre. Mit wenigen l\u00f6blichen Ausnahmen f\u00fcr das \u00d6SV Team leider ein Tag mit einem m\u00e4\u00dfigen mannschaftlichen Ergebnis.\" \/>\n<meta property=\"og:url\" content=\"https:\/\/www.skimo.at\/sportler\/5053\/weltcup-tambre-ita-tag-2-individualrennen\/\" \/>\n<meta property=\"og:site_name\" content=\"Sportler\" \/>\n<meta property=\"article:published_time\" content=\"2016-02-19T16:35:05+00:00\" \/>\n<meta property=\"article:modified_time\" content=\"2016-02-20T07:12:58+00:00\" \/>\n<meta property=\"og:image\" content=\"https:\/\/skimo.73.jarolim.eu\/sportler\/files\/2016\/02\/WC-Transcavallo-2016-Individual_-22-_Foto_Alex-Lugger-LR.jpg\" \/>\n\t<meta property=\"og:image:width\" content=\"854\" \/>\n\t<meta property=\"og:image:height\" content=\"1280\" \/>\n<meta name=\"twitter:card\" content=\"summary\" \/>\n<meta name=\"twitter:label1\" content=\"Gesch\u00e4tzte Lesezeit\">\n\t<meta name=\"twitter:data1\" content=\"4\u00a0Minuten\">\n<script type=\"application\/ld+json\" class=\"yoast-schema-graph\">{\"@context\":\"https:\/\/schema.org\",\"@graph\":[{\"@type\":\"WebSite\",\"@id\":\"https:\/\/skimo.73.jarolim.eu\/sportler\/#website\",\"url\":\"https:\/\/skimo.73.jarolim.eu\/sportler\/\",\"name\":\"Sportler\",\"description\":\"\",\"potentialAction\":[{\"@type\":\"SearchAction\",\"target\":\"https:\/\/skimo.73.jarolim.eu\/sportler\/?s={search_term_string}\",\"query-input\":\"required name=search_term_string\"}],\"inLanguage\":\"de\"},{\"@type\":\"ImageObject\",\"@id\":\"https:\/\/www.skimo.at\/sportler\/5053\/weltcup-tambre-ita-tag-2-individualrennen\/#primaryimage\",\"inLanguage\":\"de\",\"url\":\"https:\/\/www.skimo.at\/sportler\/files\/2016\/02\/WC-Transcavallo-2016-Individual_-22-_Foto_Alex-Lugger-LR.jpg\",\"contentUrl\":\"https:\/\/www.skimo.at\/sportler\/files\/2016\/02\/WC-Transcavallo-2016-Individual_-22-_Foto_Alex-Lugger-LR.jpg\",\"width\":854,\"height\":1280},{\"@type\":\"WebPage\",\"@id\":\"https:\/\/www.skimo.at\/sportler\/5053\/weltcup-tambre-ita-tag-2-individualrennen\/#webpage\",\"url\":\"https:\/\/www.skimo.at\/sportler\/5053\/weltcup-tambre-ita-tag-2-individualrennen\/\",\"name\":\"Weltcup Tambre (ITA) Tag 2 \\u2013 Individualrennen \\u00a0 - Sportler\",\"isPartOf\":{\"@id\":\"https:\/\/skimo.73.jarolim.eu\/sportler\/#website\"},\"primaryImageOfPage\":{\"@id\":\"https:\/\/www.skimo.at\/sportler\/5053\/weltcup-tambre-ita-tag-2-individualrennen\/#primaryimage\"},\"datePublished\":\"2016-02-19T16:35:05+00:00\",\"dateModified\":\"2016-02-20T07:12:58+00:00\",\"author\":{\"@id\":\"https:\/\/skimo.73.jarolim.eu\/sportler\/#\/schema\/person\/796ecbce6796efca58bf848ca63ec12c\"},\"breadcrumb\":{\"@id\":\"https:\/\/www.skimo.at\/sportler\/5053\/weltcup-tambre-ita-tag-2-individualrennen\/#breadcrumb\"},\"inLanguage\":\"de\",\"potentialAction\":[{\"@type\":\"ReadAction\",\"target\":[\"https:\/\/www.skimo.at\/sportler\/5053\/weltcup-tambre-ita-tag-2-individualrennen\/\"]}]},{\"@type\":\"BreadcrumbList\",\"@id\":\"https:\/\/www.skimo.at\/sportler\/5053\/weltcup-tambre-ita-tag-2-individualrennen\/#breadcrumb\",\"itemListElement\":[{\"@type\":\"ListItem\",\"position\":1,\"item\":{\"@type\":\"WebPage\",\"@id\":\"https:\/\/skimo.73.jarolim.eu\/sportler\/\",\"url\":\"https:\/\/skimo.73.jarolim.eu\/sportler\/\",\"name\":\"Home\"}},{\"@type\":\"ListItem\",\"position\":2,\"item\":{\"@id\":\"https:\/\/www.skimo.at\/sportler\/5053\/weltcup-tambre-ita-tag-2-individualrennen\/#webpage\"}}]},{\"@type\":\"Person\",\"@id\":\"https:\/\/skimo.73.jarolim.eu\/sportler\/#\/schema\/person\/796ecbce6796efca58bf848ca63ec12c\",\"name\":\"kposch\",\"image\":{\"@type\":\"ImageObject\",\"@id\":\"https:\/\/skimo.73.jarolim.eu\/sportler\/#personlogo\",\"inLanguage\":\"de\",\"url\":\"https:\/\/secure.gravatar.com\/avatar\/e9f5f28da60e5e563d3f4d3cc0b9b425?s=96&r=g\",\"contentUrl\":\"https:\/\/secure.gravatar.com\/avatar\/e9f5f28da60e5e563d3f4d3cc0b9b425?s=96&r=g\",\"caption\":\"kposch\"},\"url\":\"https:\/\/www.skimo.at\/sportler\/author\/kposch\/\"}]}<\/script>\n<!-- \/ Yoast SEO plugin. -->","_links":{"self":[{"href":"https:\/\/www.skimo.at\/sportler\/wp-json\/wp\/v2\/posts\/5053"}],"collection":[{"href":"https:\/\/www.skimo.at\/sportler\/wp-json\/wp\/v2\/posts"}],"about":[{"href":"https:\/\/www.skimo.at\/sportler\/wp-json\/wp\/v2\/types\/post"}],"author":[{"embeddable":true,"href":"https:\/\/www.skimo.at\/sportler\/wp-json\/wp\/v2\/users\/3"}],"replies":[{"embeddable":true,"href":"https:\/\/www.skimo.at\/sportler\/wp-json\/wp\/v2\/comments?post=5053"}],"version-history":[{"count":6,"href":"https:\/\/www.skimo.at\/sportler\/wp-json\/wp\/v2\/posts\/5053\/revisions"}],"predecessor-version":[{"id":5095,"href":"https:\/\/www.skimo.at\/sportler\/wp-json\/wp\/v2\/posts\/5053\/revisions\/5095"}],"wp:featuredmedia":[{"embeddable":true,"href":"https:\/\/www.skimo.at\/sportler\/wp-json\/wp\/v2\/media\/5069"}],"wp:attachment":[{"href":"https:\/\/www.skimo.at\/sportler\/wp-json\/wp\/v2\/media?parent=5053"}],"wp:term":[{"taxonomy":"category","embeddable":true,"href":"https:\/\/www.skimo.at\/sportler\/wp-json\/wp\/v2\/categories?post=5053"},{"taxonomy":"post_tag","embeddable":true,"href":"https:\/\/www.skimo.at\/sportler\/wp-json\/wp\/v2\/tags?post=5053"}],"curies":[{"name":"wp","href":"https:\/\/api.w.org\/{rel}","templated":true}]}}