{"id":4731,"date":"2016-02-04T23:50:42","date_gmt":"2016-02-04T21:50:42","guid":{"rendered":"http:\/\/www.skimo.at\/sportler\/?p=4731"},"modified":"2016-02-04T23:50:42","modified_gmt":"2016-02-04T21:50:42","slug":"zwischenbericht-eroeffnungsfeier-bei-der-em","status":"publish","type":"post","link":"https:\/\/www.skimo.at\/sportler\/4731\/zwischenbericht-eroeffnungsfeier-bei-der-em\/","title":{"rendered":"Bildbericht: Er\u00f6ffnungsfeier bei der EM"},"content":{"rendered":"<p>Lustig war&#8217;s heute bei der Er\u00f6ffnungsfeier der WM der Skibergsteiger! Die besten Skibergsteiger \u00d6sterreichs zogen im Schneefall mit knapp 200 Athleten aus 24 Nationen (manche wegen des Vertical-Weltcupbewerbs am Samstag da) durch das Dorf Salvan. In der Stadthalle gabs dann eine fr\u00f6hliche Er\u00f6ffnungsfeier mit Blasmusik und Wein. Stolz k\u00f6nnen wir sein auf unsere Sporter, super zu sehen, was sich da so alles entwickelt hat in den letztan Jahren!<\/p>\n<p>Lang dauerte die Feier aber nicht, denn morgen geht&#8217;s um 6 schon zum Fr\u00fchst\u00fcck, bevor ein super alpines Skirennen wartet&#8230;bitte an alle Fans: Daumen dr\u00fccken!<\/p>\n","protected":false},"excerpt":{"rendered":"<p>Lustig war&#8217;s heute bei der Er\u00f6ffnungsfeier der WM der Skibergsteiger! Die besten Skibergsteiger \u00d6sterreichs zogen im Schneefall mit knapp 200 Athleten aus 24 Nationen (manche wegen des Vertical-Weltcupbewerbs am Samstag da) durch das Dorf Salvan. In der Stadthalle gabs dann eine fr\u00f6hliche Er\u00f6ffnungsfeier mit Blasmusik und Wein. Stolz k\u00f6nnen wir sein auf unsere Sporter, super [&hellip;]<\/p>\n","protected":false},"author":3,"featured_media":4750,"comment_status":"closed","ping_status":"closed","sticky":false,"template":"","format":"standard","meta":[],"categories":[1,3,7],"tags":[],"yoast_head":"<!-- This site is optimized with the Yoast SEO plugin v16.3 - https:\/\/yoast.com\/wordpress\/plugins\/seo\/ -->\n<title>Bildbericht: Er\u00f6ffnungsfeier bei der EM - Sportler<\/title>\n<meta name=\"robots\" content=\"index, follow, max-snippet:-1, max-image-preview:large, max-video-preview:-1\" \/>\n<link rel=\"canonical\" href=\"https:\/\/www.skimo.at\/sportler\/4731\/zwischenbericht-eroeffnungsfeier-bei-der-em\/\" \/>\n<meta property=\"og:locale\" content=\"de_DE\" \/>\n<meta property=\"og:type\" content=\"article\" \/>\n<meta property=\"og:title\" content=\"Bildbericht: Er\u00f6ffnungsfeier bei der EM - Sportler\" \/>\n<meta property=\"og:description\" content=\"Lustig war&#8217;s heute bei der Er\u00f6ffnungsfeier der WM der Skibergsteiger! Die besten Skibergsteiger \u00d6sterreichs zogen im Schneefall mit knapp 200 Athleten aus 24 Nationen (manche wegen des Vertical-Weltcupbewerbs am Samstag da) durch das Dorf Salvan. In der Stadthalle gabs dann eine fr\u00f6hliche Er\u00f6ffnungsfeier mit Blasmusik und Wein. Stolz k\u00f6nnen wir sein auf unsere Sporter, super [&hellip;]\" \/>\n<meta property=\"og:url\" content=\"https:\/\/www.skimo.at\/sportler\/4731\/zwischenbericht-eroeffnungsfeier-bei-der-em\/\" \/>\n<meta property=\"og:site_name\" content=\"Sportler\" \/>\n<meta property=\"article:published_time\" content=\"2016-02-04T21:50:42+00:00\" \/>\n<meta property=\"og:image\" content=\"https:\/\/skimo.73.jarolim.eu\/sportler\/files\/2016\/02\/WC-Salvan-Les-Marecottes-2016_-20-_Eroeffnung-Foto_Willi-Seebacher-LR.jpg\" \/>\n\t<meta property=\"og:image:width\" content=\"1772\" \/>\n\t<meta property=\"og:image:height\" content=\"1181\" \/>\n<meta name=\"twitter:card\" content=\"summary\" \/>\n<script type=\"application\/ld+json\" class=\"yoast-schema-graph\">{\"@context\":\"https:\/\/schema.org\",\"@graph\":[{\"@type\":\"WebSite\",\"@id\":\"https:\/\/skimo.73.jarolim.eu\/sportler\/#website\",\"url\":\"https:\/\/skimo.73.jarolim.eu\/sportler\/\",\"name\":\"Sportler\",\"description\":\"\",\"potentialAction\":[{\"@type\":\"SearchAction\",\"target\":\"https:\/\/skimo.73.jarolim.eu\/sportler\/?s={search_term_string}\",\"query-input\":\"required name=search_term_string\"}],\"inLanguage\":\"de\"},{\"@type\":\"ImageObject\",\"@id\":\"https:\/\/www.skimo.at\/sportler\/4731\/zwischenbericht-eroeffnungsfeier-bei-der-em\/#primaryimage\",\"inLanguage\":\"de\",\"url\":\"https:\/\/www.skimo.at\/sportler\/files\/2016\/02\/WC-Salvan-Les-Marecottes-2016_-20-_Eroeffnung-Foto_Willi-Seebacher-LR.jpg\",\"contentUrl\":\"https:\/\/www.skimo.at\/sportler\/files\/2016\/02\/WC-Salvan-Les-Marecottes-2016_-20-_Eroeffnung-Foto_Willi-Seebacher-LR.jpg\",\"width\":1772,\"height\":1181},{\"@type\":\"WebPage\",\"@id\":\"https:\/\/www.skimo.at\/sportler\/4731\/zwischenbericht-eroeffnungsfeier-bei-der-em\/#webpage\",\"url\":\"https:\/\/www.skimo.at\/sportler\/4731\/zwischenbericht-eroeffnungsfeier-bei-der-em\/\",\"name\":\"Bildbericht: Er\\u00f6ffnungsfeier bei der EM - Sportler\",\"isPartOf\":{\"@id\":\"https:\/\/skimo.73.jarolim.eu\/sportler\/#website\"},\"primaryImageOfPage\":{\"@id\":\"https:\/\/www.skimo.at\/sportler\/4731\/zwischenbericht-eroeffnungsfeier-bei-der-em\/#primaryimage\"},\"datePublished\":\"2016-02-04T21:50:42+00:00\",\"dateModified\":\"2016-02-04T21:50:42+00:00\",\"author\":{\"@id\":\"https:\/\/skimo.73.jarolim.eu\/sportler\/#\/schema\/person\/796ecbce6796efca58bf848ca63ec12c\"},\"breadcrumb\":{\"@id\":\"https:\/\/www.skimo.at\/sportler\/4731\/zwischenbericht-eroeffnungsfeier-bei-der-em\/#breadcrumb\"},\"inLanguage\":\"de\",\"potentialAction\":[{\"@type\":\"ReadAction\",\"target\":[\"https:\/\/www.skimo.at\/sportler\/4731\/zwischenbericht-eroeffnungsfeier-bei-der-em\/\"]}]},{\"@type\":\"BreadcrumbList\",\"@id\":\"https:\/\/www.skimo.at\/sportler\/4731\/zwischenbericht-eroeffnungsfeier-bei-der-em\/#breadcrumb\",\"itemListElement\":[{\"@type\":\"ListItem\",\"position\":1,\"item\":{\"@type\":\"WebPage\",\"@id\":\"https:\/\/skimo.73.jarolim.eu\/sportler\/\",\"url\":\"https:\/\/skimo.73.jarolim.eu\/sportler\/\",\"name\":\"Home\"}},{\"@type\":\"ListItem\",\"position\":2,\"item\":{\"@id\":\"https:\/\/www.skimo.at\/sportler\/4731\/zwischenbericht-eroeffnungsfeier-bei-der-em\/#webpage\"}}]},{\"@type\":\"Person\",\"@id\":\"https:\/\/skimo.73.jarolim.eu\/sportler\/#\/schema\/person\/796ecbce6796efca58bf848ca63ec12c\",\"name\":\"kposch\",\"image\":{\"@type\":\"ImageObject\",\"@id\":\"https:\/\/skimo.73.jarolim.eu\/sportler\/#personlogo\",\"inLanguage\":\"de\",\"url\":\"https:\/\/secure.gravatar.com\/avatar\/e9f5f28da60e5e563d3f4d3cc0b9b425?s=96&r=g\",\"contentUrl\":\"https:\/\/secure.gravatar.com\/avatar\/e9f5f28da60e5e563d3f4d3cc0b9b425?s=96&r=g\",\"caption\":\"kposch\"},\"url\":\"https:\/\/www.skimo.at\/sportler\/author\/kposch\/\"}]}<\/script>\n<!-- \/ Yoast SEO plugin. -->","_links":{"self":[{"href":"https:\/\/www.skimo.at\/sportler\/wp-json\/wp\/v2\/posts\/4731"}],"collection":[{"href":"https:\/\/www.skimo.at\/sportler\/wp-json\/wp\/v2\/posts"}],"about":[{"href":"https:\/\/www.skimo.at\/sportler\/wp-json\/wp\/v2\/types\/post"}],"author":[{"embeddable":true,"href":"https:\/\/www.skimo.at\/sportler\/wp-json\/wp\/v2\/users\/3"}],"replies":[{"embeddable":true,"href":"https:\/\/www.skimo.at\/sportler\/wp-json\/wp\/v2\/comments?post=4731"}],"version-history":[{"count":1,"href":"https:\/\/www.skimo.at\/sportler\/wp-json\/wp\/v2\/posts\/4731\/revisions"}],"predecessor-version":[{"id":4751,"href":"https:\/\/www.skimo.at\/sportler\/wp-json\/wp\/v2\/posts\/4731\/revisions\/4751"}],"wp:featuredmedia":[{"embeddable":true,"href":"https:\/\/www.skimo.at\/sportler\/wp-json\/wp\/v2\/media\/4750"}],"wp:attachment":[{"href":"https:\/\/www.skimo.at\/sportler\/wp-json\/wp\/v2\/media?parent=4731"}],"wp:term":[{"taxonomy":"category","embeddable":true,"href":"https:\/\/www.skimo.at\/sportler\/wp-json\/wp\/v2\/categories?post=4731"},{"taxonomy":"post_tag","embeddable":true,"href":"https:\/\/www.skimo.at\/sportler\/wp-json\/wp\/v2\/tags?post=4731"}],"curies":[{"name":"wp","href":"https:\/\/api.w.org\/{rel}","templated":true}]}}