{"id":4625,"date":"2016-01-31T18:31:35","date_gmt":"2016-01-31T16:31:35","guid":{"rendered":"http:\/\/www.skimo.at\/sportler\/?p=4625"},"modified":"2016-01-31T18:31:35","modified_gmt":"2016-01-31T16:31:35","slug":"weltcup-valtellina-orobie-ita-tag-3-sprint","status":"publish","type":"post","link":"https:\/\/www.skimo.at\/sportler\/4625\/weltcup-valtellina-orobie-ita-tag-3-sprint\/","title":{"rendered":"WELTCUP VALTELLINA OROBIE (ITA) TAG 3: Sprint"},"content":{"rendered":"<p>Sprintbewerbe sind im Skibergsteigen traditionell die Publikumsmagneten. Auf nur etwa 100 H\u00f6henmetern werden die Ausscheidungsrennen so gef\u00fchrt, dass alle Elemente des Skibergsteigens \u2013 Aufstieg, Tragepassagen, Wechsel und Abfahrten \u2013 kompakt und \u00fcbersichtlich einsehbar sind.<br \/>\n<!--more--><\/p>\n<p>Im Veltlin-Tal, der Heimat des Gr\u00fcnen Veltliners, waren heute unsere Athleten zum zweiten Mal unterwegs. Nach dem gestrigen Individual gings heute auf eine perfekt pr\u00e4parierten und inszenierten Strecke im Sprint zur Sache. In einem wahren Krimi mit St\u00fcrzen und Disqualifikationen ging der Sieg bei den Herren an den jungen Deutschen Toni Palzer vor Roberto Antonioli (ITA) und Oriol Cardona Coll (ESP).<br \/>\nDie Damenwertung ging an Claudia Galicia Cotrina (ESP) vor Laetitia Roux (FRA) und Marta Garcia Farres (ESP).<\/p>\n<h2>Die Damen einmal mehr mit einem Jugend-Podestplatz<\/h2>\n<p><a href=\"http:\/\/www.skimo.at\/sportler\/4625\/weltcup-valtellina-orobie-ita-tag-3-sprint\/wc-albosaggia-2016_-ina-forchthammer-5-_sprint-foto_willi-seebacher-lr\/\" rel=\"attachment wp-att-4668\"><img loading=\"lazy\" class=\"alignright wp-image-4668 size-thumbnail\" src=\"http:\/\/www.skimo.at\/sportler\/files\/2016\/01\/WC-Albosaggia-2016_-Ina-Forchthammer-5-_Sprint-Foto_Willi-Seebacher-LR-150x150.jpg\" alt=\"WC Albosaggia 2016_ Ina Forchthammer 5 _Sprint Foto_Willi Seebacher LR\" width=\"150\" height=\"150\" \/><\/a>Das Ergebnis des Tages f\u00fcr \u00d6sterreich erbrachte sicherlich <strong>Ina Forchthammer <\/strong>(20, St. Johann\/SBG). Der Sprint liegt der jungen Pongauerin bekanntlich, und sie ging entschlossen ins Rennen. Routiniert und ruhig spulte sie ihr Programm in der Quali ab \u2013 2-beste Zeit \u2013 und legte im Finale noch eins drauf. Der 2. Platz wurde es schlie\u00dflich, Ina war begeistert:<\/p>\n<blockquote><p><em>\u201eIch bin total gl\u00fccklich, das erste Mal am Podest in der Juniorenklasse! Schon in der Quali ist es mir gut gegangen, und im Finallauf hat dann alles gepasst, meine Wechsel haben auch super funktioniert. Das war ein coole Strecke heute, war richtig super!\u201c<\/em><\/p><\/blockquote>\n<p><a href=\"http:\/\/www.skimo.at\/sportler\/4625\/weltcup-valtellina-orobie-ita-tag-3-sprint\/wc-albosaggia-2016_-johanna-erhart-4-_sprint-foto_willi-seebacher-lr\/\" rel=\"attachment wp-att-4677\"><img loading=\"lazy\" class=\"alignleft wp-image-4677 size-thumbnail\" src=\"http:\/\/www.skimo.at\/sportler\/files\/2016\/01\/WC-Albosaggia-2016_-Johanna-Erhart-4-_Sprint-Foto_Willi-Seebacher-LR-150x150.jpg\" alt=\"WC Albosaggia 2016_ Johanna Erhart 4 _Sprint Foto_Willi Seebacher LR\" width=\"150\" height=\"150\" \/><\/a>Leider schon in der Vorrunde schied <strong>Johanna Erhart<\/strong> (21, Schladming\/STMK) aus. Sie war zwar in den Anstiegen durchaus dabei, zeigte jedoch Schw\u00e4chen in der Abfahrt, war zu \u00fcberlegt. Jedenfalls sammelte die Ennstalerin mit dem 18. Gesamtrang (Platz 6 in Ihrer Altersklasse Espoir) damit aber wichtige internationale Erfahrungen.<\/p>\n<p><a href=\"http:\/\/www.skimo.at\/sportler\/4625\/weltcup-valtellina-orobie-ita-tag-3-sprint\/wc-albosaggia-2016_-stefan-steiner-2-_sprint-foto_willi-seebacher-lr\/\" rel=\"attachment wp-att-4687\"><img loading=\"lazy\" class=\"alignright wp-image-4687 size-thumbnail\" src=\"http:\/\/www.skimo.at\/sportler\/files\/2016\/01\/WC-Albosaggia-2016_-Stefan-Steiner-2-_Sprint-Foto_Willi-Seebacher-LR-150x150.jpg\" alt=\"WC Albosaggia 2016_ Stefan Steiner 2 _Sprint Foto_Willi Seebacher LR\" width=\"150\" height=\"150\" \/><\/a>Weltcupneuling <strong>Stefan Steiner<\/strong> (18, Uttendorf\/SBG) konnte sich leider nicht f\u00fcr den Einzug in die Finalis qualifizieren, schied in der Vorrunde aus. Auch f\u00fcr ihn gilt, dass sein 17. Platz vor allem mit der internationalen Erfahrung belohnt wurde, eine Investition in die Zukunft.<\/p>\n<h2>Lospech und eine Disqualifikation bei den Herren<\/h2>\n<p><a href=\"http:\/\/www.skimo.at\/sportler\/4625\/weltcup-valtellina-orobie-ita-tag-3-sprint\/wc-albosaggia-2016_-martin-weisskopf-3-_sprint-foto_willi-seebacher-lr\/\" rel=\"attachment wp-att-4680\"><img loading=\"lazy\" class=\"alignleft wp-image-4680 size-thumbnail\" src=\"http:\/\/www.skimo.at\/sportler\/files\/2016\/01\/WC-Albosaggia-2016_-Martin-Weisskopf-3-_Sprint-Foto_Willi-Seebacher-LR-150x150.jpg\" alt=\"WC Albosaggia 2016_ Martin Weisskopf 3 _Sprint Foto_Willi Seebacher LR\" width=\"150\" height=\"150\" \/><\/a>Die vier \u00f6sterreichischen Herren der Senior Klasse konnte sich mit guten Zeiten allesamt f\u00fcr den Einzug ins \u00bc Finale qualifizieren, hatten dann jedoch enormes Pech. Die Auslosung sah vor, <strong>Martin Weisskopf<\/strong> (Pr\u00e4graten\/TIROL) mit der 4.besten Qualizeit, <strong>Jakob Herrmann<\/strong> (Werfenweng\/SBG), und <strong>Patrick Innerhofer<\/strong> (Bludesch\/VLBG) in einem Lauf zu f\u00fchren, dazu den italienischen Top-Athleten Michele Boscacchi.<\/p>\n<p><a href=\"http:\/\/www.skimo.at\/sportler\/4625\/weltcup-valtellina-orobie-ita-tag-3-sprint\/wc-albosaggia-2016_-patrick-innerhofer-2-_sprint-foto_willi-seebacher-lr\/\" rel=\"attachment wp-att-4684\"><img loading=\"lazy\" class=\"alignright wp-image-4684 size-thumbnail\" src=\"http:\/\/www.skimo.at\/sportler\/files\/2016\/01\/WC-Albosaggia-2016_-Patrick-Innerhofer-2-_Sprint-Foto_Willi-Seebacher-LR-150x150.jpg\" alt=\"WC Albosaggia 2016_ Patrick Innerhofer 2 _Sprint Foto_Willi Seebacher LR\" width=\"150\" height=\"150\" \/><\/a>Wie bef\u00fcrchtet stieg aus dem Lauf nur Martin Weisskopf ins \u00bd Finale auf \u2013 und auch das nur kurz. Eine strenge Auslegung des Reglements bescherte dem Osttiroler eine Disqualifikation im \u00bc Finale, was einer R\u00fcckstufung auf den letzten Laufplatz entspricht. Das ern\u00fcchternde Ergebnis f\u00fcr Weisskopf lautete schlie\u00dflich Platz 26, nachdem die Quali so gut gelaufen war.<\/p>\n<p><a href=\"http:\/\/www.skimo.at\/sportler\/4625\/weltcup-valtellina-orobie-ita-tag-3-sprint\/wc-albosaggia-2016_-jakob-herrmann-1-_sprint-foto_willi-seebacher-lr\/\" rel=\"attachment wp-att-4672\"><img loading=\"lazy\" class=\"alignleft wp-image-4672 size-thumbnail\" src=\"http:\/\/www.skimo.at\/sportler\/files\/2016\/01\/WC-Albosaggia-2016_-Jakob-Herrmann-1-_Sprint-Foto_Willi-Seebacher-LR-150x150.jpg\" alt=\"WC Albosaggia 2016_ Jakob Herrmann 1 _Sprint Foto_Willi Seebacher LR\" width=\"150\" height=\"150\" \/><\/a>Jakob Herrmann \u2013 in der Quali 14. \u2013 konnte trotz eines gebrochenen Stocks noch Platz 17 erreichen, Patrick Innerhofer landete auf Platz 25. Herrmann ist trotz des ungl\u00fccklichen Loses durchaus mit der Platzierung zufrieden:<\/p>\n<blockquote><p><em>\u201eIch hatte ein total gutes Gef\u00fchl, der Materialdefekt \u00e4ndert nichts dran, dass ich mit der 14.besten Qualizeit eine deutliche Verbesserung zum Vorjahr habe. Sehr cool, freu mich auf die EM!\u201c<\/em><\/p><\/blockquote>\n<p><strong><a href=\"http:\/\/www.skimo.at\/sportler\/4625\/weltcup-valtellina-orobie-ita-tag-3-sprint\/wc-albosaggia-2016_-daniel-zugg-4-_sprint-foto_willi-seebacher-lr\/\" rel=\"attachment wp-att-4660\"><img loading=\"lazy\" class=\"alignleft wp-image-4660 size-thumbnail\" src=\"http:\/\/www.skimo.at\/sportler\/files\/2016\/01\/WC-Albosaggia-2016_-Daniel-Zugg-4-_Sprint-Foto_Willi-Seebacher-LR-150x150.jpg\" alt=\"WC Albosaggia 2016_ Daniel Zugg 4 _Sprint Foto_Willi Seebacher LR\" width=\"150\" height=\"150\" \/><\/a>Daniel Zugg<\/strong> (St. Gallenkirch\/VLBG) konnte in seinem \u00bc Finale nicht mithalten, vers\u00e4umte den Anschluss und konnte nur als 4. im seinem Lauf abschlie\u00dfen. Er konnte sich schlie\u00dflich auf dem achtbaren 19. Gesamtrang (7. In der Altersklasse Espoir) platzieren:<\/p>\n<blockquote><p><em>\u201eLeider bin ich heute nicht auf Touren gekommen, es ist nichts gegangen.\u201c<\/em><\/p><\/blockquote>\n<h2>Res\u00fcmee Weltcup Valtellina Sprint sehr positiv<\/h2>\n<p><a href=\"http:\/\/www.skimo.at\/sportler\/4625\/weltcup-valtellina-orobie-ita-tag-3-sprint\/oesv-nationalkader-2016-_-alexander-lugger-3-_-bild-simone-binder-skimo-_-lr-2\/\" rel=\"attachment wp-att-4690\"><img loading=\"lazy\" class=\"alignright wp-image-4690 size-thumbnail\" src=\"http:\/\/www.skimo.at\/sportler\/files\/2016\/01\/OESV-Nationalkader-2016-_-Alexander-Lugger-3-_-Bild-Simone-Binder-Skimo-_-LR-150x150.jpg\" alt=\"OESV Nationalkader 2016 _ Alexander Lugger 3 _ Bild Simone Binder Skimo _ LR\" width=\"150\" height=\"150\" \/><\/a>Headcoach<strong> Alex Lugger <\/strong>ist mit dem Wochenende auch in Hinblick auf die EM in der n\u00e4chsten Woche durchaus zufrieden:<\/p>\n<blockquote><p><em>\u201eUnsere Leistungstr\u00e4ger sind allesamt auf dem richtigen Weg, die prozentualen Zeitr\u00fcckst\u00e4nde auf die F\u00fchrungsspitzen in den Klassen schmelzen dahin. Ich denke, dass die konsequente Arbeit der Sportler in der \u00d6SV Sparte Skibergsteigen langsam fruchtet. Der Nachwuchs hat nat\u00fcrlich noch Lehrgeld zu zahlen, ist aber top-motiviert. Insgesamt kann man im \u00d6sterreichischen Skibergsteigen sehr positiv in die Zukunft schauen.\u201c<\/em><\/p><\/blockquote>\n<p>Die n\u00e4chste Station f\u00fcr die Nationalmannschaft der \u00d6SV Skibergsteiger ist die Europameisterschaft, die von 5.-7.2.2016 in Les Marecottes in der Schweiz stattfindet.<\/p>\n","protected":false},"excerpt":{"rendered":"<p>Sprintbewerbe sind im Skibergsteigen traditionell die Publikumsmagneten. Auf nur etwa 100 H\u00f6henmetern werden die Ausscheidungsrennen so gef\u00fchrt, dass alle Elemente des Skibergsteigens \u2013 Aufstieg, Tragepassagen, Wechsel und Abfahrten \u2013 kompakt und \u00fcbersichtlich einsehbar sind.<\/p>\n","protected":false},"author":3,"featured_media":4665,"comment_status":"closed","ping_status":"closed","sticky":false,"template":"","format":"standard","meta":[],"categories":[1,9,3,7],"tags":[],"yoast_head":"<!-- This site is optimized with the Yoast SEO plugin v16.3 - https:\/\/yoast.com\/wordpress\/plugins\/seo\/ -->\n<title>Weltcup Valtellina Orobie (ITA) TAG 3: Sprint<\/title>\n<meta name=\"description\" content=\"Sprintbewerbe sind im Skibergsteigen traditionell die Publikumsmagneten. So war das auch beim Weltcup Valtellina Sprint Rennen am Sonntag, 31.1.2016.\" \/>\n<meta name=\"robots\" content=\"index, follow, max-snippet:-1, max-image-preview:large, max-video-preview:-1\" \/>\n<link rel=\"canonical\" href=\"https:\/\/www.skimo.at\/sportler\/4625\/weltcup-valtellina-orobie-ita-tag-3-sprint\/\" \/>\n<meta property=\"og:locale\" content=\"de_DE\" \/>\n<meta property=\"og:type\" content=\"article\" \/>\n<meta property=\"og:title\" content=\"Weltcup Valtellina Orobie (ITA) TAG 3: Sprint\" \/>\n<meta property=\"og:description\" content=\"Sprintbewerbe sind im Skibergsteigen traditionell die Publikumsmagneten. So war das auch beim Weltcup Valtellina Sprint Rennen am Sonntag, 31.1.2016.\" \/>\n<meta property=\"og:url\" content=\"https:\/\/www.skimo.at\/sportler\/4625\/weltcup-valtellina-orobie-ita-tag-3-sprint\/\" \/>\n<meta property=\"og:site_name\" content=\"Sportler\" \/>\n<meta property=\"article:published_time\" content=\"2016-01-31T16:31:35+00:00\" \/>\n<meta property=\"og:image\" content=\"https:\/\/skimo.73.jarolim.eu\/sportler\/files\/2016\/01\/WC-Albosaggia-2016_-Ina-Forchhammer-8-_Sprint-Foto_Willi-Seebacher-LR.jpg\" \/>\n\t<meta property=\"og:image:width\" content=\"1181\" \/>\n\t<meta property=\"og:image:height\" content=\"1772\" \/>\n<meta name=\"twitter:card\" content=\"summary\" \/>\n<meta name=\"twitter:label1\" content=\"Gesch\u00e4tzte Lesezeit\">\n\t<meta name=\"twitter:data1\" content=\"3\u00a0Minuten\">\n<script type=\"application\/ld+json\" class=\"yoast-schema-graph\">{\"@context\":\"https:\/\/schema.org\",\"@graph\":[{\"@type\":\"WebSite\",\"@id\":\"https:\/\/skimo.73.jarolim.eu\/sportler\/#website\",\"url\":\"https:\/\/skimo.73.jarolim.eu\/sportler\/\",\"name\":\"Sportler\",\"description\":\"\",\"potentialAction\":[{\"@type\":\"SearchAction\",\"target\":\"https:\/\/skimo.73.jarolim.eu\/sportler\/?s={search_term_string}\",\"query-input\":\"required name=search_term_string\"}],\"inLanguage\":\"de\"},{\"@type\":\"ImageObject\",\"@id\":\"https:\/\/www.skimo.at\/sportler\/4625\/weltcup-valtellina-orobie-ita-tag-3-sprint\/#primaryimage\",\"inLanguage\":\"de\",\"url\":\"https:\/\/www.skimo.at\/sportler\/files\/2016\/01\/WC-Albosaggia-2016_-Ina-Forchhammer-8-_Sprint-Foto_Willi-Seebacher-LR.jpg\",\"contentUrl\":\"https:\/\/www.skimo.at\/sportler\/files\/2016\/01\/WC-Albosaggia-2016_-Ina-Forchhammer-8-_Sprint-Foto_Willi-Seebacher-LR.jpg\",\"width\":1181,\"height\":1772},{\"@type\":\"WebPage\",\"@id\":\"https:\/\/www.skimo.at\/sportler\/4625\/weltcup-valtellina-orobie-ita-tag-3-sprint\/#webpage\",\"url\":\"https:\/\/www.skimo.at\/sportler\/4625\/weltcup-valtellina-orobie-ita-tag-3-sprint\/\",\"name\":\"Weltcup Valtellina Orobie (ITA) TAG 3: Sprint\",\"isPartOf\":{\"@id\":\"https:\/\/skimo.73.jarolim.eu\/sportler\/#website\"},\"primaryImageOfPage\":{\"@id\":\"https:\/\/www.skimo.at\/sportler\/4625\/weltcup-valtellina-orobie-ita-tag-3-sprint\/#primaryimage\"},\"datePublished\":\"2016-01-31T16:31:35+00:00\",\"dateModified\":\"2016-01-31T16:31:35+00:00\",\"author\":{\"@id\":\"https:\/\/skimo.73.jarolim.eu\/sportler\/#\/schema\/person\/796ecbce6796efca58bf848ca63ec12c\"},\"description\":\"Sprintbewerbe sind im Skibergsteigen traditionell die Publikumsmagneten. So war das auch beim Weltcup Valtellina Sprint Rennen am Sonntag, 31.1.2016.\",\"breadcrumb\":{\"@id\":\"https:\/\/www.skimo.at\/sportler\/4625\/weltcup-valtellina-orobie-ita-tag-3-sprint\/#breadcrumb\"},\"inLanguage\":\"de\",\"potentialAction\":[{\"@type\":\"ReadAction\",\"target\":[\"https:\/\/www.skimo.at\/sportler\/4625\/weltcup-valtellina-orobie-ita-tag-3-sprint\/\"]}]},{\"@type\":\"BreadcrumbList\",\"@id\":\"https:\/\/www.skimo.at\/sportler\/4625\/weltcup-valtellina-orobie-ita-tag-3-sprint\/#breadcrumb\",\"itemListElement\":[{\"@type\":\"ListItem\",\"position\":1,\"item\":{\"@type\":\"WebPage\",\"@id\":\"https:\/\/skimo.73.jarolim.eu\/sportler\/\",\"url\":\"https:\/\/skimo.73.jarolim.eu\/sportler\/\",\"name\":\"Home\"}},{\"@type\":\"ListItem\",\"position\":2,\"item\":{\"@id\":\"https:\/\/www.skimo.at\/sportler\/4625\/weltcup-valtellina-orobie-ita-tag-3-sprint\/#webpage\"}}]},{\"@type\":\"Person\",\"@id\":\"https:\/\/skimo.73.jarolim.eu\/sportler\/#\/schema\/person\/796ecbce6796efca58bf848ca63ec12c\",\"name\":\"kposch\",\"image\":{\"@type\":\"ImageObject\",\"@id\":\"https:\/\/skimo.73.jarolim.eu\/sportler\/#personlogo\",\"inLanguage\":\"de\",\"url\":\"https:\/\/secure.gravatar.com\/avatar\/e9f5f28da60e5e563d3f4d3cc0b9b425?s=96&r=g\",\"contentUrl\":\"https:\/\/secure.gravatar.com\/avatar\/e9f5f28da60e5e563d3f4d3cc0b9b425?s=96&r=g\",\"caption\":\"kposch\"},\"url\":\"https:\/\/www.skimo.at\/sportler\/author\/kposch\/\"}]}<\/script>\n<!-- \/ Yoast SEO plugin. -->","_links":{"self":[{"href":"https:\/\/www.skimo.at\/sportler\/wp-json\/wp\/v2\/posts\/4625"}],"collection":[{"href":"https:\/\/www.skimo.at\/sportler\/wp-json\/wp\/v2\/posts"}],"about":[{"href":"https:\/\/www.skimo.at\/sportler\/wp-json\/wp\/v2\/types\/post"}],"author":[{"embeddable":true,"href":"https:\/\/www.skimo.at\/sportler\/wp-json\/wp\/v2\/users\/3"}],"replies":[{"embeddable":true,"href":"https:\/\/www.skimo.at\/sportler\/wp-json\/wp\/v2\/comments?post=4625"}],"version-history":[{"count":11,"href":"https:\/\/www.skimo.at\/sportler\/wp-json\/wp\/v2\/posts\/4625\/revisions"}],"predecessor-version":[{"id":4698,"href":"https:\/\/www.skimo.at\/sportler\/wp-json\/wp\/v2\/posts\/4625\/revisions\/4698"}],"wp:featuredmedia":[{"embeddable":true,"href":"https:\/\/www.skimo.at\/sportler\/wp-json\/wp\/v2\/media\/4665"}],"wp:attachment":[{"href":"https:\/\/www.skimo.at\/sportler\/wp-json\/wp\/v2\/media?parent=4625"}],"wp:term":[{"taxonomy":"category","embeddable":true,"href":"https:\/\/www.skimo.at\/sportler\/wp-json\/wp\/v2\/categories?post=4625"},{"taxonomy":"post_tag","embeddable":true,"href":"https:\/\/www.skimo.at\/sportler\/wp-json\/wp\/v2\/tags?post=4625"}],"curies":[{"name":"wp","href":"https:\/\/api.w.org\/{rel}","templated":true}]}}