{"id":4538,"date":"2016-01-29T16:55:41","date_gmt":"2016-01-29T14:55:41","guid":{"rendered":"http:\/\/www.skimo.at\/sportler\/?p=4538"},"modified":"2021-01-05T23:02:14","modified_gmt":"2021-01-05T21:02:14","slug":"weltcup-valtellina-it-tag-1-besichtigunggestern","status":"publish","type":"post","link":"https:\/\/www.skimo.at\/sportler\/4538\/weltcup-valtellina-it-tag-1-besichtigunggestern\/","title":{"rendered":"Weltcup Valtellina Orobie (IT) Tag 1: Besichtigung"},"content":{"rendered":"<p>Gestern sind unsere Athleten zum ISMF Weltcup in die Lombardei, in die kleine italienische Ortschaft Albosaggia, aufgebrochen. Nach einer langen Anfahrt \u00fcber fast schneefreie P\u00e4sse und Skigebiete war die Spannung heute sehr gro\u00df, wie es vor Ort auf der f\u00fcr morgen geplanten Individual Strecke aussehen wird.<!--more--><\/p>\n<h2><b>Alles im &#8222;gr\u00fcnen Bereich&#8220;\u00a0<\/b><\/h2>\n<p>Zuversichtlich, dass sich die H\u00fcgel- und Berglandschaft von beige-gr\u00fcn in strahlendes wei\u00df verwandelt, startete das Team in der Fr\u00fch motiviert los, um die Individual Strecke zu besichtigen. Knapp 1.000 Hm (vom Hotel) h\u00f6her, dann doch die traurige Wahrheit: der Start- und Zielbereich gleicht einer Fr\u00fchlingswiese. Daher gleich die erste Strecken\u00e4nderung: der erste Abschnitt wurde kurzfristig zu einer Tragepassage umfunktioniert.<\/p>\n<p><img loading=\"lazy\" class=\"alignleft wp-image-4541\" src=\"http:\/\/www.skimo.at\/sportler\/files\/2016\/01\/WC-Albosaggia-2016_01_Besichtigung-Foto_Simone-Binder-LR-1024x768.jpg\" alt=\"WC Albosaggia 2016_01_Besichtigung Foto_Simone Binder LR\" width=\"600\" height=\"450\" srcset=\"https:\/\/www.skimo.at\/sportler\/files\/2016\/01\/WC-Albosaggia-2016_01_Besichtigung-Foto_Simone-Binder-LR-1024x768.jpg 1024w, https:\/\/www.skimo.at\/sportler\/files\/2016\/01\/WC-Albosaggia-2016_01_Besichtigung-Foto_Simone-Binder-LR-300x225.jpg 300w, https:\/\/www.skimo.at\/sportler\/files\/2016\/01\/WC-Albosaggia-2016_01_Besichtigung-Foto_Simone-Binder-LR-768x576.jpg 768w, https:\/\/www.skimo.at\/sportler\/files\/2016\/01\/WC-Albosaggia-2016_01_Besichtigung-Foto_Simone-Binder-LR-1224x918.jpg 1224w, https:\/\/www.skimo.at\/sportler\/files\/2016\/01\/WC-Albosaggia-2016_01_Besichtigung-Foto_Simone-Binder-LR-970x728.jpg 970w, https:\/\/www.skimo.at\/sportler\/files\/2016\/01\/WC-Albosaggia-2016_01_Besichtigung-Foto_Simone-Binder-LR-554x416.jpg 554w, https:\/\/www.skimo.at\/sportler\/files\/2016\/01\/WC-Albosaggia-2016_01_Besichtigung-Foto_Simone-Binder-LR-124x93.jpg 124w, https:\/\/www.skimo.at\/sportler\/files\/2016\/01\/WC-Albosaggia-2016_01_Besichtigung-Foto_Simone-Binder-LR.jpg 1600w\" sizes=\"(max-width: 600px) 100vw, 600px\" \/><\/p>\n<p>Vom mangelnden Schnee lie\u00dfen sich aber weder unsere Athleten, noch die anderen Nationen abhalten. Mit guter Stimmung ging es die ersten 200 Hm \u00fcber die Wiese hinauf, bis zur ersten Wechselzone, wo die Ski angelegt werden konnten.<\/p>\n<p><a href=\"http:\/\/www.skimo.at\/sportler\/4538\/weltcup-valtellina-it-tag-1-besichtigunggestern-sind-unsere-athleten-zum-ismf-weltcup-in-die-lombardei-in-die-kleine-italienische-ortschaft-albosaggia-aufgebrochen-nach-einer-langen-anfahrt-uebe\/wc-albosaggia-2016_-02-_besichtigung-foto_willi-seebacher-lr\/\" rel=\"attachment wp-att-4543\"><img loading=\"lazy\" class=\"alignleft wp-image-4543\" src=\"http:\/\/www.skimo.at\/sportler\/files\/2016\/01\/WC-Albosaggia-2016_-02-_Besichtigung-Foto_Willi-Seebacher-LR-1024x682.jpg\" alt=\"WC Albosaggia 2016_ 02 _Besichtigung Foto_Willi Seebacher LR\" width=\"600\" height=\"400\" srcset=\"https:\/\/www.skimo.at\/sportler\/files\/2016\/01\/WC-Albosaggia-2016_-02-_Besichtigung-Foto_Willi-Seebacher-LR-1024x682.jpg 1024w, https:\/\/www.skimo.at\/sportler\/files\/2016\/01\/WC-Albosaggia-2016_-02-_Besichtigung-Foto_Willi-Seebacher-LR-300x200.jpg 300w, https:\/\/www.skimo.at\/sportler\/files\/2016\/01\/WC-Albosaggia-2016_-02-_Besichtigung-Foto_Willi-Seebacher-LR-768x512.jpg 768w, https:\/\/www.skimo.at\/sportler\/files\/2016\/01\/WC-Albosaggia-2016_-02-_Besichtigung-Foto_Willi-Seebacher-LR-746x497.jpg 746w, https:\/\/www.skimo.at\/sportler\/files\/2016\/01\/WC-Albosaggia-2016_-02-_Besichtigung-Foto_Willi-Seebacher-LR-618x412.jpg 618w, https:\/\/www.skimo.at\/sportler\/files\/2016\/01\/WC-Albosaggia-2016_-02-_Besichtigung-Foto_Willi-Seebacher-LR-554x369.jpg 554w, https:\/\/www.skimo.at\/sportler\/files\/2016\/01\/WC-Albosaggia-2016_-02-_Besichtigung-Foto_Willi-Seebacher-LR-299x199.jpg 299w, https:\/\/www.skimo.at\/sportler\/files\/2016\/01\/WC-Albosaggia-2016_-02-_Besichtigung-Foto_Willi-Seebacher-LR-1224x816.jpg 1224w, https:\/\/www.skimo.at\/sportler\/files\/2016\/01\/WC-Albosaggia-2016_-02-_Besichtigung-Foto_Willi-Seebacher-LR-970x646.jpg 970w, https:\/\/www.skimo.at\/sportler\/files\/2016\/01\/WC-Albosaggia-2016_-02-_Besichtigung-Foto_Willi-Seebacher-LR-140x93.jpg 140w, https:\/\/www.skimo.at\/sportler\/files\/2016\/01\/WC-Albosaggia-2016_-02-_Besichtigung-Foto_Willi-Seebacher-LR.jpg 1772w\" sizes=\"(max-width: 600px) 100vw, 600px\" \/><\/a><\/p>\n<h2><b>Erste Besichtigung: von gr\u00fcn zu wei\u00df<\/b><\/h2>\n<p>Je n\u00e4her unsere Skibergsteiger dem Gipfel des Piz Meriggio auf 2.350 Hm kamen, desto besser wurden die Schneeverh\u00e4ltnisse. Von einem eisigen Forstweg, \u00fcber einen sch\u00f6n verschneiten Grat, bis zum Gipfel. Headcoach Alexander Lugger meinte nach der Besichtigung:<\/p>\n<blockquote><p><em>&#8222;<\/em>Oben hat es sogar Pulverschnee &#8230; zumindest optisch. Darunter blitzen die Steine durch.&#8220;<\/p><\/blockquote>\n<p><a href=\"http:\/\/www.skimo.at\/sportler\/4538\/weltcup-valtellina-it-tag-1-besichtigunggestern-sind-unsere-athleten-zum-ismf-weltcup-in-die-lombardei-in-die-kleine-italienische-ortschaft-albosaggia-aufgebrochen-nach-einer-langen-anfahrt-uebe\/wc-albosaggia-2016_-06-_besichtigung-foto_willi-seebacher-lr\/\" rel=\"attachment wp-att-4540\"><img loading=\"lazy\" class=\"alignleft wp-image-4540\" src=\"http:\/\/www.skimo.at\/sportler\/files\/2016\/01\/WC-Albosaggia-2016_-06-_Besichtigung-Foto_Willi-Seebacher-LR-1024x682.jpg\" alt=\"WC Albosaggia 2016_ 06 _Besichtigung Foto_Willi Seebacher LR\" width=\"600\" height=\"400\" srcset=\"https:\/\/www.skimo.at\/sportler\/files\/2016\/01\/WC-Albosaggia-2016_-06-_Besichtigung-Foto_Willi-Seebacher-LR-1024x682.jpg 1024w, https:\/\/www.skimo.at\/sportler\/files\/2016\/01\/WC-Albosaggia-2016_-06-_Besichtigung-Foto_Willi-Seebacher-LR-300x200.jpg 300w, https:\/\/www.skimo.at\/sportler\/files\/2016\/01\/WC-Albosaggia-2016_-06-_Besichtigung-Foto_Willi-Seebacher-LR-768x512.jpg 768w, https:\/\/www.skimo.at\/sportler\/files\/2016\/01\/WC-Albosaggia-2016_-06-_Besichtigung-Foto_Willi-Seebacher-LR-746x497.jpg 746w, https:\/\/www.skimo.at\/sportler\/files\/2016\/01\/WC-Albosaggia-2016_-06-_Besichtigung-Foto_Willi-Seebacher-LR-618x412.jpg 618w, https:\/\/www.skimo.at\/sportler\/files\/2016\/01\/WC-Albosaggia-2016_-06-_Besichtigung-Foto_Willi-Seebacher-LR-554x369.jpg 554w, https:\/\/www.skimo.at\/sportler\/files\/2016\/01\/WC-Albosaggia-2016_-06-_Besichtigung-Foto_Willi-Seebacher-LR-299x199.jpg 299w, https:\/\/www.skimo.at\/sportler\/files\/2016\/01\/WC-Albosaggia-2016_-06-_Besichtigung-Foto_Willi-Seebacher-LR-1224x816.jpg 1224w, https:\/\/www.skimo.at\/sportler\/files\/2016\/01\/WC-Albosaggia-2016_-06-_Besichtigung-Foto_Willi-Seebacher-LR-970x646.jpg 970w, https:\/\/www.skimo.at\/sportler\/files\/2016\/01\/WC-Albosaggia-2016_-06-_Besichtigung-Foto_Willi-Seebacher-LR-140x93.jpg 140w, https:\/\/www.skimo.at\/sportler\/files\/2016\/01\/WC-Albosaggia-2016_-06-_Besichtigung-Foto_Willi-Seebacher-LR.jpg 1772w\" sizes=\"(max-width: 600px) 100vw, 600px\" \/><\/a><\/p>\n<h2><b>Gemischte Meinungen zur Strecke<\/b><\/h2>\n<p>Zusammenfassend nach der ersten Besichtigung gibt es von den Athleten gemischte Meinungen zur Strecke. Von <em>&#8222;ist schon ok&#8220;<\/em>, \u00fcber <em>&#8222;egal, es haben alle die selben Bedingungen&#8220;<\/em> bis hin zu <em>&#8222;es ist eine wirklich gef\u00e4hrliche Strecke&#8220;<\/em> gibt es ganz unterschiedliche Ansichten. Bei einem sind sich alle einig: Es wird morgen eine anspruchsvolle und technisch herausfordernde Strecke mit vielen Spitzkehren. Au\u00dferdem gilt es, sich den vielen wechselnden Bedingungen schnell anzupassen:\u00a0von Bruchharsch, eisigen Forstwegen (vergleichbar mir einem Eiskanal), \u00fcber d\u00fcnne Schneeauflagen, wo man teilweise auf Steine durchbricht, bis hin zu eingelagertem Pulverschnee.<\/p>\n<p><a href=\"http:\/\/www.skimo.at\/sportler\/4538\/weltcup-valtellina-it-tag-1-besichtigunggestern-sind-unsere-athleten-zum-ismf-weltcup-in-die-lombardei-in-die-kleine-italienische-ortschaft-albosaggia-aufgebrochen-nach-einer-langen-anfahrt-uebe\/wc-albosaggia-2016_-08-_besichtigung-foto_willi-seebacher-lr\/\" rel=\"attachment wp-att-4545\"><img loading=\"lazy\" class=\"alignleft size-medium wp-image-4545\" src=\"http:\/\/www.skimo.at\/sportler\/files\/2016\/01\/WC-Albosaggia-2016_-08-_Besichtigung-Foto_Willi-Seebacher-LR-200x300.jpg\" alt=\"WC Albosaggia 2016_ 08 _Besichtigung Foto_Willi Seebacher LR\" width=\"200\" height=\"300\" srcset=\"https:\/\/www.skimo.at\/sportler\/files\/2016\/01\/WC-Albosaggia-2016_-08-_Besichtigung-Foto_Willi-Seebacher-LR-200x300.jpg 200w, https:\/\/www.skimo.at\/sportler\/files\/2016\/01\/WC-Albosaggia-2016_-08-_Besichtigung-Foto_Willi-Seebacher-LR-682x1024.jpg 682w, https:\/\/www.skimo.at\/sportler\/files\/2016\/01\/WC-Albosaggia-2016_-08-_Besichtigung-Foto_Willi-Seebacher-LR-768x1152.jpg 768w, https:\/\/www.skimo.at\/sportler\/files\/2016\/01\/WC-Albosaggia-2016_-08-_Besichtigung-Foto_Willi-Seebacher-LR-970x1455.jpg 970w, https:\/\/www.skimo.at\/sportler\/files\/2016\/01\/WC-Albosaggia-2016_-08-_Besichtigung-Foto_Willi-Seebacher-LR-554x831.jpg 554w, https:\/\/www.skimo.at\/sportler\/files\/2016\/01\/WC-Albosaggia-2016_-08-_Besichtigung-Foto_Willi-Seebacher-LR-62x93.jpg 62w, https:\/\/www.skimo.at\/sportler\/files\/2016\/01\/WC-Albosaggia-2016_-08-_Besichtigung-Foto_Willi-Seebacher-LR.jpg 1181w\" sizes=\"(max-width: 200px) 100vw, 200px\" \/><\/a>Zus\u00e4tzlich kann man jetzt schon sagen, dass\u00a0bei den\u00a0vielen Startern die Strecke nicht besser wird und es taktisch klug zu w\u00e4hlen gilt, welche Route man nimmt, wo man riskiert und wo man sich Vorteile gegen\u00fcber den Mitstreitern heraus holen kann. Nach dem Individual Weltcup in Andorra, wo die Strecke auf Grund des schlechten Wetters deutlich reduziert und vereinfacht wurde, wird es dieses Mal spannend, wie sich das Starterfeld aufteilt und wem es gelingt, die vielen wechselnden Passagen und Bedingungen am Besten zu meistern.<\/p>\n<h2><b>Weitere\u00a0Programmpunkte<\/b><\/h2>\n<p>Ab 16:30 Uhr sind unsere Sportler heute bei der offiziellen Er\u00f6ffnung und anschlie\u00dfend beim Briefing f\u00fcr das morgige Individualrennen. Der Start erfolgt morgen um 09:00 Uhr mit den Herren (men senior), gefolgt von den Damen (women senior), den jungen Herren (junior men) sowie der dritten Klasse (junior women) um 09:02 Uhr.<\/p>\n","protected":false},"excerpt":{"rendered":"<p>Gestern sind unsere Athleten zum ISMF Weltcup in die Lombardei, in die kleine italienische Ortschaft Albosaggia, aufgebrochen. Nach einer langen Anfahrt \u00fcber fast schneefreie P\u00e4sse und Skigebiete war die Spannung heute sehr gro\u00df, wie es vor Ort auf der f\u00fcr morgen geplanten Individual Strecke aussehen wird.<\/p>\n","protected":false},"author":35,"featured_media":4539,"comment_status":"closed","ping_status":"closed","sticky":false,"template":"","format":"standard","meta":[],"categories":[1,3,7],"tags":[157,172,167],"yoast_head":"<!-- This site is optimized with the Yoast SEO plugin v16.3 - https:\/\/yoast.com\/wordpress\/plugins\/seo\/ -->\n<title>Weltcup Valtellina Orobie (IT) Tag 1: Besichtigung - Sportler<\/title>\n<meta name=\"robots\" content=\"index, follow, max-snippet:-1, max-image-preview:large, max-video-preview:-1\" \/>\n<link rel=\"canonical\" href=\"https:\/\/www.skimo.at\/sportler\/4538\/weltcup-valtellina-it-tag-1-besichtigunggestern\/\" \/>\n<meta property=\"og:locale\" content=\"de_DE\" \/>\n<meta property=\"og:type\" content=\"article\" \/>\n<meta property=\"og:title\" content=\"Weltcup Valtellina Orobie (IT) Tag 1: Besichtigung - Sportler\" \/>\n<meta property=\"og:description\" content=\"Gestern sind unsere Athleten zum ISMF Weltcup in die Lombardei, in die kleine italienische Ortschaft Albosaggia, aufgebrochen. Nach einer langen Anfahrt \u00fcber fast schneefreie P\u00e4sse und Skigebiete war die Spannung heute sehr gro\u00df, wie es vor Ort auf der f\u00fcr morgen geplanten Individual Strecke aussehen wird.\" \/>\n<meta property=\"og:url\" content=\"https:\/\/www.skimo.at\/sportler\/4538\/weltcup-valtellina-it-tag-1-besichtigunggestern\/\" \/>\n<meta property=\"og:site_name\" content=\"Sportler\" \/>\n<meta property=\"article:published_time\" content=\"2016-01-29T14:55:41+00:00\" \/>\n<meta property=\"article:modified_time\" content=\"2021-01-05T21:02:14+00:00\" \/>\n<meta property=\"og:image\" content=\"https:\/\/skimo.73.jarolim.eu\/sportler\/files\/2016\/01\/WC-Albosaggia-2016_-03-_Besichtigung-Foto_Willi-Seebacher-LR.jpg\" \/>\n\t<meta property=\"og:image:width\" content=\"1772\" \/>\n\t<meta property=\"og:image:height\" content=\"1181\" \/>\n<meta name=\"twitter:card\" content=\"summary\" \/>\n<meta name=\"twitter:label1\" content=\"Gesch\u00e4tzte Lesezeit\">\n\t<meta name=\"twitter:data1\" content=\"2\u00a0Minuten\">\n<script type=\"application\/ld+json\" class=\"yoast-schema-graph\">{\"@context\":\"https:\/\/schema.org\",\"@graph\":[{\"@type\":\"WebSite\",\"@id\":\"https:\/\/skimo.73.jarolim.eu\/sportler\/#website\",\"url\":\"https:\/\/skimo.73.jarolim.eu\/sportler\/\",\"name\":\"Sportler\",\"description\":\"\",\"potentialAction\":[{\"@type\":\"SearchAction\",\"target\":\"https:\/\/skimo.73.jarolim.eu\/sportler\/?s={search_term_string}\",\"query-input\":\"required name=search_term_string\"}],\"inLanguage\":\"de\"},{\"@type\":\"ImageObject\",\"@id\":\"https:\/\/www.skimo.at\/sportler\/4538\/weltcup-valtellina-it-tag-1-besichtigunggestern\/#primaryimage\",\"inLanguage\":\"de\",\"url\":\"https:\/\/www.skimo.at\/sportler\/files\/2016\/01\/WC-Albosaggia-2016_-03-_Besichtigung-Foto_Willi-Seebacher-LR.jpg\",\"contentUrl\":\"https:\/\/www.skimo.at\/sportler\/files\/2016\/01\/WC-Albosaggia-2016_-03-_Besichtigung-Foto_Willi-Seebacher-LR.jpg\",\"width\":1772,\"height\":1181},{\"@type\":\"WebPage\",\"@id\":\"https:\/\/www.skimo.at\/sportler\/4538\/weltcup-valtellina-it-tag-1-besichtigunggestern\/#webpage\",\"url\":\"https:\/\/www.skimo.at\/sportler\/4538\/weltcup-valtellina-it-tag-1-besichtigunggestern\/\",\"name\":\"Weltcup Valtellina Orobie (IT) Tag 1: Besichtigung - Sportler\",\"isPartOf\":{\"@id\":\"https:\/\/skimo.73.jarolim.eu\/sportler\/#website\"},\"primaryImageOfPage\":{\"@id\":\"https:\/\/www.skimo.at\/sportler\/4538\/weltcup-valtellina-it-tag-1-besichtigunggestern\/#primaryimage\"},\"datePublished\":\"2016-01-29T14:55:41+00:00\",\"dateModified\":\"2021-01-05T21:02:14+00:00\",\"author\":{\"@id\":\"https:\/\/skimo.73.jarolim.eu\/sportler\/#\/schema\/person\/98f79b69381628f9078a5fab8eac4811\"},\"breadcrumb\":{\"@id\":\"https:\/\/www.skimo.at\/sportler\/4538\/weltcup-valtellina-it-tag-1-besichtigunggestern\/#breadcrumb\"},\"inLanguage\":\"de\",\"potentialAction\":[{\"@type\":\"ReadAction\",\"target\":[\"https:\/\/www.skimo.at\/sportler\/4538\/weltcup-valtellina-it-tag-1-besichtigunggestern\/\"]}]},{\"@type\":\"BreadcrumbList\",\"@id\":\"https:\/\/www.skimo.at\/sportler\/4538\/weltcup-valtellina-it-tag-1-besichtigunggestern\/#breadcrumb\",\"itemListElement\":[{\"@type\":\"ListItem\",\"position\":1,\"item\":{\"@type\":\"WebPage\",\"@id\":\"https:\/\/skimo.73.jarolim.eu\/sportler\/\",\"url\":\"https:\/\/skimo.73.jarolim.eu\/sportler\/\",\"name\":\"Home\"}},{\"@type\":\"ListItem\",\"position\":2,\"item\":{\"@id\":\"https:\/\/www.skimo.at\/sportler\/4538\/weltcup-valtellina-it-tag-1-besichtigunggestern\/#webpage\"}}]},{\"@type\":\"Person\",\"@id\":\"https:\/\/skimo.73.jarolim.eu\/sportler\/#\/schema\/person\/98f79b69381628f9078a5fab8eac4811\",\"name\":\"sbinder\",\"image\":{\"@type\":\"ImageObject\",\"@id\":\"https:\/\/skimo.73.jarolim.eu\/sportler\/#personlogo\",\"inLanguage\":\"de\",\"url\":\"https:\/\/secure.gravatar.com\/avatar\/11f3623e7f24f658f1be6d4cb550331e?s=96&r=g\",\"contentUrl\":\"https:\/\/secure.gravatar.com\/avatar\/11f3623e7f24f658f1be6d4cb550331e?s=96&r=g\",\"caption\":\"sbinder\"},\"url\":\"https:\/\/www.skimo.at\/sportler\/author\/sbinder\/\"}]}<\/script>\n<!-- \/ Yoast SEO plugin. -->","_links":{"self":[{"href":"https:\/\/www.skimo.at\/sportler\/wp-json\/wp\/v2\/posts\/4538"}],"collection":[{"href":"https:\/\/www.skimo.at\/sportler\/wp-json\/wp\/v2\/posts"}],"about":[{"href":"https:\/\/www.skimo.at\/sportler\/wp-json\/wp\/v2\/types\/post"}],"author":[{"embeddable":true,"href":"https:\/\/www.skimo.at\/sportler\/wp-json\/wp\/v2\/users\/35"}],"replies":[{"embeddable":true,"href":"https:\/\/www.skimo.at\/sportler\/wp-json\/wp\/v2\/comments?post=4538"}],"version-history":[{"count":11,"href":"https:\/\/www.skimo.at\/sportler\/wp-json\/wp\/v2\/posts\/4538\/revisions"}],"predecessor-version":[{"id":15685,"href":"https:\/\/www.skimo.at\/sportler\/wp-json\/wp\/v2\/posts\/4538\/revisions\/15685"}],"wp:featuredmedia":[{"embeddable":true,"href":"https:\/\/www.skimo.at\/sportler\/wp-json\/wp\/v2\/media\/4539"}],"wp:attachment":[{"href":"https:\/\/www.skimo.at\/sportler\/wp-json\/wp\/v2\/media?parent=4538"}],"wp:term":[{"taxonomy":"category","embeddable":true,"href":"https:\/\/www.skimo.at\/sportler\/wp-json\/wp\/v2\/categories?post=4538"},{"taxonomy":"post_tag","embeddable":true,"href":"https:\/\/www.skimo.at\/sportler\/wp-json\/wp\/v2\/tags?post=4538"}],"curies":[{"name":"wp","href":"https:\/\/api.w.org\/{rel}","templated":true}]}}