{"id":4530,"date":"2016-01-28T09:10:51","date_gmt":"2016-01-28T07:10:51","guid":{"rendered":"http:\/\/www.skimo.at\/sportler\/?p=4530"},"modified":"2016-01-28T09:10:51","modified_gmt":"2016-01-28T07:10:51","slug":"gleich-zwei-rennen-fuer-die-oesv-skibergsteiger-am-kommenden-wochenende","status":"publish","type":"post","link":"https:\/\/www.skimo.at\/sportler\/4530\/gleich-zwei-rennen-fuer-die-oesv-skibergsteiger-am-kommenden-wochenende\/","title":{"rendered":"Gleich zwei Rennen f\u00fcr die \u00d6SV Skibergsteiger am kommenden Wochenende"},"content":{"rendered":"<p>Individual und Sprint Weltcup in Valtellina Orobie\u00a0und Staatsmeisterschaft Individual in Bischofshofen<\/p>\n<p><!--more--><\/p>\n<p>Am kommenden Wochenende misst sich die Elite der Skibergsteigerszene gleich an zwei Schaupl\u00e4tzen gleichzeitig: ein Teil des \u00d6SV Nationalkaders Skibergsteigen reist nach Italien zum ISMF Weltcup, w\u00e4hrend der andere Teil des Teams um den Titel \u201eStaatsmeister\u201c im Individual, im Rahmen der Erztrophy in Bischofshofen, k\u00e4mpft. Die Veranstaltung z\u00e4hlt auch zum Austria Skitour Cup (ASTC).<\/p>\n<h2><b>Internationaler Einsatz im Weltcup<\/b><\/h2>\n<p>Vom 30. &#8211; 31.01.2016 findet der zweite Weltcup (Individual und Sprint) im italienischen Ort Albosaggia statt. Nicht weit von der schweizerischen Grenze und nur knapp 50 km Luftlinie von St. Moritz entfernt, k\u00e4mpfen die besten Skibergsteiger der Welt wieder um Weltcup-Punkte. Mit der Valtellina Orobie j\u00e4hrt sich der Skitouren- klassiker heuer bereits zum 30. Mal.<\/p>\n<p>Top motiviert nach den ersten Medaillen und Erfolgen beim Weltcup in Andorra, gehen wieder acht \u00d6SV Athleten f\u00fcr \u00d6sterreich an den Start. Besonders erfreulich ist, dass sich Stefan Steiner durch seine tollen Ergebnisse bei den ersten heimischen Rennen kurzfristig f\u00fcr das \u00d6SV Nationalteam qualifizieren konnte und in der Juniorenklasse erste Weltcup-Erfahrungen sammeln kann. Folgende Athleten fahren morgen nach Italien und sind beim Weltcup dabei:<\/p>\n<ul>\n<li>Espoir women: <b>Johanna Erhart <\/b>(20, Schladming\/Stmk)<\/li>\n<li>Junior women: \u00a0<b>Ina Forchthammer<\/b> (19, St. Johann i.P.\/Sbg) und <b>Verena Streitberger <\/b>(18, Maishofen\/Sbg)<\/li>\n<li>Senior men: <b>Jakob Herrmann<\/b> (28, Werfenweng\/Sbg), <b>Patrick Innerhofer<\/b> (34, Bludesch\/Vbg) und <b>Martin Wei\u00dfkopf<\/b> (25, Pr\u00e4graten\/Tirol)<\/li>\n<li>Espoir men: <b>Daniel Zugg <\/b>(22, St. Gallenkirch\/Vbg)<\/li>\n<li>Junior men: <b>Stefan Steiner <\/b>(18, Uttendorf\/Sbg)<\/li>\n<\/ul>\n<h2><b>Individual am Samstag (30.01.2016) und Sprint am Sonntag (31.01.2016)<\/b><\/h2>\n<p>Gestartet wird am Samstag mit dem Individual Rennen im etwas s\u00fcdlich von Albosaggia gelegenen Ort Campelli, \u00fcber den Piz Meriggio auf 2.350 Hm und wieder zur\u00fcck zum Ausgangspunkt. Mit insgesamt f\u00fcnf Aufstiegs- und Abfahrtspassagen sowie zwei Tragepassagen, gilt es f\u00fcr die Herren (Senior und Espoir) insgesamt 1.755 Hm auf der anspruchsvollen Strecke zu meistern. Alle anderen Klassen treten auf einer verk\u00fcrzten Strecke das Rennen an. Der Startschuss erfolgt um 9 Uhr f\u00fcr die erste Klasse (Senior men).<\/p>\n<p>Am Sonntag duelliert sich die Weltspitze im Skibergsteigen beim Sprint. Dabei gehen jeweils sechs Athleten gleichzeitig an den Start und absolvieren im K.O. Prinzip den kurzen, aber knackigen Rundkurs.<\/p>\n<p>Mehr Informationen (Zeiten, Strecken, &#8230;) sind auf der <a href=\"http:\/\/www.valtellinaorobie.it\/site\/en\/\" target=\"_blank\">Valtellina Orobie Website<\/a> zu finden.<\/p>\n<h2><b>Nationaler Einsatz bei der Staatsmeisterschaft<\/b><\/h2>\n<p>Parallel zum Weltcup findet am Samstag, 30.01.2016, erstmalig in diesem Jahr auch die Staatsmeisterschaft im Individual und der Austria Skitour Cup im Rahmen der Hochk\u00f6nig Erztrophy statt. Mit insgesamt 1.500 Hm im Aufstieg (Senior men) ist dieses Rennen nicht weniger anspruchsvoll f\u00fcr die Athleten und mindestens genauso spannend wie der Weltcup. Besonders der zweite Teil der Strecke mit Aufstiegen im alpinen Gel\u00e4nde zu den Mandlw\u00e4nden, unz\u00e4hligen Spitzkehren und einer felsigen Rinne, wird den Skibergsteigern einiges an Kondition und Technik abverlangt. Mit dem Start (10:30 Uhr) und Ziel beim Arthurhaus gestaltet sich das Spektakel auch f\u00fcr Zuschauer zu einem interessanten Event.<\/p>\n<p>Insgesamt gehen zehn \u00d6SV Nationalkaderathleten bei der STM und dem ASTC an den Start:<\/p>\n<ul>\n<li>Senior women: <b>Heidi Bernsteiner<\/b> (31, Piesendorf\/Sbg) und <b>Michaela Essl<\/b> (27, Abtenau\/Salzburg)<\/li>\n<li>Senior men: <b>Philipp Brugger<\/b> (24, Sistrans\/Tirol), <b>Armin H\u00f6fl <\/b>(26, Krakau\/Stmk), <b>Markus Hohenwarter <\/b>(35, Grafendorf\/Ktn), <b>Armin Neurauter<\/b> (36, \u00d6tz\/Tirol), <b>Daniel Rohringer <\/b>(25, Gosau\/O\u00d6), <b>Johannes Walder<\/b> (29, Kartitsch\/Ktn) und Lokalmatador <b>Thomas Wallner <\/b>(37, Bischofshofen\/Sbg)<\/li>\n<li>Cadet men: <b>Jakob Siedler <\/b>(16, Alpbach\/Tirol)<\/li>\n<\/ul>\n<p>Mehr Informationen (Zeiten, Strecken, &#8230;) sind auf der <a href=\"http:\/\/www.erztrophy.at\" target=\"_blank\">Erztrophy Website<\/a> zu finden.<\/p>\n<p>Wir halten euch\u00a0t\u00e4glich aus Italien und aus Bischofshofen auf dem Laufenden\u00a0und stellen alle Informationen sowie Ergebnisse zur Verf\u00fcgung.<\/p>\n","protected":false},"excerpt":{"rendered":"<p>Individual und Sprint Weltcup in Valtellina Orobie\u00a0und Staatsmeisterschaft Individual in Bischofshofen<\/p>\n","protected":false},"author":35,"featured_media":0,"comment_status":"closed","ping_status":"closed","sticky":false,"template":"","format":"standard","meta":[],"categories":[1,3,7],"tags":[168,169,171,157,170,167],"yoast_head":"<!-- This site is optimized with the Yoast SEO plugin v16.3 - https:\/\/yoast.com\/wordpress\/plugins\/seo\/ -->\n<title>Gleich zwei Rennen f\u00fcr die \u00d6SV Skibergsteiger am kommenden Wochenende - Sportler<\/title>\n<meta name=\"robots\" content=\"index, follow, max-snippet:-1, max-image-preview:large, max-video-preview:-1\" \/>\n<link rel=\"canonical\" href=\"https:\/\/www.skimo.at\/sportler\/4530\/gleich-zwei-rennen-fuer-die-oesv-skibergsteiger-am-kommenden-wochenende\/\" \/>\n<meta property=\"og:locale\" content=\"de_DE\" \/>\n<meta property=\"og:type\" content=\"article\" \/>\n<meta property=\"og:title\" content=\"Gleich zwei Rennen f\u00fcr die \u00d6SV Skibergsteiger am kommenden Wochenende - Sportler\" \/>\n<meta property=\"og:description\" content=\"Individual und Sprint Weltcup in Valtellina Orobie\u00a0und Staatsmeisterschaft Individual in Bischofshofen\" \/>\n<meta property=\"og:url\" content=\"https:\/\/www.skimo.at\/sportler\/4530\/gleich-zwei-rennen-fuer-die-oesv-skibergsteiger-am-kommenden-wochenende\/\" \/>\n<meta property=\"og:site_name\" content=\"Sportler\" \/>\n<meta property=\"article:published_time\" content=\"2016-01-28T07:10:51+00:00\" \/>\n<meta name=\"twitter:card\" content=\"summary\" \/>\n<meta name=\"twitter:label1\" content=\"Gesch\u00e4tzte Lesezeit\">\n\t<meta name=\"twitter:data1\" content=\"3\u00a0Minuten\">\n<script type=\"application\/ld+json\" class=\"yoast-schema-graph\">{\"@context\":\"https:\/\/schema.org\",\"@graph\":[{\"@type\":\"WebSite\",\"@id\":\"https:\/\/skimo.73.jarolim.eu\/sportler\/#website\",\"url\":\"https:\/\/skimo.73.jarolim.eu\/sportler\/\",\"name\":\"Sportler\",\"description\":\"\",\"potentialAction\":[{\"@type\":\"SearchAction\",\"target\":\"https:\/\/skimo.73.jarolim.eu\/sportler\/?s={search_term_string}\",\"query-input\":\"required name=search_term_string\"}],\"inLanguage\":\"de\"},{\"@type\":\"WebPage\",\"@id\":\"https:\/\/www.skimo.at\/sportler\/4530\/gleich-zwei-rennen-fuer-die-oesv-skibergsteiger-am-kommenden-wochenende\/#webpage\",\"url\":\"https:\/\/www.skimo.at\/sportler\/4530\/gleich-zwei-rennen-fuer-die-oesv-skibergsteiger-am-kommenden-wochenende\/\",\"name\":\"Gleich zwei Rennen f\\u00fcr die \\u00d6SV Skibergsteiger am kommenden Wochenende - Sportler\",\"isPartOf\":{\"@id\":\"https:\/\/skimo.73.jarolim.eu\/sportler\/#website\"},\"datePublished\":\"2016-01-28T07:10:51+00:00\",\"dateModified\":\"2016-01-28T07:10:51+00:00\",\"author\":{\"@id\":\"https:\/\/skimo.73.jarolim.eu\/sportler\/#\/schema\/person\/98f79b69381628f9078a5fab8eac4811\"},\"breadcrumb\":{\"@id\":\"https:\/\/www.skimo.at\/sportler\/4530\/gleich-zwei-rennen-fuer-die-oesv-skibergsteiger-am-kommenden-wochenende\/#breadcrumb\"},\"inLanguage\":\"de\",\"potentialAction\":[{\"@type\":\"ReadAction\",\"target\":[\"https:\/\/www.skimo.at\/sportler\/4530\/gleich-zwei-rennen-fuer-die-oesv-skibergsteiger-am-kommenden-wochenende\/\"]}]},{\"@type\":\"BreadcrumbList\",\"@id\":\"https:\/\/www.skimo.at\/sportler\/4530\/gleich-zwei-rennen-fuer-die-oesv-skibergsteiger-am-kommenden-wochenende\/#breadcrumb\",\"itemListElement\":[{\"@type\":\"ListItem\",\"position\":1,\"item\":{\"@type\":\"WebPage\",\"@id\":\"https:\/\/skimo.73.jarolim.eu\/sportler\/\",\"url\":\"https:\/\/skimo.73.jarolim.eu\/sportler\/\",\"name\":\"Home\"}},{\"@type\":\"ListItem\",\"position\":2,\"item\":{\"@id\":\"https:\/\/www.skimo.at\/sportler\/4530\/gleich-zwei-rennen-fuer-die-oesv-skibergsteiger-am-kommenden-wochenende\/#webpage\"}}]},{\"@type\":\"Person\",\"@id\":\"https:\/\/skimo.73.jarolim.eu\/sportler\/#\/schema\/person\/98f79b69381628f9078a5fab8eac4811\",\"name\":\"sbinder\",\"image\":{\"@type\":\"ImageObject\",\"@id\":\"https:\/\/skimo.73.jarolim.eu\/sportler\/#personlogo\",\"inLanguage\":\"de\",\"url\":\"https:\/\/secure.gravatar.com\/avatar\/11f3623e7f24f658f1be6d4cb550331e?s=96&r=g\",\"contentUrl\":\"https:\/\/secure.gravatar.com\/avatar\/11f3623e7f24f658f1be6d4cb550331e?s=96&r=g\",\"caption\":\"sbinder\"},\"url\":\"https:\/\/www.skimo.at\/sportler\/author\/sbinder\/\"}]}<\/script>\n<!-- \/ Yoast SEO plugin. -->","_links":{"self":[{"href":"https:\/\/www.skimo.at\/sportler\/wp-json\/wp\/v2\/posts\/4530"}],"collection":[{"href":"https:\/\/www.skimo.at\/sportler\/wp-json\/wp\/v2\/posts"}],"about":[{"href":"https:\/\/www.skimo.at\/sportler\/wp-json\/wp\/v2\/types\/post"}],"author":[{"embeddable":true,"href":"https:\/\/www.skimo.at\/sportler\/wp-json\/wp\/v2\/users\/35"}],"replies":[{"embeddable":true,"href":"https:\/\/www.skimo.at\/sportler\/wp-json\/wp\/v2\/comments?post=4530"}],"version-history":[{"count":5,"href":"https:\/\/www.skimo.at\/sportler\/wp-json\/wp\/v2\/posts\/4530\/revisions"}],"predecessor-version":[{"id":4537,"href":"https:\/\/www.skimo.at\/sportler\/wp-json\/wp\/v2\/posts\/4530\/revisions\/4537"}],"wp:attachment":[{"href":"https:\/\/www.skimo.at\/sportler\/wp-json\/wp\/v2\/media?parent=4530"}],"wp:term":[{"taxonomy":"category","embeddable":true,"href":"https:\/\/www.skimo.at\/sportler\/wp-json\/wp\/v2\/categories?post=4530"},{"taxonomy":"post_tag","embeddable":true,"href":"https:\/\/www.skimo.at\/sportler\/wp-json\/wp\/v2\/tags?post=4530"}],"curies":[{"name":"wp","href":"https:\/\/api.w.org\/{rel}","templated":true}]}}