{"id":4472,"date":"2016-01-17T18:13:18","date_gmt":"2016-01-17T16:13:18","guid":{"rendered":"http:\/\/www.skimo.at\/sportler\/?p=4472"},"modified":"2016-01-17T18:13:18","modified_gmt":"2016-01-17T16:13:18","slug":"weltcup-font-blanca-and-tag-3-individual-2","status":"publish","type":"post","link":"https:\/\/www.skimo.at\/sportler\/4472\/weltcup-font-blanca-and-tag-3-individual-2\/","title":{"rendered":"Weltcup Font Blanca (AND) \u2013 Tag 4: Vertical mit Silber und Bronze"},"content":{"rendered":"<p>Der Verticalbewerb stand wettertechnisch unter einem wesentlich besseren Stern, \u00fcber Nacht hatte sich die Schlechtwetterfront verzogen und die Athleten erwarteten beste Bedingungen. Die \u00d6sterreicher konnten am zweiten Tage \u2013 nach dem verhaltenen Ergebnis\u00a0am ersten Tag \u2013 gleich \u00fcber zwei Medaillen jubeln.<\/p>\n<p><!--more--><\/p>\n<p>Die Strecke verlief heute entlang einer Skiabfahrt in zwei L\u00e4ngen. W\u00e4hrend die Junioren Damen einen H\u00f6henunterschied von 465 H\u00f6henmetern zu bew\u00e4ltigen hatten, waren es f\u00fcr alle anderen Klassen 730 H\u00f6henmeter.<\/p>\n<p><a href=\"http:\/\/www.skimo.at\/sportler\/4472\/weltcup-font-blanca-and-tag-3-individual-2\/wc-andorra-2016_-41-_vertical-foto_willi-seebacher-lr\/\" rel=\"attachment wp-att-4491\"><img loading=\"lazy\" class=\"alignright wp-image-4491 size-thumbnail\" src=\"http:\/\/www.skimo.at\/sportler\/files\/2016\/01\/WC-Andorra-2016_-41-_Vertical-Foto_Willi-Seebacher-LR-150x150.jpg\" alt=\"WC Andorra 2016_ 41 _Vertical Foto_Willi Seebacher LR\" width=\"150\" height=\"150\" \/><\/a>Das reine Aufstiegsrennen wurde bei den Herren einmal mehr vom Spanier Kilian Jornet in 26:50 gewonnen, er machte damit seinen Doppelsieg komplett und setzte eine deutliche Marke zu Beginn des Weltcupzirkus. Auf den Pl\u00e4tzen folgten Remi Bonnet (SUI, 27:14) und Michele Boscacci (ITA, 27:22).<br \/>\nDie Damenwertung ging an Laura Orgue Vila (ESP) in 32:10, ihr folgten Emelie Forsberg (SWE, 32:43) und Victoria Kreuzer (SUI, 32:45)<\/p>\n<h2>Erfolgsl\u00e4ufe f\u00fcr die \u00d6sterreichischen Damen &#8211; Edelmetall x 2<\/h2>\n<p><a href=\"http:\/\/www.skimo.at\/sportler\/4472\/weltcup-font-blanca-and-tag-3-individual-2\/wc-andorra-2016_-16-_vertical-foto_willi-seebacher-lr\/\" rel=\"attachment wp-att-4483\"><img loading=\"lazy\" class=\"alignleft wp-image-4483 size-thumbnail\" src=\"http:\/\/www.skimo.at\/sportler\/files\/2016\/01\/WC-Andorra-2016_-16-_Vertical-Foto_Willi-Seebacher-LR-150x150.jpg\" alt=\"WC Andorra 2016_ 16 _Vertical Foto_Willi Seebacher LR\" width=\"150\" height=\"150\" \/><\/a>Den Auftakt zu einem wundersch\u00f6nen Rennfest f\u00fcr die \u00d6sterreicher machte am fr\u00fchen Morgen im ersten Tagesrennen der Juniorinnen Verena Streitberger. Am Beginn noch verhalten, griff Sie schon nach wenigen Minuten die Spitzengruppe an. Bis ins Ziel verbissen k\u00e4mpfend, konnte sie schlie\u00dflich die Bronzemedaille f\u00fcr \u00d6sterreich holen.<\/p>\n<blockquote><p>\u00a0\u201eIch bin super happy, dass ich heute am Podium gelandet bin. Ich bin nach gestern mit der Wut im Bauch gestartet und es hat sich ausgezahlt!\u201c<\/p><\/blockquote>\n<p>Ebenfalls in der Juniorenklasse platzierte sich Ina Forchthammer auf Rang 6. Die Platzierung sagt dabei leider wenig \u00fcber die sehr gute Aufstiegsleistung von Forchthammer aus. Entsprechend zufrieden war sie im Ziel:<\/p>\n<blockquote><p>\u201eIch war zwar heute etwas m\u00fcde und hatte schwere Beine von gestern, aber ich bin ganz zufrieden mit dem geringen Zeitr\u00fcckstand.\u201c<\/p><\/blockquote>\n<p><a href=\"http:\/\/www.skimo.at\/sportler\/4472\/weltcup-font-blanca-and-tag-3-individual-2\/wc-andorra-2016_-johanna-erhart-2-_vertical-foto_willi-seebacher-lr\/\" rel=\"attachment wp-att-4509\"><img loading=\"lazy\" class=\"alignright wp-image-4509 size-thumbnail\" src=\"http:\/\/www.skimo.at\/sportler\/files\/2016\/01\/WC-Andorra-2016_-Johanna-Erhart-2-_Vertical-Foto_Willi-Seebacher-LR-150x150.jpg\" alt=\"WC Andorra 2016_ Johanna Erhart 2 _Vertical Foto_Willi Seebacher LR\" width=\"150\" height=\"150\" \/><\/a>Schon das n\u00e4chste Rennen der Espoirs Damen brachte wieder eine Erfolgsmeldung. Weltcupneuling Johanna Erhart lief ein entfesseltes Rennen, klammerte sich bis zur Mitte der Strecke an die Ski-Enden der F\u00fchrenden Alba de Silvestre (ITA) und finishte schlie\u00dflich als 2., errang die Silbermedaille.<\/p>\n<blockquote><p>\u00a0\u201eBis zur Mitte war ich bei Alba dabei, dann bin ich nicht mehr mitgekommen. Aber ich bin einfach super gl\u00fccklich, was f\u00fcr ein tolles Rennen!\u201c<\/p><\/blockquote>\n<h2>Die Herren mit der Wut im Bauch<\/h2>\n<p><a href=\"http:\/\/www.skimo.at\/sportler\/4472\/weltcup-font-blanca-and-tag-3-individual-2\/wc-andorra-2016_-jakob-herrmann-3-_vertical-foto_willi-seebacher-lr\/\" rel=\"attachment wp-att-4507\"><img loading=\"lazy\" class=\"alignleft wp-image-4507 size-thumbnail\" src=\"http:\/\/www.skimo.at\/sportler\/files\/2016\/01\/WC-Andorra-2016_-Jakob-Herrmann-3-_Vertical-Foto_Willi-Seebacher-LR-150x150.jpg\" alt=\"WC Andorra 2016_ Jakob Herrmann 3 _Vertical Foto_Willi Seebacher LR\" width=\"150\" height=\"150\" \/><\/a>Auch die \u00f6sterreichischen Herren griffen vom Start weg voll an. \u00a0Jakob Herrmann konnte sein am Start klar ausgesprochenes Ziel, die Top20, mit Rang 19 und nur 2:10 Minuten R\u00fcckstand auf den Sieger erreichen und war entsprechend zufrieden.<\/p>\n<blockquote><p>\u00a0\u201eVielleicht wollte ich am Anfang zu viel und habe zu sehr angedr\u00fcckt, denn die Dichte heute war extrem. Top15 war in Reichweite, mir fehlten nur 18 Sekunden. Jetzt bin ich aber zuversichtlich, dass da noch mehr geht und freue mich auf die n\u00e4chsten Weltcups!\u201c<\/p><\/blockquote>\n<p>Daniel Zugg (St. Gallenkirch\/VLBG) warf all seine Energie auf die Strecke und konnte nach dem gestrigen Aufgabe Platz 27 erreichen.<\/p>\n<p>Nur einen Platz dahinter klassierte sich Armin H\u00f6fl (Krakau\/STMK), dem damit ein sehr gutes Rennen gelang:<\/p>\n<blockquote><p>\u201eIch habe heute vom Start weg mein Tempo super durchziehen k\u00f6nnen, die Strecke ist mir gut gelegen. Am letzten Steilst\u00fcck habe ich noch zu Dani Zugg aufgeschlossen, aber dann ist der Hammer gekommen. Alles in allem bin ich aber sehr zufrieden und freue mich auf die n\u00e4chsten Bewerbe.\u201c<\/p><\/blockquote>\n<p>Der vierte Herr im Bunde, Martin Weisskopf (Pr\u00e4graten\/TIROL) konnte, nachdem er gestern das Ziel nicht sah, mit Platz 37 zumindest sein Selbstvertrauen st\u00e4rken.<\/p>\n<blockquote><p>Zumindest wars ein halbwegs gutes Rennen im Vergleich zu gestern. Step by Step muss ich wieder da hin wo ich hin will, meine Form kommt sicher in den n\u00e4chsten Wochen.\u201c<\/p><\/blockquote>\n<p>&nbsp;<\/p>\n<p>Rennen sind wichtig, aber nicht das Wichtigste, deshalb hier eine wirklich wichtige Info: Juniorathlet Stefan Fuchs hatte sich ja gestern w\u00e4hrend des Individualrennens die Finger der rechten Hand erfroren. Er wurde auf Betreiben der \u00d6SV Sparte Skibergsteigen heute fr\u00fch per Ambulanzflugzeug in Begleitung nach Innsbruck gebracht. Stefan wurde station\u00e4r aufgenommen und ist nun in besten H\u00e4nden. Wir sind gespannt auf gute Nachrichten und w\u00fcnschen einstweilen gute Besserung!<\/p>\n<p>&nbsp;<\/p>\n<p>Nun bereitet sich der \u00d6SV Nationalkader Skibergsteigen auf das Super-Rennwochenende 30.- 31.1.2016 vor, an dem gleichzeitig im Rahmen der Erztrophy die Staatsmeisterschaft Individual in Bischofshofen und ein Weltcup in Italien stattfinden.<\/p>\n<p>&nbsp;<\/p>\n","protected":false},"excerpt":{"rendered":"<p>Der Verticalbewerb stand wettertechnisch unter einem wesentlich besseren Stern, \u00fcber Nacht hatte sich die Schlechtwetterfront verzogen und die Athleten erwarteten beste Bedingungen. Die \u00d6sterreicher konnten am zweiten Tage \u2013 nach dem verhaltenen Ergebnis\u00a0am ersten Tag \u2013 gleich \u00fcber zwei Medaillen jubeln.<\/p>\n","protected":false},"author":3,"featured_media":4510,"comment_status":"closed","ping_status":"closed","sticky":false,"template":"","format":"standard","meta":[],"categories":[1,9,3,7],"tags":[],"yoast_head":"<!-- This site is optimized with the Yoast SEO plugin v16.3 - https:\/\/yoast.com\/wordpress\/plugins\/seo\/ -->\n<title>Weltcup Font Blanca (AND) \u2013 Tag 4: Vertical mit Silber und Bronze - Sportler<\/title>\n<meta name=\"robots\" content=\"index, follow, max-snippet:-1, max-image-preview:large, max-video-preview:-1\" \/>\n<link rel=\"canonical\" href=\"https:\/\/www.skimo.at\/sportler\/4472\/weltcup-font-blanca-and-tag-3-individual-2\/\" \/>\n<meta property=\"og:locale\" content=\"de_DE\" \/>\n<meta property=\"og:type\" content=\"article\" \/>\n<meta property=\"og:title\" content=\"Weltcup Font Blanca (AND) \u2013 Tag 4: Vertical mit Silber und Bronze - Sportler\" \/>\n<meta property=\"og:description\" content=\"Der Verticalbewerb stand wettertechnisch unter einem wesentlich besseren Stern, \u00fcber Nacht hatte sich die Schlechtwetterfront verzogen und die Athleten erwarteten beste Bedingungen. Die \u00d6sterreicher konnten am zweiten Tage \u2013 nach dem verhaltenen Ergebnis\u00a0am ersten Tag \u2013 gleich \u00fcber zwei Medaillen jubeln.\" \/>\n<meta property=\"og:url\" content=\"https:\/\/www.skimo.at\/sportler\/4472\/weltcup-font-blanca-and-tag-3-individual-2\/\" \/>\n<meta property=\"og:site_name\" content=\"Sportler\" \/>\n<meta property=\"article:published_time\" content=\"2016-01-17T16:13:18+00:00\" \/>\n<meta property=\"og:image\" content=\"https:\/\/skimo.73.jarolim.eu\/sportler\/files\/2016\/01\/WC-Andorra-2016_-Johanna-Erhart-5-_Vertical-Foto_Willi-Seebacher-LR.jpg\" \/>\n\t<meta property=\"og:image:width\" content=\"1772\" \/>\n\t<meta property=\"og:image:height\" content=\"1181\" \/>\n<meta name=\"twitter:card\" content=\"summary\" \/>\n<meta name=\"twitter:label1\" content=\"Gesch\u00e4tzte Lesezeit\">\n\t<meta name=\"twitter:data1\" content=\"3\u00a0Minuten\">\n<script type=\"application\/ld+json\" class=\"yoast-schema-graph\">{\"@context\":\"https:\/\/schema.org\",\"@graph\":[{\"@type\":\"WebSite\",\"@id\":\"https:\/\/skimo.73.jarolim.eu\/sportler\/#website\",\"url\":\"https:\/\/skimo.73.jarolim.eu\/sportler\/\",\"name\":\"Sportler\",\"description\":\"\",\"potentialAction\":[{\"@type\":\"SearchAction\",\"target\":\"https:\/\/skimo.73.jarolim.eu\/sportler\/?s={search_term_string}\",\"query-input\":\"required name=search_term_string\"}],\"inLanguage\":\"de\"},{\"@type\":\"ImageObject\",\"@id\":\"https:\/\/www.skimo.at\/sportler\/4472\/weltcup-font-blanca-and-tag-3-individual-2\/#primaryimage\",\"inLanguage\":\"de\",\"url\":\"https:\/\/www.skimo.at\/sportler\/files\/2016\/01\/WC-Andorra-2016_-Johanna-Erhart-5-_Vertical-Foto_Willi-Seebacher-LR.jpg\",\"contentUrl\":\"https:\/\/www.skimo.at\/sportler\/files\/2016\/01\/WC-Andorra-2016_-Johanna-Erhart-5-_Vertical-Foto_Willi-Seebacher-LR.jpg\",\"width\":1772,\"height\":1181},{\"@type\":\"WebPage\",\"@id\":\"https:\/\/www.skimo.at\/sportler\/4472\/weltcup-font-blanca-and-tag-3-individual-2\/#webpage\",\"url\":\"https:\/\/www.skimo.at\/sportler\/4472\/weltcup-font-blanca-and-tag-3-individual-2\/\",\"name\":\"Weltcup Font Blanca (AND) \\u2013 Tag 4: Vertical mit Silber und Bronze - Sportler\",\"isPartOf\":{\"@id\":\"https:\/\/skimo.73.jarolim.eu\/sportler\/#website\"},\"primaryImageOfPage\":{\"@id\":\"https:\/\/www.skimo.at\/sportler\/4472\/weltcup-font-blanca-and-tag-3-individual-2\/#primaryimage\"},\"datePublished\":\"2016-01-17T16:13:18+00:00\",\"dateModified\":\"2016-01-17T16:13:18+00:00\",\"author\":{\"@id\":\"https:\/\/skimo.73.jarolim.eu\/sportler\/#\/schema\/person\/796ecbce6796efca58bf848ca63ec12c\"},\"breadcrumb\":{\"@id\":\"https:\/\/www.skimo.at\/sportler\/4472\/weltcup-font-blanca-and-tag-3-individual-2\/#breadcrumb\"},\"inLanguage\":\"de\",\"potentialAction\":[{\"@type\":\"ReadAction\",\"target\":[\"https:\/\/www.skimo.at\/sportler\/4472\/weltcup-font-blanca-and-tag-3-individual-2\/\"]}]},{\"@type\":\"BreadcrumbList\",\"@id\":\"https:\/\/www.skimo.at\/sportler\/4472\/weltcup-font-blanca-and-tag-3-individual-2\/#breadcrumb\",\"itemListElement\":[{\"@type\":\"ListItem\",\"position\":1,\"item\":{\"@type\":\"WebPage\",\"@id\":\"https:\/\/skimo.73.jarolim.eu\/sportler\/\",\"url\":\"https:\/\/skimo.73.jarolim.eu\/sportler\/\",\"name\":\"Home\"}},{\"@type\":\"ListItem\",\"position\":2,\"item\":{\"@id\":\"https:\/\/www.skimo.at\/sportler\/4472\/weltcup-font-blanca-and-tag-3-individual-2\/#webpage\"}}]},{\"@type\":\"Person\",\"@id\":\"https:\/\/skimo.73.jarolim.eu\/sportler\/#\/schema\/person\/796ecbce6796efca58bf848ca63ec12c\",\"name\":\"kposch\",\"image\":{\"@type\":\"ImageObject\",\"@id\":\"https:\/\/skimo.73.jarolim.eu\/sportler\/#personlogo\",\"inLanguage\":\"de\",\"url\":\"https:\/\/secure.gravatar.com\/avatar\/e9f5f28da60e5e563d3f4d3cc0b9b425?s=96&r=g\",\"contentUrl\":\"https:\/\/secure.gravatar.com\/avatar\/e9f5f28da60e5e563d3f4d3cc0b9b425?s=96&r=g\",\"caption\":\"kposch\"},\"url\":\"https:\/\/www.skimo.at\/sportler\/author\/kposch\/\"}]}<\/script>\n<!-- \/ Yoast SEO plugin. -->","_links":{"self":[{"href":"https:\/\/www.skimo.at\/sportler\/wp-json\/wp\/v2\/posts\/4472"}],"collection":[{"href":"https:\/\/www.skimo.at\/sportler\/wp-json\/wp\/v2\/posts"}],"about":[{"href":"https:\/\/www.skimo.at\/sportler\/wp-json\/wp\/v2\/types\/post"}],"author":[{"embeddable":true,"href":"https:\/\/www.skimo.at\/sportler\/wp-json\/wp\/v2\/users\/3"}],"replies":[{"embeddable":true,"href":"https:\/\/www.skimo.at\/sportler\/wp-json\/wp\/v2\/comments?post=4472"}],"version-history":[{"count":5,"href":"https:\/\/www.skimo.at\/sportler\/wp-json\/wp\/v2\/posts\/4472\/revisions"}],"predecessor-version":[{"id":4518,"href":"https:\/\/www.skimo.at\/sportler\/wp-json\/wp\/v2\/posts\/4472\/revisions\/4518"}],"wp:featuredmedia":[{"embeddable":true,"href":"https:\/\/www.skimo.at\/sportler\/wp-json\/wp\/v2\/media\/4510"}],"wp:attachment":[{"href":"https:\/\/www.skimo.at\/sportler\/wp-json\/wp\/v2\/media?parent=4472"}],"wp:term":[{"taxonomy":"category","embeddable":true,"href":"https:\/\/www.skimo.at\/sportler\/wp-json\/wp\/v2\/categories?post=4472"},{"taxonomy":"post_tag","embeddable":true,"href":"https:\/\/www.skimo.at\/sportler\/wp-json\/wp\/v2\/tags?post=4472"}],"curies":[{"name":"wp","href":"https:\/\/api.w.org\/{rel}","templated":true}]}}