{"id":4381,"date":"2016-01-16T15:39:35","date_gmt":"2016-01-16T13:39:35","guid":{"rendered":"http:\/\/www.skimo.at\/sportler\/?p=4381"},"modified":"2016-01-16T20:49:30","modified_gmt":"2016-01-16T18:49:30","slug":"weltcup-font-blanca-and-tag-3-individual","status":"publish","type":"post","link":"https:\/\/www.skimo.at\/sportler\/4381\/weltcup-font-blanca-and-tag-3-individual\/","title":{"rendered":"Update 19:45 Weltcup Font Blanca (AND) \u2013 Tag 3: Individual"},"content":{"rendered":"<p>Die Vorzeichen standen schlecht f\u00fcr das heutige Rennen in Font Blanca. Massive Schneef\u00e4lle und dazu Wind mit Spitzen von 90 km\/h verwandelten den ganzen Talkessel von Arcalis in eine lawinengef\u00e4hrliche Angelegenheit. Sicherheit steht bei der ISMF ganz oben, deshalb wurde schon am fr\u00fchen Morgen reagiert.<\/p>\n<p><!--more--><\/p>\n<h2>Klare Ansagen bei den Coaches<\/h2>\n<p>In einem Coaches Meeting zu fr\u00fcher Stunde wurde beschlossen, dass das Rennen von der urspr\u00fcnglich geplanten alpinen Durchf\u00fchrung auf die Piste zu verlegen und als Rundenrennen durchzuf\u00fchren. Die 360 H\u00f6henmeter sollten f\u00fcr die Herren 4 mal und f\u00fcr die Damen und Junioren 3 mal bew\u00e4ltigt werden.<\/p>\n<h2>Internationale Spitze neu\u2026oder doch nicht?<\/h2>\n<p><a href=\"http:\/\/www.skimo.at\/sportler\/4381\/weltcup-font-blanca-and-tag-3-individual\/wc-andorra-2016_-05-_indivitual-foto_willi-seebacher-lr\/\" rel=\"attachment wp-att-4390\"><img loading=\"lazy\" class=\"alignleft wp-image-4390 size-thumbnail\" src=\"http:\/\/www.skimo.at\/sportler\/files\/2016\/01\/WC-Andorra-2016_-05-_Indivitual-Foto_Willi-Seebacher-LR-150x150.jpg\" alt=\"WC Andorra 2016_ 05 _Indivitual Foto_Willi Seebacher LR\" width=\"150\" height=\"150\" \/><\/a>Explosiv ging es im Schneesturm nach mehreren Startverschiebungen los. Wer mit schonendem Vorgehen der Weltspitze bei dem Sauwetter gerechnet hatte, wurde sofort eines besseren belehrt. Die vom letzten Jahr bekannten Karten sollten neu gemischt werden. Der Italiener Michele Boscacchi lief entfesselt weg, konnte zusammen mit dem Schweizer Werner Marti tats\u00e4chlich die Siegergarde der letzten Jahre erst einmal hinter sich lassen. Toni Palzer (GER), Kilian Jornet (ESP) und Matheo Jaquemoud (FRA) erholten sich aber rasch von dem anf\u00e4nglichen Schock und schlugen bald zur\u00fcck. Ein durch die einfache Strecke enges Rennen mit materialfordernden Gleitpassagen erm\u00f6glichte kaum Luft zwischen den Top-Athleten. Nach mehrmaligem F\u00fchrungswechsel konnte schlie\u00dflich doch der Gro\u00dfmeister Kilian Jornet das Rennen machen, gefolgt von Michele Boscacchi, Werner Marti, Matheo Jaquemoud, Xavier Gachet (FRA) und Toni Palzer auf Platz 6.<\/p>\n<p>Das Damenpodium sah aber durchaus ungewohnte Gesichter. Die starke schwedische Bergl\u00e4uferin Emelie Forsberg dominierte das Rennen, konnte vermutlich am besten mit den nordischen Temperaturen umgehen. Die Dominatoin der letzten Jahre, die Franz\u00f6sin Laetitia Roux klemmte sich hinter Forsberg, musste jedoch im Lauf des Rennens nachgeben und schlie\u00dflich die Spanierin Claudia Galizia Cotrina, deren Landsm\u00e4nnin Laura Orgue Vila \u00a0und auch noch Jennifer Fiechter aus der Schweiz ziehen lassen.<\/p>\n<h2>Start f\u00fcr die \u00d6sterreicher gut, aber mit Wermutstropfen<\/h2>\n<p>Die \u00d6sterreicher kamen im explosiven Start allesamt gut weg. Nicht selbstverst\u00e4ndlich, da alle Klassen \u2013 anders als sonst \u00fcblich \u2013 miteinander gestartet wurden, auch die Amateure. Alle konnten sich gut einreihen bis auf Daniel Zugg, der knapp vor der ersten Bergankunft aufgeben musste:<\/p>\n<blockquote><p>&#8222;Bei mir hat sich pl\u00f6tzlich alles gedreht, das schlechte Gef\u00fchl schon auf der Anreise hat sich leider best\u00e4tigt. Ich habe aufgegeben um mich etwas auszukurieren und werde morgen nochmal angreifen.&#8220;<\/p><\/blockquote>\n<h2>Rennverlauf bei den Seniors Herren<\/h2>\n<p>Jakob Herrmann setzte sich bei den verbliebenen \u00d6sterreichischen Senioren an die Spitze. Die Meldungen, dass er mit minimalstem R\u00fcckstand ungef\u00e4hr auf dem 20. Platz liegt, war schon sensationell\u2026immerhin wissen wir, dass er sich im Laufe eines Rennens enorm steigern kann. Was er auch gemacht hat, und schlie\u00dflich mit Platz 21 und nur 6:45 Minuten R\u00fcckstand finishen konnte:<\/p>\n<blockquote><p>&#8222;Top20 h\u00e4tte ich mir schon erwartet heute. Aber die einfach Strecke ist auch den schlechteren Skifahrern entgegen gekommen, dadurch habe ich nichts auf den Abfahrten rausholen k\u00f6nnen. Morgen geht vielleicht mehr.&#8220;<\/p><\/blockquote>\n<p>Noch vor der letzten Abfahrt musste schlie\u00dflich auch ein weiteres hei\u00dfes Eisen aufgeben. Martin Wei\u00dfkopf erlebte seine erste Aufgabe in vielen Jahren Wettkampf-Skibergsteigen:<\/p>\n<blockquote><p>&#8222;Ich bin sehr entt\u00e4uscht. Seit der \u00d6M Vertical bin ich mit einem schlechten Feeling unterwegs. Konnte den Puls nicht raufbringen, habe mich unheimlich geplagt und musste schlie\u00dflich den Stecker ziehen. Morgen wird ich nochmal mein Bestes geben und hoffen, dass die gewohnte Leistung abrufbar ist.&#8220;<\/p><\/blockquote>\n<p>Armin H\u00f6fl konnte das zweite Mal Weltcupluft schnuppern und konnte das mit Platz 35 und 10:31 Minuten R\u00fcckstand offensichtlich ganz erfolgreich, wenn auch mit Problemen:<\/p>\n<blockquote><p>&#8222;Ich habe keine Luft bekommen und die Bindung ist mir bei den argen Bedingungen eingefroren. Jedenfalls habe ich wieder viel gelernt, und morgen gibt\u2019s nochmal Vollgas!&#8220;<\/p><\/blockquote>\n<h2>Sehr erfolgreich: Damen und Junioren<\/h2>\n<p>Das was die \u201eAlten\u201c k\u00f6nnen, k\u00f6nnen die Jungen schon lang. So hat z.B. Weltcupdeb\u00fctantin Johanna Erhart auf der Ihr entgegen kommenden Strecke ein wirklich gutes Rennen hingelegt\u2026zumindest auf den ersten 2 Dritteln, auf denen sie zeitweise auf Platz 3 lag. Am Ende wurde es \u201enur\u201c Platz 5 bei den Espoir Damen:<\/p>\n<blockquote><p>&#8222;Es ist mir wirklich gut gegangen, aber auf der dritten Runde ist der Hammer gekommen, ich bin v\u00f6llig blau gelaufen. Dazu habe ich bei den Wechseln immer Zeit liegen lassen. Die waren nicht gut. Auf morgen freu ich mich, da bin ich sicher nicht weit weg!&#8220;<\/p><\/blockquote>\n<p>Die beiden Juniorinnen Verena Streitberger und Ina Forchthammer gingen durchaus als Hoffnungstr\u00e4ger ins Rennen. Verena konnte aber keinen guten Schritt finden, landete auf Rang 6:<\/p>\n<blockquote><p>&#8222;Mir h\u00e4ngt noch eine Verk\u00fchlung nach, Probleme mit der Bindung hatte ich auch, das Rennen muss ich leider abhaken und hoffe morgen auf mehr Gl\u00fcck.&#8220;<\/p><\/blockquote>\n<p>Ina Forchthammer lieferte dagegen ein hervorragendes Rennen ab. In den Anstiegen ist die junge Pongauerin immer voll dabei gewesen, oft sogar auf Platz 3 und damit auf Medaillenkurs. Die Abfahrten waren aber ein Problem und am Ende wurde es Platz 4:<\/p>\n<blockquote><p>&#8222;Beim Aufsteigen war ich immer wieder dabei, aber mein Ski war langsam heute. 4. Platz ist halt schade, die Medaille war in Griffweite. Aber ich bin zufrieden, dass ich wieder vorne dabei bin!&#8220;<\/p><\/blockquote>\n<p>Weltcup-Neuling Stefan Fuchs schlug sich hervorragend, konnte die anf\u00e4ngliche Nervosit\u00e4t gut in den Griff kriegen und k\u00e4mpfte wie ein L\u00f6we. Der 9. Endrang von 20 klassierten sagt viel aus\u2026.so eine Erstergebnis kommt nicht von ungef\u00e4hr. Dennoch war Stefan nach dem Rennen unzufrieden:<\/p>\n<blockquote><p>&#8222;Im Aufstieg war ich beim zuletzt Drittplatzierten immer dabei, aber auf der Abfahrt bin ich praktisch gestanden. Links und rechts sind mir die Konkurrenten um die Ohren gefahren.&#8220;<\/p><\/blockquote>\n<h2>Stefan Fuchs in \u00e4rztlicher Behandlung, R\u00fcckholung nach Innsbruck<\/h2>\n<p>Kurz nach\u00a0dem Rennen, beim Mittagessen dann der Schock: Stefan hatte zunehmend\u00a0sehr wei\u00dfe Finger an der rechten Hand, sofort war klar, dass es sich um Erfrierungen handelt. Headcoach Alex Lugger verlor keine Zeit und alarmierte die Rettung, die Stefan in Begleitung von Simone Binder ins Krankenhaus der Hauptstadt Andorra La Villa brachte. Die Untersuchung ergab haupts\u00e4chlich\u00a0ein Problem\u00a0am\u00a0Zeigefinger, weshalb entschieden wurde, Stefan in Begleitung mit dem ersten m\u00f6glichen Flug morgen fr\u00fch um 8:00 Uhr von Barcelona in die\u00a0Innsbrucker Uniklinik zu bringen. Die \u00c4rzte dort sind informiert und alle sind sicher, dass die Verletzung von Stefan dort bestm\u00f6glich versorgt werden kann.<\/p>\n<p>Die wichtigste Info des Tages ist, dass wir Stefan Fuchs jetzt in guten H\u00e4nden wissen und seine Erfrierung von Top-Spezialisten angeschaut werden wird. Danke an den \u00d6SV f\u00fcr die rasche und unkomplizierte Hilfe heute Nachmittag und nat\u00fcrlich an unser Betreuerteam vor Ort, das die rasche Heimholung von Stefan organisiert und erm\u00f6glicht hat. Dass sich das online-gehen des Berichts dadurch a bissl verz\u00f6gert hat ist klar, wird aber sicher von unseren Lesern entschuldigt. Gute Besserung, Stefan!<\/p>\n<p>Morgen geht der Rest der Mannschaft an den Start beim Verticalrennen in Arinsal, der planm\u00e4\u00dfig zwischen 9:20 und 10:40 erfolgen wird.<\/p>\n<p>Wir berichten wieder Live!<\/p>\n","protected":false},"excerpt":{"rendered":"<p>Die Vorzeichen standen schlecht f\u00fcr das heutige Rennen in Font Blanca. Massive Schneef\u00e4lle und dazu Wind mit Spitzen von 90 km\/h verwandelten den ganzen Talkessel von Arcalis in eine lawinengef\u00e4hrliche Angelegenheit. Sicherheit steht bei der ISMF ganz oben, deshalb wurde schon am fr\u00fchen Morgen reagiert.<\/p>\n","protected":false},"author":3,"featured_media":4419,"comment_status":"closed","ping_status":"closed","sticky":false,"template":"","format":"standard","meta":[],"categories":[1,3,7],"tags":[],"yoast_head":"<!-- This site is optimized with the Yoast SEO plugin v16.3 - https:\/\/yoast.com\/wordpress\/plugins\/seo\/ -->\n<title>Update 19:45 Weltcup Font Blanca (AND) \u2013 Tag 3: Individual - Sportler<\/title>\n<meta name=\"robots\" content=\"index, follow, max-snippet:-1, max-image-preview:large, max-video-preview:-1\" \/>\n<link rel=\"canonical\" href=\"https:\/\/www.skimo.at\/sportler\/4381\/weltcup-font-blanca-and-tag-3-individual\/\" \/>\n<meta property=\"og:locale\" content=\"de_DE\" \/>\n<meta property=\"og:type\" content=\"article\" \/>\n<meta property=\"og:title\" content=\"Update 19:45 Weltcup Font Blanca (AND) \u2013 Tag 3: Individual - Sportler\" \/>\n<meta property=\"og:description\" content=\"Die Vorzeichen standen schlecht f\u00fcr das heutige Rennen in Font Blanca. Massive Schneef\u00e4lle und dazu Wind mit Spitzen von 90 km\/h verwandelten den ganzen Talkessel von Arcalis in eine lawinengef\u00e4hrliche Angelegenheit. Sicherheit steht bei der ISMF ganz oben, deshalb wurde schon am fr\u00fchen Morgen reagiert.\" \/>\n<meta property=\"og:url\" content=\"https:\/\/www.skimo.at\/sportler\/4381\/weltcup-font-blanca-and-tag-3-individual\/\" \/>\n<meta property=\"og:site_name\" content=\"Sportler\" \/>\n<meta property=\"article:published_time\" content=\"2016-01-16T13:39:35+00:00\" \/>\n<meta property=\"article:modified_time\" content=\"2016-01-16T18:49:30+00:00\" \/>\n<meta property=\"og:image\" content=\"https:\/\/skimo.73.jarolim.eu\/sportler\/files\/2016\/01\/WC-Andorra-2016_-57-_Indivitual-Foto_Willi-Seebacher-LR.jpg\" \/>\n\t<meta property=\"og:image:width\" content=\"1772\" \/>\n\t<meta property=\"og:image:height\" content=\"1181\" \/>\n<meta name=\"twitter:card\" content=\"summary\" \/>\n<meta name=\"twitter:label1\" content=\"Gesch\u00e4tzte Lesezeit\">\n\t<meta name=\"twitter:data1\" content=\"6\u00a0Minuten\">\n<script type=\"application\/ld+json\" class=\"yoast-schema-graph\">{\"@context\":\"https:\/\/schema.org\",\"@graph\":[{\"@type\":\"WebSite\",\"@id\":\"https:\/\/skimo.73.jarolim.eu\/sportler\/#website\",\"url\":\"https:\/\/skimo.73.jarolim.eu\/sportler\/\",\"name\":\"Sportler\",\"description\":\"\",\"potentialAction\":[{\"@type\":\"SearchAction\",\"target\":\"https:\/\/skimo.73.jarolim.eu\/sportler\/?s={search_term_string}\",\"query-input\":\"required name=search_term_string\"}],\"inLanguage\":\"de\"},{\"@type\":\"ImageObject\",\"@id\":\"https:\/\/www.skimo.at\/sportler\/4381\/weltcup-font-blanca-and-tag-3-individual\/#primaryimage\",\"inLanguage\":\"de\",\"url\":\"https:\/\/www.skimo.at\/sportler\/files\/2016\/01\/WC-Andorra-2016_-57-_Indivitual-Foto_Willi-Seebacher-LR.jpg\",\"contentUrl\":\"https:\/\/www.skimo.at\/sportler\/files\/2016\/01\/WC-Andorra-2016_-57-_Indivitual-Foto_Willi-Seebacher-LR.jpg\",\"width\":1772,\"height\":1181},{\"@type\":\"WebPage\",\"@id\":\"https:\/\/www.skimo.at\/sportler\/4381\/weltcup-font-blanca-and-tag-3-individual\/#webpage\",\"url\":\"https:\/\/www.skimo.at\/sportler\/4381\/weltcup-font-blanca-and-tag-3-individual\/\",\"name\":\"Update 19:45 Weltcup Font Blanca (AND) \\u2013 Tag 3: Individual - Sportler\",\"isPartOf\":{\"@id\":\"https:\/\/skimo.73.jarolim.eu\/sportler\/#website\"},\"primaryImageOfPage\":{\"@id\":\"https:\/\/www.skimo.at\/sportler\/4381\/weltcup-font-blanca-and-tag-3-individual\/#primaryimage\"},\"datePublished\":\"2016-01-16T13:39:35+00:00\",\"dateModified\":\"2016-01-16T18:49:30+00:00\",\"author\":{\"@id\":\"https:\/\/skimo.73.jarolim.eu\/sportler\/#\/schema\/person\/796ecbce6796efca58bf848ca63ec12c\"},\"breadcrumb\":{\"@id\":\"https:\/\/www.skimo.at\/sportler\/4381\/weltcup-font-blanca-and-tag-3-individual\/#breadcrumb\"},\"inLanguage\":\"de\",\"potentialAction\":[{\"@type\":\"ReadAction\",\"target\":[\"https:\/\/www.skimo.at\/sportler\/4381\/weltcup-font-blanca-and-tag-3-individual\/\"]}]},{\"@type\":\"BreadcrumbList\",\"@id\":\"https:\/\/www.skimo.at\/sportler\/4381\/weltcup-font-blanca-and-tag-3-individual\/#breadcrumb\",\"itemListElement\":[{\"@type\":\"ListItem\",\"position\":1,\"item\":{\"@type\":\"WebPage\",\"@id\":\"https:\/\/skimo.73.jarolim.eu\/sportler\/\",\"url\":\"https:\/\/skimo.73.jarolim.eu\/sportler\/\",\"name\":\"Home\"}},{\"@type\":\"ListItem\",\"position\":2,\"item\":{\"@id\":\"https:\/\/www.skimo.at\/sportler\/4381\/weltcup-font-blanca-and-tag-3-individual\/#webpage\"}}]},{\"@type\":\"Person\",\"@id\":\"https:\/\/skimo.73.jarolim.eu\/sportler\/#\/schema\/person\/796ecbce6796efca58bf848ca63ec12c\",\"name\":\"kposch\",\"image\":{\"@type\":\"ImageObject\",\"@id\":\"https:\/\/skimo.73.jarolim.eu\/sportler\/#personlogo\",\"inLanguage\":\"de\",\"url\":\"https:\/\/secure.gravatar.com\/avatar\/e9f5f28da60e5e563d3f4d3cc0b9b425?s=96&r=g\",\"contentUrl\":\"https:\/\/secure.gravatar.com\/avatar\/e9f5f28da60e5e563d3f4d3cc0b9b425?s=96&r=g\",\"caption\":\"kposch\"},\"url\":\"https:\/\/www.skimo.at\/sportler\/author\/kposch\/\"}]}<\/script>\n<!-- \/ Yoast SEO plugin. -->","_links":{"self":[{"href":"https:\/\/www.skimo.at\/sportler\/wp-json\/wp\/v2\/posts\/4381"}],"collection":[{"href":"https:\/\/www.skimo.at\/sportler\/wp-json\/wp\/v2\/posts"}],"about":[{"href":"https:\/\/www.skimo.at\/sportler\/wp-json\/wp\/v2\/types\/post"}],"author":[{"embeddable":true,"href":"https:\/\/www.skimo.at\/sportler\/wp-json\/wp\/v2\/users\/3"}],"replies":[{"embeddable":true,"href":"https:\/\/www.skimo.at\/sportler\/wp-json\/wp\/v2\/comments?post=4381"}],"version-history":[{"count":5,"href":"https:\/\/www.skimo.at\/sportler\/wp-json\/wp\/v2\/posts\/4381\/revisions"}],"predecessor-version":[{"id":4455,"href":"https:\/\/www.skimo.at\/sportler\/wp-json\/wp\/v2\/posts\/4381\/revisions\/4455"}],"wp:featuredmedia":[{"embeddable":true,"href":"https:\/\/www.skimo.at\/sportler\/wp-json\/wp\/v2\/media\/4419"}],"wp:attachment":[{"href":"https:\/\/www.skimo.at\/sportler\/wp-json\/wp\/v2\/media?parent=4381"}],"wp:term":[{"taxonomy":"category","embeddable":true,"href":"https:\/\/www.skimo.at\/sportler\/wp-json\/wp\/v2\/categories?post=4381"},{"taxonomy":"post_tag","embeddable":true,"href":"https:\/\/www.skimo.at\/sportler\/wp-json\/wp\/v2\/tags?post=4381"}],"curies":[{"name":"wp","href":"https:\/\/api.w.org\/{rel}","templated":true}]}}