{"id":4331,"date":"2016-01-15T23:08:38","date_gmt":"2016-01-15T21:08:38","guid":{"rendered":"http:\/\/www.skimo.at\/sportler\/?p=4331"},"modified":"2016-01-15T23:15:41","modified_gmt":"2016-01-15T21:15:41","slug":"weltcup-font-blanca-and-tag-2-besichtigung","status":"publish","type":"post","link":"https:\/\/www.skimo.at\/sportler\/4331\/weltcup-font-blanca-and-tag-2-besichtigung\/","title":{"rendered":"WELTCUP FONT BLANCA (AND) &#8211; TAG 2: BESICHTIGUNG &amp; ER\u00d6FFNUNG"},"content":{"rendered":"<p>Schwierige Bedingungen bei der heutigen Besichtigung: Schneest\u00fcrme erschwerten die Sicht und es ist noch\u00a0unklar, wie die Individual Strecke morgen tats\u00e4chlich verlaufen wird.<\/p>\n<p><!--more--><\/p>\n<h2>Die Ruhe vor dem Sturm<\/h2>\n<p>Der heutige Tag startete mit einem gem\u00fctlichen Fr\u00fchst\u00fcck\u00a0und ersten Tipps und Tricks von Headcoach Alexander Lugger. Anschlie\u00dfend ging es\u00a0ins Skigebiet\u00a0Vallnord Sector Arcal\u00eds, wo morgen das Individual statt finden wird. Je n\u00e4her das Team dem Start- und Zielbereich kam, desto weiter purzelten die Grade nach unten.\u00a0Minus 6 Grad sind f\u00fcr unsere Athleten zwar keine Schwierigkeit und keine Besonderheit, aber das tobende Schneegest\u00f6ber erschwerte die Sicht enorm.<\/p>\n<h2>Besichtigung der Strecke<\/h2>\n<p><a href=\"http:\/\/www.skimo.at\/sportler\/4331\/weltcup-font-blanca-and-tag-2-besichtigung\/wc-andorra-2016_-02-_besichtigung-foto_willi-seebacher-lr-2\/\" rel=\"attachment wp-att-4348\"><img loading=\"lazy\" class=\"alignleft size-medium wp-image-4348\" src=\"http:\/\/www.skimo.at\/sportler\/files\/2016\/01\/WC-Andorra-2016_-02-_Besichtigung-Foto_Willi-Seebacher-LR-1-200x300.jpg\" alt=\"WC Andorra 2016_ 02 _Besichtigung Foto_Willi Seebacher LR\" width=\"200\" height=\"300\" srcset=\"https:\/\/www.skimo.at\/sportler\/files\/2016\/01\/WC-Andorra-2016_-02-_Besichtigung-Foto_Willi-Seebacher-LR-1-200x300.jpg 200w, https:\/\/www.skimo.at\/sportler\/files\/2016\/01\/WC-Andorra-2016_-02-_Besichtigung-Foto_Willi-Seebacher-LR-1-682x1024.jpg 682w, https:\/\/www.skimo.at\/sportler\/files\/2016\/01\/WC-Andorra-2016_-02-_Besichtigung-Foto_Willi-Seebacher-LR-1-768x1152.jpg 768w, https:\/\/www.skimo.at\/sportler\/files\/2016\/01\/WC-Andorra-2016_-02-_Besichtigung-Foto_Willi-Seebacher-LR-1-970x1455.jpg 970w, https:\/\/www.skimo.at\/sportler\/files\/2016\/01\/WC-Andorra-2016_-02-_Besichtigung-Foto_Willi-Seebacher-LR-1-554x831.jpg 554w, https:\/\/www.skimo.at\/sportler\/files\/2016\/01\/WC-Andorra-2016_-02-_Besichtigung-Foto_Willi-Seebacher-LR-1-62x93.jpg 62w, https:\/\/www.skimo.at\/sportler\/files\/2016\/01\/WC-Andorra-2016_-02-_Besichtigung-Foto_Willi-Seebacher-LR-1.jpg 1181w\" sizes=\"(max-width: 200px) 100vw, 200px\" \/><\/a>Oben angekommen, im Talkessel La Coma auf 2.200 Hm, wo das Rennen morgen durchgef\u00fchrt wird, war eines sofort klar: eine Besichtigung wird sehr schwierig. St\u00fcrmisches Wetter und Schneefall sind keine optimalen Voraussetzungen, um eine\u00a0Strecke ordentlich besichtigen zu k\u00f6nnen.\u00a0Die erfahrenen Athleten, welche bereits im vergangenen Jahr bzw. schon \u00f6fter beim Weltcup in Andorra dabei waren, kennen zum Gl\u00fcck die meisten Passagen. Es ist jedoch\u00a0noch nicht einsch\u00e4tzbar, ob das Rennen tats\u00e4chlich auf der Originalstrecke durchgef\u00fchrt werden kann.\u00a0Die jungen Athleten, welche\u00a0noch nicht so viel Weltcup Erfahrung haben, besichtigten Teile der\u00a0Strecke gemeinsam mit Alexander Lugger, der noch wichtige Ratschl\u00e4ge geben konnte und dadurch hoffentlich auch die Nervosit\u00e4t bei dem ein oder anderen etwas minimieren konnte.<\/p>\n<h2>Hola, Ciao &amp; Gr\u00fcezi<\/h2>\n<p>Wie jedes Jahr, gab es ein gemeinsames Mittagessen f\u00fcr alle Teams im Kongresscenter. Dieses Treffen ist eine sch\u00f6ne M\u00f6glichkeit, mit den Kollegen aus den anderen L\u00e4ndern erste Gespr\u00e4che in einer gem\u00fctlichen und entspannten Atmosph\u00e4re zu f\u00fchren.\u00a0Der letzte Weltcup ist ja schon ein paar Monate her, \u00fcber den Sommer ist viel passiert und daher gibt es beim ersten Wiedersehen viele herzliche Umarmungen und\u00a0nat\u00fcrlich\u00a0jede Menge zu erz\u00e4hlen.<\/p>\n<p>Vier \u00f6sterreichische Athleten wurden auch gleich zum Fernsehinterview zitiert. Gefragt waren\u00a0Informationen zu den Vorbereitungen, erste Einsch\u00e4tzungen der heutigen Streckenbesichtigung sowie\u00a0Erwartungen und Einsch\u00e4tzungen der pers\u00f6nlichen Leistung.<\/p>\n<h2>Er\u00f6ffnungszeremonie &amp; Briefing<\/h2>\n<p>Zum Abschluss des heutigen Tages fand noch die Er\u00f6ffnungszeremonie und das Briefing f\u00fcr den morgigen Tag statt. Feierlich wurden den Top-Athleten der Frauen\u00a0und M\u00e4nner\u00a0ihre Startnummern \u00fcberreicht. Vor allem Lokalmatador Kilian Jornet Burgada\u00a0erzeugte\u00a0bei den Kindern gro\u00dfes Funkeln in den Augen (und nat\u00fcrlich auch bei den Frauen). Jeder wollte sich mit dem spanischen Skibergsteiger fotografieren lassen. Toll, dass es vor Ort einen so gro\u00dfen Fanclub und so viele Skibergsteigefans gibt.<\/p>\n<figure id=\"attachment_4358\" aria-describedby=\"caption-attachment-4358\" style=\"width: 600px\" class=\"wp-caption alignnone\"><a href=\"http:\/\/www.skimo.at\/sportler\/4331\/weltcup-font-blanca-and-tag-2-besichtigung\/wc-andorra-2016_-01-_eroeffnung-foto_willi-seebacher-lr\/\" rel=\"attachment wp-att-4358\"><img loading=\"lazy\" class=\"wp-image-4358\" src=\"http:\/\/www.skimo.at\/sportler\/files\/2016\/01\/WC-Andorra-2016_-01-_Eroeffnung-Foto_Willi-Seebacher-LR-1024x682.jpg\" alt=\"\" width=\"600\" height=\"400\" srcset=\"https:\/\/www.skimo.at\/sportler\/files\/2016\/01\/WC-Andorra-2016_-01-_Eroeffnung-Foto_Willi-Seebacher-LR-1024x682.jpg 1024w, https:\/\/www.skimo.at\/sportler\/files\/2016\/01\/WC-Andorra-2016_-01-_Eroeffnung-Foto_Willi-Seebacher-LR-300x200.jpg 300w, https:\/\/www.skimo.at\/sportler\/files\/2016\/01\/WC-Andorra-2016_-01-_Eroeffnung-Foto_Willi-Seebacher-LR-768x512.jpg 768w, https:\/\/www.skimo.at\/sportler\/files\/2016\/01\/WC-Andorra-2016_-01-_Eroeffnung-Foto_Willi-Seebacher-LR-746x497.jpg 746w, https:\/\/www.skimo.at\/sportler\/files\/2016\/01\/WC-Andorra-2016_-01-_Eroeffnung-Foto_Willi-Seebacher-LR-618x412.jpg 618w, https:\/\/www.skimo.at\/sportler\/files\/2016\/01\/WC-Andorra-2016_-01-_Eroeffnung-Foto_Willi-Seebacher-LR-554x369.jpg 554w, https:\/\/www.skimo.at\/sportler\/files\/2016\/01\/WC-Andorra-2016_-01-_Eroeffnung-Foto_Willi-Seebacher-LR-299x199.jpg 299w, https:\/\/www.skimo.at\/sportler\/files\/2016\/01\/WC-Andorra-2016_-01-_Eroeffnung-Foto_Willi-Seebacher-LR-1224x816.jpg 1224w, https:\/\/www.skimo.at\/sportler\/files\/2016\/01\/WC-Andorra-2016_-01-_Eroeffnung-Foto_Willi-Seebacher-LR-970x646.jpg 970w, https:\/\/www.skimo.at\/sportler\/files\/2016\/01\/WC-Andorra-2016_-01-_Eroeffnung-Foto_Willi-Seebacher-LR-140x93.jpg 140w, https:\/\/www.skimo.at\/sportler\/files\/2016\/01\/WC-Andorra-2016_-01-_Eroeffnung-Foto_Willi-Seebacher-LR.jpg 1772w\" sizes=\"(max-width: 600px) 100vw, 600px\" \/><\/a><figcaption id=\"caption-attachment-4358\" class=\"wp-caption-text\"><em>Kilian Jornet Burgada aus Spanien ist ein gro\u00dfes Idol f\u00fcr die heimischen Nachwuchsathleten.<\/em><\/figcaption><\/figure>\n<h2>Frostige Aussichten f\u00fcr morgen<\/h2>\n<p>Die Prognose f\u00fcr morgen ist nicht besonders rosig. Beim Briefing wurden Temperaturen bis minus 15 Grad und Windspitzen bis 90 km\/h vorhergesagt. Das ist nicht nur f\u00fcr die Athleten eine Herausforderung, sondern auch f\u00fcr unsere\u00a0spanischen Mietautos, die vermutlich noch nie\u00a0Winterreifen gesehen haben. In einer Nacht-und-Nebel-Aktion organisierte Alexander Lugger noch Schneeketten, damit die Athleten auch sicher und zeitgerecht an den Start kommen.<\/p>\n<p>Um 08:45 wird morgen entschieden, ob das Rennen gegebenenfalls zeitlich nach hinten verschoben wird und\/oder die Strecke verk\u00fcrzt. Wir halten unsere Leser auf jeden Fall auf dem Laufenden und werden regelm\u00e4\u00dfig\u00a0berichten. Wir sind gespannt und freuen uns auf ein\u00a0spannendes Rennen, auf einer technisch anspruchsvollen Strecke!<\/p>\n","protected":false},"excerpt":{"rendered":"<p>Schwierige Bedingungen bei der heutigen Besichtigung: Schneest\u00fcrme erschwerten die Sicht und es ist noch\u00a0unklar, wie die Individual Strecke morgen tats\u00e4chlich verlaufen wird.<\/p>\n","protected":false},"author":35,"featured_media":4345,"comment_status":"closed","ping_status":"closed","sticky":false,"template":"","format":"standard","meta":[],"categories":[1,3,7],"tags":[13,164,16,165],"yoast_head":"<!-- This site is optimized with the Yoast SEO plugin v16.3 - https:\/\/yoast.com\/wordpress\/plugins\/seo\/ -->\n<title>WELTCUP FONT BLANCA (AND) - TAG 2: BESICHTIGUNG &amp; ER\u00d6FFNUNG - Sportler<\/title>\n<meta name=\"robots\" content=\"index, follow, max-snippet:-1, max-image-preview:large, max-video-preview:-1\" \/>\n<link rel=\"canonical\" href=\"https:\/\/www.skimo.at\/sportler\/4331\/weltcup-font-blanca-and-tag-2-besichtigung\/\" \/>\n<meta property=\"og:locale\" content=\"de_DE\" \/>\n<meta property=\"og:type\" content=\"article\" \/>\n<meta property=\"og:title\" content=\"WELTCUP FONT BLANCA (AND) - TAG 2: BESICHTIGUNG &amp; ER\u00d6FFNUNG - Sportler\" \/>\n<meta property=\"og:description\" content=\"Schwierige Bedingungen bei der heutigen Besichtigung: Schneest\u00fcrme erschwerten die Sicht und es ist noch\u00a0unklar, wie die Individual Strecke morgen tats\u00e4chlich verlaufen wird.\" \/>\n<meta property=\"og:url\" content=\"https:\/\/www.skimo.at\/sportler\/4331\/weltcup-font-blanca-and-tag-2-besichtigung\/\" \/>\n<meta property=\"og:site_name\" content=\"Sportler\" \/>\n<meta property=\"article:published_time\" content=\"2016-01-15T21:08:38+00:00\" \/>\n<meta property=\"article:modified_time\" content=\"2016-01-15T21:15:41+00:00\" \/>\n<meta property=\"og:image\" content=\"https:\/\/skimo.73.jarolim.eu\/sportler\/files\/2016\/01\/WC-Andorra-2016_-21-_Besichtigung-Foto_Willi-Seebacher-LR.jpg\" \/>\n\t<meta property=\"og:image:width\" content=\"1772\" \/>\n\t<meta property=\"og:image:height\" content=\"1181\" \/>\n<meta name=\"twitter:card\" content=\"summary\" \/>\n<meta name=\"twitter:label1\" content=\"Gesch\u00e4tzte Lesezeit\">\n\t<meta name=\"twitter:data1\" content=\"3\u00a0Minuten\">\n<script type=\"application\/ld+json\" class=\"yoast-schema-graph\">{\"@context\":\"https:\/\/schema.org\",\"@graph\":[{\"@type\":\"WebSite\",\"@id\":\"https:\/\/skimo.73.jarolim.eu\/sportler\/#website\",\"url\":\"https:\/\/skimo.73.jarolim.eu\/sportler\/\",\"name\":\"Sportler\",\"description\":\"\",\"potentialAction\":[{\"@type\":\"SearchAction\",\"target\":\"https:\/\/skimo.73.jarolim.eu\/sportler\/?s={search_term_string}\",\"query-input\":\"required name=search_term_string\"}],\"inLanguage\":\"de\"},{\"@type\":\"ImageObject\",\"@id\":\"https:\/\/www.skimo.at\/sportler\/4331\/weltcup-font-blanca-and-tag-2-besichtigung\/#primaryimage\",\"inLanguage\":\"de\",\"url\":\"https:\/\/www.skimo.at\/sportler\/files\/2016\/01\/WC-Andorra-2016_-21-_Besichtigung-Foto_Willi-Seebacher-LR.jpg\",\"contentUrl\":\"https:\/\/www.skimo.at\/sportler\/files\/2016\/01\/WC-Andorra-2016_-21-_Besichtigung-Foto_Willi-Seebacher-LR.jpg\",\"width\":1772,\"height\":1181},{\"@type\":\"WebPage\",\"@id\":\"https:\/\/www.skimo.at\/sportler\/4331\/weltcup-font-blanca-and-tag-2-besichtigung\/#webpage\",\"url\":\"https:\/\/www.skimo.at\/sportler\/4331\/weltcup-font-blanca-and-tag-2-besichtigung\/\",\"name\":\"WELTCUP FONT BLANCA (AND) - TAG 2: BESICHTIGUNG &amp; ER\\u00d6FFNUNG - Sportler\",\"isPartOf\":{\"@id\":\"https:\/\/skimo.73.jarolim.eu\/sportler\/#website\"},\"primaryImageOfPage\":{\"@id\":\"https:\/\/www.skimo.at\/sportler\/4331\/weltcup-font-blanca-and-tag-2-besichtigung\/#primaryimage\"},\"datePublished\":\"2016-01-15T21:08:38+00:00\",\"dateModified\":\"2016-01-15T21:15:41+00:00\",\"author\":{\"@id\":\"https:\/\/skimo.73.jarolim.eu\/sportler\/#\/schema\/person\/98f79b69381628f9078a5fab8eac4811\"},\"breadcrumb\":{\"@id\":\"https:\/\/www.skimo.at\/sportler\/4331\/weltcup-font-blanca-and-tag-2-besichtigung\/#breadcrumb\"},\"inLanguage\":\"de\",\"potentialAction\":[{\"@type\":\"ReadAction\",\"target\":[\"https:\/\/www.skimo.at\/sportler\/4331\/weltcup-font-blanca-and-tag-2-besichtigung\/\"]}]},{\"@type\":\"BreadcrumbList\",\"@id\":\"https:\/\/www.skimo.at\/sportler\/4331\/weltcup-font-blanca-and-tag-2-besichtigung\/#breadcrumb\",\"itemListElement\":[{\"@type\":\"ListItem\",\"position\":1,\"item\":{\"@type\":\"WebPage\",\"@id\":\"https:\/\/skimo.73.jarolim.eu\/sportler\/\",\"url\":\"https:\/\/skimo.73.jarolim.eu\/sportler\/\",\"name\":\"Home\"}},{\"@type\":\"ListItem\",\"position\":2,\"item\":{\"@id\":\"https:\/\/www.skimo.at\/sportler\/4331\/weltcup-font-blanca-and-tag-2-besichtigung\/#webpage\"}}]},{\"@type\":\"Person\",\"@id\":\"https:\/\/skimo.73.jarolim.eu\/sportler\/#\/schema\/person\/98f79b69381628f9078a5fab8eac4811\",\"name\":\"sbinder\",\"image\":{\"@type\":\"ImageObject\",\"@id\":\"https:\/\/skimo.73.jarolim.eu\/sportler\/#personlogo\",\"inLanguage\":\"de\",\"url\":\"https:\/\/secure.gravatar.com\/avatar\/11f3623e7f24f658f1be6d4cb550331e?s=96&r=g\",\"contentUrl\":\"https:\/\/secure.gravatar.com\/avatar\/11f3623e7f24f658f1be6d4cb550331e?s=96&r=g\",\"caption\":\"sbinder\"},\"url\":\"https:\/\/www.skimo.at\/sportler\/author\/sbinder\/\"}]}<\/script>\n<!-- \/ Yoast SEO plugin. -->","_links":{"self":[{"href":"https:\/\/www.skimo.at\/sportler\/wp-json\/wp\/v2\/posts\/4331"}],"collection":[{"href":"https:\/\/www.skimo.at\/sportler\/wp-json\/wp\/v2\/posts"}],"about":[{"href":"https:\/\/www.skimo.at\/sportler\/wp-json\/wp\/v2\/types\/post"}],"author":[{"embeddable":true,"href":"https:\/\/www.skimo.at\/sportler\/wp-json\/wp\/v2\/users\/35"}],"replies":[{"embeddable":true,"href":"https:\/\/www.skimo.at\/sportler\/wp-json\/wp\/v2\/comments?post=4331"}],"version-history":[{"count":20,"href":"https:\/\/www.skimo.at\/sportler\/wp-json\/wp\/v2\/posts\/4331\/revisions"}],"predecessor-version":[{"id":4368,"href":"https:\/\/www.skimo.at\/sportler\/wp-json\/wp\/v2\/posts\/4331\/revisions\/4368"}],"wp:featuredmedia":[{"embeddable":true,"href":"https:\/\/www.skimo.at\/sportler\/wp-json\/wp\/v2\/media\/4345"}],"wp:attachment":[{"href":"https:\/\/www.skimo.at\/sportler\/wp-json\/wp\/v2\/media?parent=4331"}],"wp:term":[{"taxonomy":"category","embeddable":true,"href":"https:\/\/www.skimo.at\/sportler\/wp-json\/wp\/v2\/categories?post=4331"},{"taxonomy":"post_tag","embeddable":true,"href":"https:\/\/www.skimo.at\/sportler\/wp-json\/wp\/v2\/tags?post=4331"}],"curies":[{"name":"wp","href":"https:\/\/api.w.org\/{rel}","templated":true}]}}