{"id":4322,"date":"2016-01-15T16:43:52","date_gmt":"2016-01-15T14:43:52","guid":{"rendered":"http:\/\/www.skimo.at\/sportler\/?p=4322"},"modified":"2016-01-15T16:43:52","modified_gmt":"2016-01-15T14:43:52","slug":"aktuelle-infos-aus-andorra","status":"publish","type":"post","link":"https:\/\/www.skimo.at\/sportler\/4322\/aktuelle-infos-aus-andorra\/","title":{"rendered":"Aktuelle Infos aus Andorra"},"content":{"rendered":"<p>Ein Telefonat im Schneegest\u00f6ber hat uns grad \u00fcber den aktuellen Stand in Andorra informiert. Die Besichtigung der Wettkampfstrecke f\u00fcrs morgige Individualrennen ist abgeschlossen, fast alle Streckenteile konnten trotz Schneefall, b\u00f6igem Wind und wenig Sicht angeschaut werden. Der Schnee ist aber locker ausreichend und auch ganz gut.<\/p>\n<p>F\u00fcr morgen fr\u00fch ist ebenfalls schlechtes Wetter prognostiziert. Genauere Infos zur nun tats\u00e4chlich geplanten Strecke, Startzeiten (geplant 9:30)und zum in den Pyren\u00e4en unbest\u00e4ndigen Wetter gibt\u2019s beim Briefing nach der Er\u00f6ffnungszeremonie, die um 18:30 beginnt.<\/p>\n<p>Bekannt sind jedenfalls schon die Startlisten f\u00fcr morgen, wir h\u00e4ngen sie mal an.<\/p>\n<p>Am Abend gibt\u2019s dann noch einen Bildbericht von der heutigen Streckenbesichtigung und der Er\u00f6ffnungszeremonie.<\/p>\n","protected":false},"excerpt":{"rendered":"<p>Ein Telefonat im Schneegest\u00f6ber hat uns grad \u00fcber den aktuellen Stand in Andorra informiert. Die Besichtigung der Wettkampfstrecke f\u00fcrs morgige Individualrennen ist abgeschlossen, fast alle Streckenteile konnten trotz Schneefall, b\u00f6igem Wind und wenig Sicht angeschaut werden. Der Schnee ist aber locker ausreichend und auch ganz gut. F\u00fcr morgen fr\u00fch ist ebenfalls schlechtes Wetter prognostiziert. Genauere [&hellip;]<\/p>\n","protected":false},"author":3,"featured_media":4326,"comment_status":"closed","ping_status":"closed","sticky":false,"template":"","format":"standard","meta":[],"categories":[1,3],"tags":[],"yoast_head":"<!-- This site is optimized with the Yoast SEO plugin v16.3 - https:\/\/yoast.com\/wordpress\/plugins\/seo\/ -->\n<title>Aktuelle Infos aus Andorra - Sportler<\/title>\n<meta name=\"robots\" content=\"index, follow, max-snippet:-1, max-image-preview:large, max-video-preview:-1\" \/>\n<link rel=\"canonical\" href=\"https:\/\/www.skimo.at\/sportler\/4322\/aktuelle-infos-aus-andorra\/\" \/>\n<meta property=\"og:locale\" content=\"de_DE\" \/>\n<meta property=\"og:type\" content=\"article\" \/>\n<meta property=\"og:title\" content=\"Aktuelle Infos aus Andorra - Sportler\" \/>\n<meta property=\"og:description\" content=\"Ein Telefonat im Schneegest\u00f6ber hat uns grad \u00fcber den aktuellen Stand in Andorra informiert. Die Besichtigung der Wettkampfstrecke f\u00fcrs morgige Individualrennen ist abgeschlossen, fast alle Streckenteile konnten trotz Schneefall, b\u00f6igem Wind und wenig Sicht angeschaut werden. Der Schnee ist aber locker ausreichend und auch ganz gut. F\u00fcr morgen fr\u00fch ist ebenfalls schlechtes Wetter prognostiziert. Genauere [&hellip;]\" \/>\n<meta property=\"og:url\" content=\"https:\/\/www.skimo.at\/sportler\/4322\/aktuelle-infos-aus-andorra\/\" \/>\n<meta property=\"og:site_name\" content=\"Sportler\" \/>\n<meta property=\"article:published_time\" content=\"2016-01-15T14:43:52+00:00\" \/>\n<meta property=\"og:image\" content=\"https:\/\/skimo.73.jarolim.eu\/sportler\/files\/2016\/01\/Vorab-1-_-Bild-Simone-Binder.jpg\" \/>\n\t<meta property=\"og:image:width\" content=\"1600\" \/>\n\t<meta property=\"og:image:height\" content=\"1200\" \/>\n<meta name=\"twitter:card\" content=\"summary\" \/>\n<meta name=\"twitter:label1\" content=\"Gesch\u00e4tzte Lesezeit\">\n\t<meta name=\"twitter:data1\" content=\"1\u00a0Minute\">\n<script type=\"application\/ld+json\" class=\"yoast-schema-graph\">{\"@context\":\"https:\/\/schema.org\",\"@graph\":[{\"@type\":\"WebSite\",\"@id\":\"https:\/\/skimo.73.jarolim.eu\/sportler\/#website\",\"url\":\"https:\/\/skimo.73.jarolim.eu\/sportler\/\",\"name\":\"Sportler\",\"description\":\"\",\"potentialAction\":[{\"@type\":\"SearchAction\",\"target\":\"https:\/\/skimo.73.jarolim.eu\/sportler\/?s={search_term_string}\",\"query-input\":\"required name=search_term_string\"}],\"inLanguage\":\"de\"},{\"@type\":\"ImageObject\",\"@id\":\"https:\/\/www.skimo.at\/sportler\/4322\/aktuelle-infos-aus-andorra\/#primaryimage\",\"inLanguage\":\"de\",\"url\":\"https:\/\/www.skimo.at\/sportler\/files\/2016\/01\/Vorab-1-_-Bild-Simone-Binder.jpg\",\"contentUrl\":\"https:\/\/www.skimo.at\/sportler\/files\/2016\/01\/Vorab-1-_-Bild-Simone-Binder.jpg\",\"width\":1600,\"height\":1200},{\"@type\":\"WebPage\",\"@id\":\"https:\/\/www.skimo.at\/sportler\/4322\/aktuelle-infos-aus-andorra\/#webpage\",\"url\":\"https:\/\/www.skimo.at\/sportler\/4322\/aktuelle-infos-aus-andorra\/\",\"name\":\"Aktuelle Infos aus Andorra - Sportler\",\"isPartOf\":{\"@id\":\"https:\/\/skimo.73.jarolim.eu\/sportler\/#website\"},\"primaryImageOfPage\":{\"@id\":\"https:\/\/www.skimo.at\/sportler\/4322\/aktuelle-infos-aus-andorra\/#primaryimage\"},\"datePublished\":\"2016-01-15T14:43:52+00:00\",\"dateModified\":\"2016-01-15T14:43:52+00:00\",\"author\":{\"@id\":\"https:\/\/skimo.73.jarolim.eu\/sportler\/#\/schema\/person\/796ecbce6796efca58bf848ca63ec12c\"},\"breadcrumb\":{\"@id\":\"https:\/\/www.skimo.at\/sportler\/4322\/aktuelle-infos-aus-andorra\/#breadcrumb\"},\"inLanguage\":\"de\",\"potentialAction\":[{\"@type\":\"ReadAction\",\"target\":[\"https:\/\/www.skimo.at\/sportler\/4322\/aktuelle-infos-aus-andorra\/\"]}]},{\"@type\":\"BreadcrumbList\",\"@id\":\"https:\/\/www.skimo.at\/sportler\/4322\/aktuelle-infos-aus-andorra\/#breadcrumb\",\"itemListElement\":[{\"@type\":\"ListItem\",\"position\":1,\"item\":{\"@type\":\"WebPage\",\"@id\":\"https:\/\/skimo.73.jarolim.eu\/sportler\/\",\"url\":\"https:\/\/skimo.73.jarolim.eu\/sportler\/\",\"name\":\"Home\"}},{\"@type\":\"ListItem\",\"position\":2,\"item\":{\"@id\":\"https:\/\/www.skimo.at\/sportler\/4322\/aktuelle-infos-aus-andorra\/#webpage\"}}]},{\"@type\":\"Person\",\"@id\":\"https:\/\/skimo.73.jarolim.eu\/sportler\/#\/schema\/person\/796ecbce6796efca58bf848ca63ec12c\",\"name\":\"kposch\",\"image\":{\"@type\":\"ImageObject\",\"@id\":\"https:\/\/skimo.73.jarolim.eu\/sportler\/#personlogo\",\"inLanguage\":\"de\",\"url\":\"https:\/\/secure.gravatar.com\/avatar\/e9f5f28da60e5e563d3f4d3cc0b9b425?s=96&r=g\",\"contentUrl\":\"https:\/\/secure.gravatar.com\/avatar\/e9f5f28da60e5e563d3f4d3cc0b9b425?s=96&r=g\",\"caption\":\"kposch\"},\"url\":\"https:\/\/www.skimo.at\/sportler\/author\/kposch\/\"}]}<\/script>\n<!-- \/ Yoast SEO plugin. -->","_links":{"self":[{"href":"https:\/\/www.skimo.at\/sportler\/wp-json\/wp\/v2\/posts\/4322"}],"collection":[{"href":"https:\/\/www.skimo.at\/sportler\/wp-json\/wp\/v2\/posts"}],"about":[{"href":"https:\/\/www.skimo.at\/sportler\/wp-json\/wp\/v2\/types\/post"}],"author":[{"embeddable":true,"href":"https:\/\/www.skimo.at\/sportler\/wp-json\/wp\/v2\/users\/3"}],"replies":[{"embeddable":true,"href":"https:\/\/www.skimo.at\/sportler\/wp-json\/wp\/v2\/comments?post=4322"}],"version-history":[{"count":1,"href":"https:\/\/www.skimo.at\/sportler\/wp-json\/wp\/v2\/posts\/4322\/revisions"}],"predecessor-version":[{"id":4327,"href":"https:\/\/www.skimo.at\/sportler\/wp-json\/wp\/v2\/posts\/4322\/revisions\/4327"}],"wp:featuredmedia":[{"embeddable":true,"href":"https:\/\/www.skimo.at\/sportler\/wp-json\/wp\/v2\/media\/4326"}],"wp:attachment":[{"href":"https:\/\/www.skimo.at\/sportler\/wp-json\/wp\/v2\/media?parent=4322"}],"wp:term":[{"taxonomy":"category","embeddable":true,"href":"https:\/\/www.skimo.at\/sportler\/wp-json\/wp\/v2\/categories?post=4322"},{"taxonomy":"post_tag","embeddable":true,"href":"https:\/\/www.skimo.at\/sportler\/wp-json\/wp\/v2\/tags?post=4322"}],"curies":[{"name":"wp","href":"https:\/\/api.w.org\/{rel}","templated":true}]}}