{"id":4301,"date":"2016-01-14T22:24:10","date_gmt":"2016-01-14T20:24:10","guid":{"rendered":"http:\/\/www.skimo.at\/sportler\/?p=4301"},"modified":"2016-01-15T17:11:25","modified_gmt":"2016-01-15T15:11:25","slug":"weltcupauftakt-in-font-blanca-and-tag-1-anreise","status":"publish","type":"post","link":"https:\/\/www.skimo.at\/sportler\/4301\/weltcupauftakt-in-font-blanca-and-tag-1-anreise\/","title":{"rendered":"Weltcupauftakt in Font Blanca (AND) \u2013 Tag 1: Anreise"},"content":{"rendered":"<p>Acht \u00d6SV Athleten und vier Betreuer (Headcoach, Physiotherapeut, Fotograf und Pressebetreuung) traten heute fr\u00fchmorgens\u00a0die Reise nach Andorra an. Nach den ersten erfolgreich absolvierten \u00d6sterreichischen Meisterschaften und heimischen Rennen, startet der Weltcup-Zirkus im Skibergsteigen in Font Blanca, im sch\u00f6nen Pyren\u00e4enstaat Andorra.<\/p>\n<p><!--more--><\/p>\n<h2><b>Der fr\u00fche Vogel f\u00e4ngt den Wurm &#8230;<\/b><\/h2>\n<p>&#8230; oder hat der fr\u00fche Wurm einen Vogel? So genau konnte das nicht gekl\u00e4rt werden, aber eines ist Fakt: wer bei der Weltspitze dabei sein will, muss fr\u00fch aus den Federn! So auch unsere \u00d6SV Nationalmannschaft, die heute nach Andorra zum ersten Weltcup der Saison gestartet ist. F\u00fcr unsere K\u00e4rntner und Steirer hat der Wecker sogar schon um 03:00 Uhr Fr\u00fch gel\u00e4utet. Dennoch hatten beim Treffpunkt am M\u00fcnchner Flughafen alle Athleten ein frisches\u00a0L\u00e4cheln im Gesicht und nahmen die Strapazen gelassen und routiniert \u2013 waren die meisten doch schon mehrmals beim Weltcup in Andorra dabei. Neuzugang Stefan Fuchs gesteht bei der Abreise, dass er doch etwas nerv\u00f6s ist, da er noch nicht wei\u00df, was ihn bei seinem ersten Welctup Rennen in Andorra alles erwartet.<\/p>\n<h2><b>Bienvenidos in Barcelona<\/b><\/h2>\n<p>Der Flug nach Barcelona verging sehr schnell. Kein Wunder, denn bereits in M\u00fcnchen traf man zuf\u00e4llig die deutschen Kollegen im Skibergsteigen. Mit dabei, der international bekannte Toni Palzer, der bereits beim Starten mit seinem bayrischen Dialekt und seinem sympathischen Lachen gute Laune im Flieger verbreitete und viel zu erz\u00e4hlen wusste. In Barcelona angekommen, gleich die erste Herausforderung: Markus&#8216; Massagetisch wurde am M\u00fcnchner Flughafen nicht in den Flieger verladen. Nun hei\u00dft es zittern, ob dieser tats\u00e4chlich noch nachgeliefert wird. Aber der Physio ist spontan und meinte scherzhaft, dass er die Athleten einfach auf einem Biertisch massiert.<\/p>\n<h2><b>Spanische Paella ist nicht Jedermanns Geschmack<\/b><\/h2>\n<p><img loading=\"lazy\" class=\"alignleft wp-image-4328\" src=\"http:\/\/www.skimo.at\/sportler\/files\/2016\/01\/WC-Andorra-2016_-07-_Anreise-Foto_Simone-Binder-LR-1024x768.jpg\" alt=\"WC Andorra 2016_ 07 _Anreise Foto_Simone Binder LR\" width=\"600\" height=\"450\" srcset=\"https:\/\/www.skimo.at\/sportler\/files\/2016\/01\/WC-Andorra-2016_-07-_Anreise-Foto_Simone-Binder-LR-1024x768.jpg 1024w, https:\/\/www.skimo.at\/sportler\/files\/2016\/01\/WC-Andorra-2016_-07-_Anreise-Foto_Simone-Binder-LR-300x225.jpg 300w, https:\/\/www.skimo.at\/sportler\/files\/2016\/01\/WC-Andorra-2016_-07-_Anreise-Foto_Simone-Binder-LR-768x576.jpg 768w, https:\/\/www.skimo.at\/sportler\/files\/2016\/01\/WC-Andorra-2016_-07-_Anreise-Foto_Simone-Binder-LR-1224x918.jpg 1224w, https:\/\/www.skimo.at\/sportler\/files\/2016\/01\/WC-Andorra-2016_-07-_Anreise-Foto_Simone-Binder-LR-970x728.jpg 970w, https:\/\/www.skimo.at\/sportler\/files\/2016\/01\/WC-Andorra-2016_-07-_Anreise-Foto_Simone-Binder-LR-554x416.jpg 554w, https:\/\/www.skimo.at\/sportler\/files\/2016\/01\/WC-Andorra-2016_-07-_Anreise-Foto_Simone-Binder-LR-124x93.jpg 124w, https:\/\/www.skimo.at\/sportler\/files\/2016\/01\/WC-Andorra-2016_-07-_Anreise-Foto_Simone-Binder-LR.jpg 1600w\" sizes=\"(max-width: 600px) 100vw, 600px\" \/><\/p>\n<p>Nach langem Warten ging die Reise von Barcelona mit dem Mietauto Richtung Andorra weiter. Auf Grund der vielen bedrohlich knurrenden M\u00e4gen, legte das Team einen Zwischenstopp in einem kleinen D\u00f6rfchen ein. Motiviert versuchte\u00a0der Kellner auf Spanisch das 4-g\u00e4ngige Tagesmen\u00fc zu erkl\u00e4ren. Auch die fantasievolle, englische Beschreibung eines zu Hilfe eilenden Gastes, schaffte nur wenig Klarheit \u00fcber die Gerichte. Da kann es dann schon einmal vorkommen, dass man statt einer bestellten\u00a0\u201eTomatensuppe\u201c einen kalten Tomatensaft als ersten Gang serviert bekommt. Auch\u00a0die weiteren G\u00e4nge sorgten f\u00fcr jede Menge \u00dcberraschungen, herzhaftes Lachen bei den Athleten und waren nicht Jedermanns Geschmack.<\/p>\n<h2><b>Ankunft in Ordino<\/b><\/h2>\n<p>Nach einer langen Anreise (zwischen 12 und 15 Stunden, je nach Wohnort) waren alle \u00fcbergl\u00fccklich, als von der Ferne endlich das Hotel auf der Anh\u00f6he\u00a0in Ordino, einer kleinen Gemeinde am Fu\u00dfe des Pic de Casamanya, zu sehen war.\u00a0Auch wenn der Tag lang war, die Stimmung im Nationalkader ist bestens und auch der Spa\u00df kommt nicht zu kurz, wie auf dem ein oder anderen Foto zu sehen ist.<\/p>\n<p><a href=\"http:\/\/www.skimo.at\/sportler\/4301\/weltcupauftakt-in-font-blanca-and-tag-1-anreise\/wc-andorra-2016_-08-_anreise-foto_daniel-zugg_lr\/\" rel=\"attachment wp-att-4329\"><img loading=\"lazy\" class=\"alignleft wp-image-4329\" src=\"http:\/\/www.skimo.at\/sportler\/files\/2016\/01\/WC-Andorra-2016_-08-_Anreise-Foto_Daniel-Zugg_LR-1024x576.jpg\" alt=\"WC Andorra 2016_ 08 _Anreise Foto_Daniel Zugg_LR\" width=\"600\" height=\"338\" srcset=\"https:\/\/www.skimo.at\/sportler\/files\/2016\/01\/WC-Andorra-2016_-08-_Anreise-Foto_Daniel-Zugg_LR-1024x576.jpg 1024w, https:\/\/www.skimo.at\/sportler\/files\/2016\/01\/WC-Andorra-2016_-08-_Anreise-Foto_Daniel-Zugg_LR-300x169.jpg 300w, https:\/\/www.skimo.at\/sportler\/files\/2016\/01\/WC-Andorra-2016_-08-_Anreise-Foto_Daniel-Zugg_LR-768x432.jpg 768w, https:\/\/www.skimo.at\/sportler\/files\/2016\/01\/WC-Andorra-2016_-08-_Anreise-Foto_Daniel-Zugg_LR-1224x689.jpg 1224w, https:\/\/www.skimo.at\/sportler\/files\/2016\/01\/WC-Andorra-2016_-08-_Anreise-Foto_Daniel-Zugg_LR-970x546.jpg 970w, https:\/\/www.skimo.at\/sportler\/files\/2016\/01\/WC-Andorra-2016_-08-_Anreise-Foto_Daniel-Zugg_LR-554x312.jpg 554w, https:\/\/www.skimo.at\/sportler\/files\/2016\/01\/WC-Andorra-2016_-08-_Anreise-Foto_Daniel-Zugg_LR-165x93.jpg 165w, https:\/\/www.skimo.at\/sportler\/files\/2016\/01\/WC-Andorra-2016_-08-_Anreise-Foto_Daniel-Zugg_LR.jpg 1600w\" sizes=\"(max-width: 600px) 100vw, 600px\" \/><\/a><\/p>\n<h2>Morgen geht&#8217;s in Gel\u00e4nde<\/h2>\n<p>F\u00fcr morgen Freitag steht f\u00fcr das gesamte Team die Besichtigung der Individual-Wettkampfstrecke f\u00fcr Samstag auf dem Programm. Alle sind gespannt, ob es denn auf der H\u00f6h tats\u00e4chlich ausreichend guten Schnee gibt. Wir werden hier morgen Abend wieder berichten!<\/p>\n","protected":false},"excerpt":{"rendered":"<p>Acht \u00d6SV Athleten und vier Betreuer (Headcoach, Physiotherapeut, Fotograf und Pressebetreuung) traten heute fr\u00fchmorgens\u00a0die Reise nach Andorra an. Nach den ersten erfolgreich absolvierten \u00d6sterreichischen Meisterschaften und heimischen Rennen, startet der Weltcup-Zirkus im Skibergsteigen in Font Blanca, im sch\u00f6nen Pyren\u00e4enstaat Andorra.<\/p>\n","protected":false},"author":35,"featured_media":4303,"comment_status":"closed","ping_status":"closed","sticky":false,"template":"","format":"standard","meta":[],"categories":[1,3,7],"tags":[164,165,12],"yoast_head":"<!-- This site is optimized with the Yoast SEO plugin v16.3 - https:\/\/yoast.com\/wordpress\/plugins\/seo\/ -->\n<title>Weltcupauftakt in Font Blanca (AND) \u2013 Tag 1: Anreise - Sportler<\/title>\n<meta name=\"robots\" content=\"index, follow, max-snippet:-1, max-image-preview:large, max-video-preview:-1\" \/>\n<link rel=\"canonical\" href=\"https:\/\/www.skimo.at\/sportler\/4301\/weltcupauftakt-in-font-blanca-and-tag-1-anreise\/\" \/>\n<meta property=\"og:locale\" content=\"de_DE\" \/>\n<meta property=\"og:type\" content=\"article\" \/>\n<meta property=\"og:title\" content=\"Weltcupauftakt in Font Blanca (AND) \u2013 Tag 1: Anreise - Sportler\" \/>\n<meta property=\"og:description\" content=\"Acht \u00d6SV Athleten und vier Betreuer (Headcoach, Physiotherapeut, Fotograf und Pressebetreuung) traten heute fr\u00fchmorgens\u00a0die Reise nach Andorra an. Nach den ersten erfolgreich absolvierten \u00d6sterreichischen Meisterschaften und heimischen Rennen, startet der Weltcup-Zirkus im Skibergsteigen in Font Blanca, im sch\u00f6nen Pyren\u00e4enstaat Andorra.\" \/>\n<meta property=\"og:url\" content=\"https:\/\/www.skimo.at\/sportler\/4301\/weltcupauftakt-in-font-blanca-and-tag-1-anreise\/\" \/>\n<meta property=\"og:site_name\" content=\"Sportler\" \/>\n<meta property=\"article:published_time\" content=\"2016-01-14T20:24:10+00:00\" \/>\n<meta property=\"article:modified_time\" content=\"2016-01-15T15:11:25+00:00\" \/>\n<meta property=\"og:image\" content=\"https:\/\/skimo.73.jarolim.eu\/sportler\/files\/2016\/01\/WC-Andorra-2016_-01-_Anreise-Foto_Willi-Seebacher-LR.jpg\" \/>\n\t<meta property=\"og:image:width\" content=\"1772\" \/>\n\t<meta property=\"og:image:height\" content=\"1181\" \/>\n<meta name=\"twitter:card\" content=\"summary\" \/>\n<meta name=\"twitter:label1\" content=\"Gesch\u00e4tzte Lesezeit\">\n\t<meta name=\"twitter:data1\" content=\"3\u00a0Minuten\">\n<script type=\"application\/ld+json\" class=\"yoast-schema-graph\">{\"@context\":\"https:\/\/schema.org\",\"@graph\":[{\"@type\":\"WebSite\",\"@id\":\"https:\/\/skimo.73.jarolim.eu\/sportler\/#website\",\"url\":\"https:\/\/skimo.73.jarolim.eu\/sportler\/\",\"name\":\"Sportler\",\"description\":\"\",\"potentialAction\":[{\"@type\":\"SearchAction\",\"target\":\"https:\/\/skimo.73.jarolim.eu\/sportler\/?s={search_term_string}\",\"query-input\":\"required name=search_term_string\"}],\"inLanguage\":\"de\"},{\"@type\":\"ImageObject\",\"@id\":\"https:\/\/www.skimo.at\/sportler\/4301\/weltcupauftakt-in-font-blanca-and-tag-1-anreise\/#primaryimage\",\"inLanguage\":\"de\",\"url\":\"https:\/\/www.skimo.at\/sportler\/files\/2016\/01\/WC-Andorra-2016_-01-_Anreise-Foto_Willi-Seebacher-LR.jpg\",\"contentUrl\":\"https:\/\/www.skimo.at\/sportler\/files\/2016\/01\/WC-Andorra-2016_-01-_Anreise-Foto_Willi-Seebacher-LR.jpg\",\"width\":1772,\"height\":1181},{\"@type\":\"WebPage\",\"@id\":\"https:\/\/www.skimo.at\/sportler\/4301\/weltcupauftakt-in-font-blanca-and-tag-1-anreise\/#webpage\",\"url\":\"https:\/\/www.skimo.at\/sportler\/4301\/weltcupauftakt-in-font-blanca-and-tag-1-anreise\/\",\"name\":\"Weltcupauftakt in Font Blanca (AND) \\u2013 Tag 1: Anreise - Sportler\",\"isPartOf\":{\"@id\":\"https:\/\/skimo.73.jarolim.eu\/sportler\/#website\"},\"primaryImageOfPage\":{\"@id\":\"https:\/\/www.skimo.at\/sportler\/4301\/weltcupauftakt-in-font-blanca-and-tag-1-anreise\/#primaryimage\"},\"datePublished\":\"2016-01-14T20:24:10+00:00\",\"dateModified\":\"2016-01-15T15:11:25+00:00\",\"author\":{\"@id\":\"https:\/\/skimo.73.jarolim.eu\/sportler\/#\/schema\/person\/98f79b69381628f9078a5fab8eac4811\"},\"breadcrumb\":{\"@id\":\"https:\/\/www.skimo.at\/sportler\/4301\/weltcupauftakt-in-font-blanca-and-tag-1-anreise\/#breadcrumb\"},\"inLanguage\":\"de\",\"potentialAction\":[{\"@type\":\"ReadAction\",\"target\":[\"https:\/\/www.skimo.at\/sportler\/4301\/weltcupauftakt-in-font-blanca-and-tag-1-anreise\/\"]}]},{\"@type\":\"BreadcrumbList\",\"@id\":\"https:\/\/www.skimo.at\/sportler\/4301\/weltcupauftakt-in-font-blanca-and-tag-1-anreise\/#breadcrumb\",\"itemListElement\":[{\"@type\":\"ListItem\",\"position\":1,\"item\":{\"@type\":\"WebPage\",\"@id\":\"https:\/\/skimo.73.jarolim.eu\/sportler\/\",\"url\":\"https:\/\/skimo.73.jarolim.eu\/sportler\/\",\"name\":\"Home\"}},{\"@type\":\"ListItem\",\"position\":2,\"item\":{\"@id\":\"https:\/\/www.skimo.at\/sportler\/4301\/weltcupauftakt-in-font-blanca-and-tag-1-anreise\/#webpage\"}}]},{\"@type\":\"Person\",\"@id\":\"https:\/\/skimo.73.jarolim.eu\/sportler\/#\/schema\/person\/98f79b69381628f9078a5fab8eac4811\",\"name\":\"sbinder\",\"image\":{\"@type\":\"ImageObject\",\"@id\":\"https:\/\/skimo.73.jarolim.eu\/sportler\/#personlogo\",\"inLanguage\":\"de\",\"url\":\"https:\/\/secure.gravatar.com\/avatar\/11f3623e7f24f658f1be6d4cb550331e?s=96&r=g\",\"contentUrl\":\"https:\/\/secure.gravatar.com\/avatar\/11f3623e7f24f658f1be6d4cb550331e?s=96&r=g\",\"caption\":\"sbinder\"},\"url\":\"https:\/\/www.skimo.at\/sportler\/author\/sbinder\/\"}]}<\/script>\n<!-- \/ Yoast SEO plugin. -->","_links":{"self":[{"href":"https:\/\/www.skimo.at\/sportler\/wp-json\/wp\/v2\/posts\/4301"}],"collection":[{"href":"https:\/\/www.skimo.at\/sportler\/wp-json\/wp\/v2\/posts"}],"about":[{"href":"https:\/\/www.skimo.at\/sportler\/wp-json\/wp\/v2\/types\/post"}],"author":[{"embeddable":true,"href":"https:\/\/www.skimo.at\/sportler\/wp-json\/wp\/v2\/users\/35"}],"replies":[{"embeddable":true,"href":"https:\/\/www.skimo.at\/sportler\/wp-json\/wp\/v2\/comments?post=4301"}],"version-history":[{"count":14,"href":"https:\/\/www.skimo.at\/sportler\/wp-json\/wp\/v2\/posts\/4301\/revisions"}],"predecessor-version":[{"id":4330,"href":"https:\/\/www.skimo.at\/sportler\/wp-json\/wp\/v2\/posts\/4301\/revisions\/4330"}],"wp:featuredmedia":[{"embeddable":true,"href":"https:\/\/www.skimo.at\/sportler\/wp-json\/wp\/v2\/media\/4303"}],"wp:attachment":[{"href":"https:\/\/www.skimo.at\/sportler\/wp-json\/wp\/v2\/media?parent=4301"}],"wp:term":[{"taxonomy":"category","embeddable":true,"href":"https:\/\/www.skimo.at\/sportler\/wp-json\/wp\/v2\/categories?post=4301"},{"taxonomy":"post_tag","embeddable":true,"href":"https:\/\/www.skimo.at\/sportler\/wp-json\/wp\/v2\/tags?post=4301"}],"curies":[{"name":"wp","href":"https:\/\/api.w.org\/{rel}","templated":true}]}}