{"id":4285,"date":"2016-01-14T00:14:46","date_gmt":"2016-01-13T22:14:46","guid":{"rendered":"http:\/\/www.skimo.at\/sportler\/?p=4285"},"modified":"2016-12-05T20:23:52","modified_gmt":"2016-12-05T18:23:52","slug":"stefan-fuchs","status":"publish","type":"post","link":"https:\/\/www.skimo.at\/sportler\/4285\/stefan-fuchs\/","title":{"rendered":"Fuchs Stefan"},"content":{"rendered":"<h2>FUCHS\u00a0Stefan<\/h2>\n<table style=\"height: 143px\" width=\"356\">\n<tbody>\n<tr>\n<td><strong>Ort:<\/strong><\/td>\n<td>Itter\/Tirol<\/td>\n<\/tr>\n<tr>\n<td><strong>Jahrgang:<\/strong><\/td>\n<td>1996<\/td>\n<\/tr>\n<tr>\n<td><strong>Klasse:<\/strong><\/td>\n<td>Espoir<\/td>\n<\/tr>\n<tr>\n<td><strong>Kader:<\/strong><\/td>\n<td>B-Kader<\/td>\n<\/tr>\n<tr>\n<td><strong>Ski:<\/strong><\/td>\n<td>Dynafit<\/td>\n<\/tr>\n<tr>\n<td><strong>Schuh:<\/strong><\/td>\n<td>Dynafit<\/td>\n<\/tr>\n<tr>\n<td><strong>Bekleidung:<\/strong><\/td>\n<td>Dynafit<\/td>\n<\/tr>\n<tr>\n<td><strong>Im Nationalteam seit:<\/strong><\/td>\n<td>2016<\/td>\n<\/tr>\n<\/tbody>\n<\/table>\n<p>&nbsp;<\/p>\n<h2><\/h2>\n<h2>Erfolge:<\/h2>\n<div><strong>2016<\/strong><\/div>\n<div>Internationale Erfolge:<br \/>\n5. Rang Weltcup Vertical Mondol\u00e8 (ITA), Klasse Junior<br \/>\n8. Rang Weltcup Vertical Gesamtwertung, Klasse Junior<br \/>\n9. Rang Weltcup Individual Font Blanca\u00a0(AND), Klasse Junior<br \/>\n12. Rang Weltcup Individual Mondol\u00e8 (ITA), Klasse Junior<br \/>\n17. Rang Weltcup Sprint Mondol\u00e8 (ITA), Klasse Junior<\/p>\n<div>Nationale Erfolge:<br \/>\n1. Rang\u00a0STM\u00a0Sprint Sch\u00f6nleiten Trophy, Staatsmeister Junioren<br \/>\n1. Rang\u00a0STM Vertical Speckjagern, Staatsmeister Junioren<\/p>\n<h2>\u00dcber mich:<\/h2>\n<p>Meine sportliche Laufbahn begann 2009, wo ich zun\u00e4chst \u00fcber Umwege unserem \u00f6rtlichen Laufverein (LG-Decker Itter) beitrat und vor allem an Wettk\u00e4mpfen in der Leichtathletik (Berg-, Stra\u00dfen-, und Bahnlauf) teilnahm. Bis Mitte 2011 konnte ich dabei recht gute Ergebnisse auf nationaler Ebene, sprich Podestpl\u00e4tze bei \u00d6sterreichischen Meisterschaften in den Nachwuchsklassen erzielen.<\/p>\n<p>Diese fr\u00fchen sportlichen Ambitionen wurden jedoch aprupt beendet, als ich 2011 v\u00f6llig unerwartet an einer langwierigen und lange unerkl\u00e4rbaren Knieverletzung laborierte. Diese gesundheit-lichen Probleme, die mich bis Ende 2014 begleiten sollten, machten nicht nur alle sportlichen Ambitionen zunichte, sondern schr\u00e4nkten mich auch im Alltag teilweise ein. Erst mit der Hilfe eines Heilpraktikers aus\u00a0St. Johann i. T. gelang es mir, mein sportliches und gesundheitliches Comeback zu schaffen. So nahm ich Anfang 2015 bei meinen ersten Skitourenrennen teil und erkannte bald, dass mir diese Sportart nicht nur Spa\u00df machte, sondern auch aufgrund meiner k\u00f6rperlichen Konstituition entgegenkommt. Der Anschluss in den &#8222;SV Cross the Alps S\u00f6ll&#8220; war die Folge.<\/p>\n<p>Mit Bergl\u00e4ufen im Sommer und gezieltem Skitourentraining ab November bereitete ich mich 2015\u00a0auf meine erste &#8222;richtige&#8220; Skitouren-Rennsaison vor und bin froh den Sprung in den Anschlusskader des Nationalteams geschafft zu haben. Ich werde mein Bestes geben, um auch im WC eine gute Platzierung zu erreichen.<\/p>\n<h2>Kontakt:<\/h2>\n<p>Mail: <a href=\"mailto:stefan.fuchs4@gmx.net\">stefan.fuchs4@gmx.net<\/a><\/p>\n<\/div>\n<\/div>\n","protected":false},"excerpt":{"rendered":"<p>FUCHS\u00a0Stefan Ort: Itter\/Tirol Jahrgang: 1996 Klasse: Espoir Kader: B-Kader Ski: Dynafit Schuh: Dynafit Bekleidung: Dynafit Im Nationalteam seit: 2016 &nbsp; Erfolge: 2016 Internationale Erfolge: 5. Rang Weltcup Vertical Mondol\u00e8 (ITA), Klasse Junior 8. Rang Weltcup Vertical Gesamtwertung, Klasse Junior 9. Rang Weltcup Individual Font Blanca\u00a0(AND), Klasse Junior 12. Rang Weltcup Individual Mondol\u00e8 (ITA), Klasse Junior [&hellip;]<\/p>\n","protected":false},"author":35,"featured_media":6189,"comment_status":"closed","ping_status":"closed","sticky":false,"template":"","format":"standard","meta":[],"categories":[4],"tags":[123,163],"yoast_head":"<!-- This site is optimized with the Yoast SEO plugin v16.3 - https:\/\/yoast.com\/wordpress\/plugins\/seo\/ -->\n<title>Fuchs Stefan - Sportler<\/title>\n<meta name=\"robots\" content=\"index, follow, max-snippet:-1, max-image-preview:large, max-video-preview:-1\" \/>\n<link rel=\"canonical\" href=\"https:\/\/www.skimo.at\/sportler\/4285\/stefan-fuchs\/\" \/>\n<meta property=\"og:locale\" content=\"de_DE\" \/>\n<meta property=\"og:type\" content=\"article\" \/>\n<meta property=\"og:title\" content=\"Fuchs Stefan - Sportler\" \/>\n<meta property=\"og:description\" content=\"FUCHS\u00a0Stefan Ort: Itter\/Tirol Jahrgang: 1996 Klasse: Espoir Kader: B-Kader Ski: Dynafit Schuh: Dynafit Bekleidung: Dynafit Im Nationalteam seit: 2016 &nbsp; Erfolge: 2016 Internationale Erfolge: 5. Rang Weltcup Vertical Mondol\u00e8 (ITA), Klasse Junior 8. Rang Weltcup Vertical Gesamtwertung, Klasse Junior 9. Rang Weltcup Individual Font Blanca\u00a0(AND), Klasse Junior 12. Rang Weltcup Individual Mondol\u00e8 (ITA), Klasse Junior [&hellip;]\" \/>\n<meta property=\"og:url\" content=\"https:\/\/www.skimo.at\/sportler\/4285\/stefan-fuchs\/\" \/>\n<meta property=\"og:site_name\" content=\"Sportler\" \/>\n<meta property=\"article:published_time\" content=\"2016-01-13T22:14:46+00:00\" \/>\n<meta property=\"article:modified_time\" content=\"2016-12-05T18:23:52+00:00\" \/>\n<meta property=\"og:image\" content=\"https:\/\/skimo.73.jarolim.eu\/sportler\/files\/2016\/01\/\u00d6SV-Nationalkader-2017-_-Stefan-Fuchs-3-_-Bild-Karl-Posch-_-LR.jpg\" \/>\n\t<meta property=\"og:image:width\" content=\"1800\" \/>\n\t<meta property=\"og:image:height\" content=\"1800\" \/>\n<meta name=\"twitter:card\" content=\"summary\" \/>\n<meta name=\"twitter:label1\" content=\"Gesch\u00e4tzte Lesezeit\">\n\t<meta name=\"twitter:data1\" content=\"1\u00a0Minute\">\n<script type=\"application\/ld+json\" class=\"yoast-schema-graph\">{\"@context\":\"https:\/\/schema.org\",\"@graph\":[{\"@type\":\"WebSite\",\"@id\":\"https:\/\/skimo.73.jarolim.eu\/sportler\/#website\",\"url\":\"https:\/\/skimo.73.jarolim.eu\/sportler\/\",\"name\":\"Sportler\",\"description\":\"\",\"potentialAction\":[{\"@type\":\"SearchAction\",\"target\":\"https:\/\/skimo.73.jarolim.eu\/sportler\/?s={search_term_string}\",\"query-input\":\"required name=search_term_string\"}],\"inLanguage\":\"de\"},{\"@type\":\"ImageObject\",\"@id\":\"https:\/\/www.skimo.at\/sportler\/4285\/stefan-fuchs\/#primaryimage\",\"inLanguage\":\"de\",\"url\":\"https:\/\/www.skimo.at\/sportler\/files\/2016\/01\/\\u00d6SV-Nationalkader-2017-_-Stefan-Fuchs-3-_-Bild-Karl-Posch-_-LR.jpg\",\"contentUrl\":\"https:\/\/www.skimo.at\/sportler\/files\/2016\/01\/\\u00d6SV-Nationalkader-2017-_-Stefan-Fuchs-3-_-Bild-Karl-Posch-_-LR.jpg\",\"width\":1800,\"height\":1800},{\"@type\":\"WebPage\",\"@id\":\"https:\/\/www.skimo.at\/sportler\/4285\/stefan-fuchs\/#webpage\",\"url\":\"https:\/\/www.skimo.at\/sportler\/4285\/stefan-fuchs\/\",\"name\":\"Fuchs Stefan - Sportler\",\"isPartOf\":{\"@id\":\"https:\/\/skimo.73.jarolim.eu\/sportler\/#website\"},\"primaryImageOfPage\":{\"@id\":\"https:\/\/www.skimo.at\/sportler\/4285\/stefan-fuchs\/#primaryimage\"},\"datePublished\":\"2016-01-13T22:14:46+00:00\",\"dateModified\":\"2016-12-05T18:23:52+00:00\",\"author\":{\"@id\":\"https:\/\/skimo.73.jarolim.eu\/sportler\/#\/schema\/person\/98f79b69381628f9078a5fab8eac4811\"},\"breadcrumb\":{\"@id\":\"https:\/\/www.skimo.at\/sportler\/4285\/stefan-fuchs\/#breadcrumb\"},\"inLanguage\":\"de\",\"potentialAction\":[{\"@type\":\"ReadAction\",\"target\":[\"https:\/\/www.skimo.at\/sportler\/4285\/stefan-fuchs\/\"]}]},{\"@type\":\"BreadcrumbList\",\"@id\":\"https:\/\/www.skimo.at\/sportler\/4285\/stefan-fuchs\/#breadcrumb\",\"itemListElement\":[{\"@type\":\"ListItem\",\"position\":1,\"item\":{\"@type\":\"WebPage\",\"@id\":\"https:\/\/skimo.73.jarolim.eu\/sportler\/\",\"url\":\"https:\/\/skimo.73.jarolim.eu\/sportler\/\",\"name\":\"Home\"}},{\"@type\":\"ListItem\",\"position\":2,\"item\":{\"@id\":\"https:\/\/www.skimo.at\/sportler\/4285\/stefan-fuchs\/#webpage\"}}]},{\"@type\":\"Person\",\"@id\":\"https:\/\/skimo.73.jarolim.eu\/sportler\/#\/schema\/person\/98f79b69381628f9078a5fab8eac4811\",\"name\":\"sbinder\",\"image\":{\"@type\":\"ImageObject\",\"@id\":\"https:\/\/skimo.73.jarolim.eu\/sportler\/#personlogo\",\"inLanguage\":\"de\",\"url\":\"https:\/\/secure.gravatar.com\/avatar\/11f3623e7f24f658f1be6d4cb550331e?s=96&r=g\",\"contentUrl\":\"https:\/\/secure.gravatar.com\/avatar\/11f3623e7f24f658f1be6d4cb550331e?s=96&r=g\",\"caption\":\"sbinder\"},\"url\":\"https:\/\/www.skimo.at\/sportler\/author\/sbinder\/\"}]}<\/script>\n<!-- \/ Yoast SEO plugin. -->","_links":{"self":[{"href":"https:\/\/www.skimo.at\/sportler\/wp-json\/wp\/v2\/posts\/4285"}],"collection":[{"href":"https:\/\/www.skimo.at\/sportler\/wp-json\/wp\/v2\/posts"}],"about":[{"href":"https:\/\/www.skimo.at\/sportler\/wp-json\/wp\/v2\/types\/post"}],"author":[{"embeddable":true,"href":"https:\/\/www.skimo.at\/sportler\/wp-json\/wp\/v2\/users\/35"}],"replies":[{"embeddable":true,"href":"https:\/\/www.skimo.at\/sportler\/wp-json\/wp\/v2\/comments?post=4285"}],"version-history":[{"count":20,"href":"https:\/\/www.skimo.at\/sportler\/wp-json\/wp\/v2\/posts\/4285\/revisions"}],"predecessor-version":[{"id":5879,"href":"https:\/\/www.skimo.at\/sportler\/wp-json\/wp\/v2\/posts\/4285\/revisions\/5879"}],"wp:featuredmedia":[{"embeddable":true,"href":"https:\/\/www.skimo.at\/sportler\/wp-json\/wp\/v2\/media\/6189"}],"wp:attachment":[{"href":"https:\/\/www.skimo.at\/sportler\/wp-json\/wp\/v2\/media?parent=4285"}],"wp:term":[{"taxonomy":"category","embeddable":true,"href":"https:\/\/www.skimo.at\/sportler\/wp-json\/wp\/v2\/categories?post=4285"},{"taxonomy":"post_tag","embeddable":true,"href":"https:\/\/www.skimo.at\/sportler\/wp-json\/wp\/v2\/tags?post=4285"}],"curies":[{"name":"wp","href":"https:\/\/api.w.org\/{rel}","templated":true}]}}