{"id":4268,"date":"2016-01-12T23:32:18","date_gmt":"2016-01-12T21:32:18","guid":{"rendered":"http:\/\/www.skimo.at\/sportler\/?p=4268"},"modified":"2021-01-05T22:59:30","modified_gmt":"2021-01-05T20:59:30","slug":"next-stop-weltcupauftakt-in-andorra","status":"publish","type":"post","link":"https:\/\/www.skimo.at\/sportler\/4268\/next-stop-weltcupauftakt-in-andorra\/","title":{"rendered":"Next Stop: Weltcupauftakt in Andorra"},"content":{"rendered":"<p>In ein paar Tagen startet der \u00d6SV Nationalkader Skibergsteigen zum ersten ISMF Weltcup der Saison nach Font Blanca in Andorra. Voller Ehrgeiz und hungrig auf Top-Platzierungen treten insgesamt acht Athleten die Reise in die Pyren\u00e4en an und geben ihr Bestes!<\/p>\n<p><!--more--><\/p>\n<p>Prognostizierte Temperaturen bis zu -12\u00b0 Grad und Schneefall. Was treibt einen da an, in den S\u00fcden nach Font Blanca nach Andorra zu reisen, dem Kleinstaat in den \u00f6stlichen Pyren\u00e4en zwischen Spanien und Frankreich? Ganz klar: der Auftakt der Weltcup Serie im Vertical und Individual Race.<\/p>\n<h2><b>Sieben bekannte Gesichter und ein Neuzugang<\/b><\/h2>\n<p>\u00d6sterreich wird bei den Rennen gleich von acht Athleten und Athletinnen in den folgenden Klassen vertreten:<\/p>\n<ul>\n<li>Espoir women: <strong>Johanna Erhart <\/strong>(20, Schladming\/Stmk)<\/li>\n<li>Junior women: <strong>Verena Streitberger<\/strong> (18, Maishofen\/Sbg)\u00a0und<br \/>\n<strong>Ina Forchthammer\u00a0<\/strong>(19, St. Johann i.P.\/Sbg)<\/li>\n<li>Senior men: <strong>Jakob Herrmann <\/strong>(28, Werfenweng\/Sbg)<strong>, Martin Wei\u00dfkopf <\/strong>(25, Pr\u00e4graten\/Ktn) und\u00a0<strong>Armin H\u00f6fl<\/strong> (26, Krakau\/Stmk)<\/li>\n<li>Espoir men: <strong>Daniel Zugg <\/strong>(22, St. Gallenkirchen\/Vbg)<\/li>\n<li>Junior men: <strong>Stefan Fuchs<\/strong> (19, Itter, \/Tirol)<\/li>\n<\/ul>\n<p>Es freut uns besonders, dass sich auch Stefan Fuchs durch seine tollen Ergebnisse bei den ersten heimischen Rennen f\u00fcr den Anschlusskader des Nationalteams qualifizieren konnte und gleich beim Weltcupauftakt in der Juniorenklasse erste Weltcup-Erfahrungen sammeln kann.<\/p>\n<h2><b>Skimo informiert\u00a0live aus Andorra<\/b><\/h2>\n<p>Headcoach Alexander Lugger sieht dem ersten Weltcupwochenende 2016 mit einem Individual- und einem Verticalrennen sehr positiv entgegen:<\/p>\n<p><a href=\"http:\/\/www.skimo.at\/sportler\/4268\/next-stop-weltcupauftakt-in-andorra\/oesv-nationalkader-2016-_-alexander-lugger-2-_-bild-simone-binder-skimo-_-lr\/\" rel=\"attachment wp-att-4270\"><img loading=\"lazy\" class=\"alignleft wp-image-4270 size-thumbnail\" src=\"http:\/\/www.skimo.at\/sportler\/files\/2016\/01\/OESV-Nationalkader-2016-_-Alexander-Lugger-2-_-Bild-Simone-Binder-Skimo-_-LR-150x150.jpg\" alt=\"OESV Nationalkader 2016 _ Alexander Lugger 2 _ Bild Simone Binder Skimo _ LR\" width=\"150\" height=\"150\" \/><\/a><\/p>\n<blockquote><p>\u201eTrotz der schlechten Trainings-m\u00f6glichkeiten durch den wenigen Schnee ist unser Kader top aufgestellt. Andorra wird spannend, wir d\u00fcrfen uns sicher einiges erwarten.\u201c<\/p><\/blockquote>\n<p>Neben Headcoach Alexander Lugger werden Markus Hohenwarter als Physiotherapeut, Simone Binder, die neben der Medienbetreuung auch die Rennbetreuung f\u00fcr die Athleten vor Ort \u00fcbernimmt, und Willi Seebacher als Fotograf das Team begleiten und best m\u00f6glich unterst\u00fctzen.<\/p>\n<p>Wir sind schon sehr gespannt, mit welchen Platzierungen (und hoffentlich Medaillen) unser \u00d6SV Nationalteam wieder nach Hause kommt. Wir versorgen euch auf jeden Fall laufend mit Berichten und allen Ergebnissen der Rennen.<\/p>\n","protected":false},"excerpt":{"rendered":"<p>In ein paar Tagen startet der \u00d6SV Nationalkader Skibergsteigen zum ersten ISMF Weltcup der Saison nach Font Blanca in Andorra. Voller Ehrgeiz und hungrig auf Top-Platzierungen treten insgesamt acht Athleten die Reise in die Pyren\u00e4en an und geben ihr Bestes!<\/p>\n","protected":false},"author":35,"featured_media":4275,"comment_status":"closed","ping_status":"closed","sticky":false,"template":"","format":"standard","meta":[],"categories":[1,3,7],"tags":[90,36,30,13,50,150,49,16,163,32,12],"yoast_head":"<!-- This site is optimized with the Yoast SEO plugin v16.3 - https:\/\/yoast.com\/wordpress\/plugins\/seo\/ -->\n<title>Next Stop: Weltcupauftakt in Andorra - Sportler<\/title>\n<meta name=\"robots\" content=\"index, follow, max-snippet:-1, max-image-preview:large, max-video-preview:-1\" \/>\n<link rel=\"canonical\" href=\"https:\/\/www.skimo.at\/sportler\/4268\/next-stop-weltcupauftakt-in-andorra\/\" \/>\n<meta property=\"og:locale\" content=\"de_DE\" \/>\n<meta property=\"og:type\" content=\"article\" \/>\n<meta property=\"og:title\" content=\"Next Stop: Weltcupauftakt in Andorra - Sportler\" \/>\n<meta property=\"og:description\" content=\"In ein paar Tagen startet der \u00d6SV Nationalkader Skibergsteigen zum ersten ISMF Weltcup der Saison nach Font Blanca in Andorra. Voller Ehrgeiz und hungrig auf Top-Platzierungen treten insgesamt acht Athleten die Reise in die Pyren\u00e4en an und geben ihr Bestes!\" \/>\n<meta property=\"og:url\" content=\"https:\/\/www.skimo.at\/sportler\/4268\/next-stop-weltcupauftakt-in-andorra\/\" \/>\n<meta property=\"og:site_name\" content=\"Sportler\" \/>\n<meta property=\"article:published_time\" content=\"2016-01-12T21:32:18+00:00\" \/>\n<meta property=\"article:modified_time\" content=\"2021-01-05T20:59:30+00:00\" \/>\n<meta property=\"og:image\" content=\"https:\/\/skimo.73.jarolim.eu\/sportler\/files\/2016\/01\/Weltcup-Font-Blanca-2015_Individual_44_Photo-Willi-Seebacher-LR.jpg\" \/>\n\t<meta property=\"og:image:width\" content=\"1772\" \/>\n\t<meta property=\"og:image:height\" content=\"1181\" \/>\n<meta name=\"twitter:card\" content=\"summary\" \/>\n<meta name=\"twitter:label1\" content=\"Gesch\u00e4tzte Lesezeit\">\n\t<meta name=\"twitter:data1\" content=\"2\u00a0Minuten\">\n<script type=\"application\/ld+json\" class=\"yoast-schema-graph\">{\"@context\":\"https:\/\/schema.org\",\"@graph\":[{\"@type\":\"WebSite\",\"@id\":\"https:\/\/skimo.73.jarolim.eu\/sportler\/#website\",\"url\":\"https:\/\/skimo.73.jarolim.eu\/sportler\/\",\"name\":\"Sportler\",\"description\":\"\",\"potentialAction\":[{\"@type\":\"SearchAction\",\"target\":\"https:\/\/skimo.73.jarolim.eu\/sportler\/?s={search_term_string}\",\"query-input\":\"required name=search_term_string\"}],\"inLanguage\":\"de\"},{\"@type\":\"ImageObject\",\"@id\":\"https:\/\/www.skimo.at\/sportler\/4268\/next-stop-weltcupauftakt-in-andorra\/#primaryimage\",\"inLanguage\":\"de\",\"url\":\"https:\/\/www.skimo.at\/sportler\/files\/2016\/01\/Weltcup-Font-Blanca-2015_Individual_44_Photo-Willi-Seebacher-LR.jpg\",\"contentUrl\":\"https:\/\/www.skimo.at\/sportler\/files\/2016\/01\/Weltcup-Font-Blanca-2015_Individual_44_Photo-Willi-Seebacher-LR.jpg\",\"width\":1772,\"height\":1181},{\"@type\":\"WebPage\",\"@id\":\"https:\/\/www.skimo.at\/sportler\/4268\/next-stop-weltcupauftakt-in-andorra\/#webpage\",\"url\":\"https:\/\/www.skimo.at\/sportler\/4268\/next-stop-weltcupauftakt-in-andorra\/\",\"name\":\"Next Stop: Weltcupauftakt in Andorra - Sportler\",\"isPartOf\":{\"@id\":\"https:\/\/skimo.73.jarolim.eu\/sportler\/#website\"},\"primaryImageOfPage\":{\"@id\":\"https:\/\/www.skimo.at\/sportler\/4268\/next-stop-weltcupauftakt-in-andorra\/#primaryimage\"},\"datePublished\":\"2016-01-12T21:32:18+00:00\",\"dateModified\":\"2021-01-05T20:59:30+00:00\",\"author\":{\"@id\":\"https:\/\/skimo.73.jarolim.eu\/sportler\/#\/schema\/person\/98f79b69381628f9078a5fab8eac4811\"},\"breadcrumb\":{\"@id\":\"https:\/\/www.skimo.at\/sportler\/4268\/next-stop-weltcupauftakt-in-andorra\/#breadcrumb\"},\"inLanguage\":\"de\",\"potentialAction\":[{\"@type\":\"ReadAction\",\"target\":[\"https:\/\/www.skimo.at\/sportler\/4268\/next-stop-weltcupauftakt-in-andorra\/\"]}]},{\"@type\":\"BreadcrumbList\",\"@id\":\"https:\/\/www.skimo.at\/sportler\/4268\/next-stop-weltcupauftakt-in-andorra\/#breadcrumb\",\"itemListElement\":[{\"@type\":\"ListItem\",\"position\":1,\"item\":{\"@type\":\"WebPage\",\"@id\":\"https:\/\/skimo.73.jarolim.eu\/sportler\/\",\"url\":\"https:\/\/skimo.73.jarolim.eu\/sportler\/\",\"name\":\"Home\"}},{\"@type\":\"ListItem\",\"position\":2,\"item\":{\"@id\":\"https:\/\/www.skimo.at\/sportler\/4268\/next-stop-weltcupauftakt-in-andorra\/#webpage\"}}]},{\"@type\":\"Person\",\"@id\":\"https:\/\/skimo.73.jarolim.eu\/sportler\/#\/schema\/person\/98f79b69381628f9078a5fab8eac4811\",\"name\":\"sbinder\",\"image\":{\"@type\":\"ImageObject\",\"@id\":\"https:\/\/skimo.73.jarolim.eu\/sportler\/#personlogo\",\"inLanguage\":\"de\",\"url\":\"https:\/\/secure.gravatar.com\/avatar\/11f3623e7f24f658f1be6d4cb550331e?s=96&r=g\",\"contentUrl\":\"https:\/\/secure.gravatar.com\/avatar\/11f3623e7f24f658f1be6d4cb550331e?s=96&r=g\",\"caption\":\"sbinder\"},\"url\":\"https:\/\/www.skimo.at\/sportler\/author\/sbinder\/\"}]}<\/script>\n<!-- \/ Yoast SEO plugin. -->","_links":{"self":[{"href":"https:\/\/www.skimo.at\/sportler\/wp-json\/wp\/v2\/posts\/4268"}],"collection":[{"href":"https:\/\/www.skimo.at\/sportler\/wp-json\/wp\/v2\/posts"}],"about":[{"href":"https:\/\/www.skimo.at\/sportler\/wp-json\/wp\/v2\/types\/post"}],"author":[{"embeddable":true,"href":"https:\/\/www.skimo.at\/sportler\/wp-json\/wp\/v2\/users\/35"}],"replies":[{"embeddable":true,"href":"https:\/\/www.skimo.at\/sportler\/wp-json\/wp\/v2\/comments?post=4268"}],"version-history":[{"count":14,"href":"https:\/\/www.skimo.at\/sportler\/wp-json\/wp\/v2\/posts\/4268\/revisions"}],"predecessor-version":[{"id":15683,"href":"https:\/\/www.skimo.at\/sportler\/wp-json\/wp\/v2\/posts\/4268\/revisions\/15683"}],"wp:featuredmedia":[{"embeddable":true,"href":"https:\/\/www.skimo.at\/sportler\/wp-json\/wp\/v2\/media\/4275"}],"wp:attachment":[{"href":"https:\/\/www.skimo.at\/sportler\/wp-json\/wp\/v2\/media?parent=4268"}],"wp:term":[{"taxonomy":"category","embeddable":true,"href":"https:\/\/www.skimo.at\/sportler\/wp-json\/wp\/v2\/categories?post=4268"},{"taxonomy":"post_tag","embeddable":true,"href":"https:\/\/www.skimo.at\/sportler\/wp-json\/wp\/v2\/tags?post=4268"}],"curies":[{"name":"wp","href":"https:\/\/api.w.org\/{rel}","templated":true}]}}