{"id":42,"date":"2012-10-01T10:58:54","date_gmt":"2012-10-01T08:58:54","guid":{"rendered":"http:\/\/www.skimo.at\/sportler\/?p=42"},"modified":"2021-01-05T17:06:13","modified_gmt":"2021-01-05T15:06:13","slug":"selektionsrichtlinien-und-voraussetzungen-fur-die-aufnahme-in-die-osterreichischen-nationalkader-im-wettkampf-skibergsteigen","status":"publish","type":"post","link":"https:\/\/www.skimo.at\/sportler\/42\/selektionsrichtlinien-und-voraussetzungen-fur-die-aufnahme-in-die-osterreichischen-nationalkader-im-wettkampf-skibergsteigen\/","title":{"rendered":"Selektionsrichtlinien und Voraussetzungen f\u00fcr die Aufnahme in die \u00d6sterreichischen Nationalkader im Wettkampf-Skibergsteigen"},"content":{"rendered":"<p>Gerade rechtzeitig, zu Beginn der neuen Saison und inmitten der letzten hei\u00dfen Trainingsphase vor den bald nahenden Wettk\u00e4mpfen m\u00f6chte der ASKIMO eine der neuen Errungenschaften, welche ab diesen Winter in Kraft treten, offiziell pr\u00e4sentieren. Wie schon vor geraumer Zeit angek\u00fcndigt, sind w\u00e4hrend der Sommerpause einige neue Richtlinien entworfen worden. Dazu geh\u00f6ren die Selektionsrichtlinien f\u00fcr die Aufnahme in die \u00d6sterreichischen Nationalkader (A-Kader, B-Kader, Jugendkader) und die schriftlich zusammengefassten Grundvoraussetzungen.<\/p>\n<p>Dass der Tourensport generell immer popul\u00e4rer wird, merken wir vom ASKIMO nicht nur an den Wettkampfteilnehmern und an den Verkaufszahlen im Handel, welche unsere Partner aus der Wirtschaft vorlegen k\u00f6nnen, sondern auch an den Anfragen bez\u00fcglich Neuaufnahmen in das Nationalteam im Wettkampf-Skibergsteigen. War vor einigen Jahren noch ein Mangel an Athleten mit potentiellen Chancen im internationalen Geschehen mitmischen zu k\u00f6nnen, so h\u00e4ufen sich gl\u00fccklicherweise in der letzten Zeit die Bewerbungen bei Nationalteamtrainer Alex Lugger.<\/p>\n<blockquote><p>Aus diesem Grund wurde im ASKIMO eine Selektionskommission gegr\u00fcndet, welche Richtlinien f\u00fcr die Aufnahme in die Nationalmannschaft entworfen hat.<\/p>\n<p>Alex Lugger<\/p><\/blockquote>\n<p>So spielt nicht nur die sportliche Leistung alleine eine Rolle, auch die Vermarktung, Pr\u00e4sentation und Integrit\u00e4t im Team und im ASKIMO wird bewertet. Nicht nur die Neuantr\u00e4ge werden nach diesen Kriterien bewertet, auch die bestehenden Teammitglieder m\u00fcssen sich allj\u00e4hrlich dieser Pr\u00fcfung unterziehen. Die endg\u00fcltige Aufnahme wird \u00fcber den Entscheid der ASKIMO Selektionskommission durchgef\u00fchrt, die sich aus Nationaltrainer, Beauftragtem des jeweiligen ASKIMO Landesverbandes und der Mannschaftsleitung der Nationalmannschaft zusammen setzt.<\/p>\n<p>Hier im Anschluss an diesen Artikel finden alle Interessierten die Infobl\u00e4tter als Downloads zu den Voraussetzungen und den Selektionsrichtlinien, sowie das Datenblatt f\u00fcr eine Anmeldung, welches an den jeweiligen <a href=\"http:\/\/www.skimo.at\/verband\/landesverbande\/\" target=\"_blank\" rel=\"noopener\">ASKIMO Landesfachverband<\/a> geschickt wird.<\/p>\n","protected":false},"excerpt":{"rendered":"<p>Gerade rechtzeitig, zu Beginn der neuen Saison und inmitten der letzten hei\u00dfen Trainingsphase vor den bald nahenden Wettk\u00e4mpfen m\u00f6chte der ASKIMO eine der neuen Errungenschaften, welche ab diesen Winter in Kraft treten, offiziell pr\u00e4sentieren. Wie schon vor geraumer Zeit angek\u00fcndigt, sind w\u00e4hrend der Sommerpause einige neue Richtlinien entworfen worden. Dazu geh\u00f6ren die Selektionsrichtlinien f\u00fcr die [&hellip;]<\/p>\n","protected":false},"author":4,"featured_media":0,"comment_status":"closed","ping_status":"closed","sticky":false,"template":"","format":"standard","meta":[],"categories":[3],"tags":[],"yoast_head":"<!-- This site is optimized with the Yoast SEO plugin v16.3 - https:\/\/yoast.com\/wordpress\/plugins\/seo\/ -->\n<title>Selektionsrichtlinien und Voraussetzungen f\u00fcr die Aufnahme in die \u00d6sterreichischen Nationalkader im Wettkampf-Skibergsteigen - Sportler<\/title>\n<meta name=\"robots\" content=\"index, follow, max-snippet:-1, max-image-preview:large, max-video-preview:-1\" \/>\n<link rel=\"canonical\" href=\"https:\/\/www.skimo.at\/sportler\/42\/selektionsrichtlinien-und-voraussetzungen-fur-die-aufnahme-in-die-osterreichischen-nationalkader-im-wettkampf-skibergsteigen\/\" \/>\n<meta property=\"og:locale\" content=\"de_DE\" \/>\n<meta property=\"og:type\" content=\"article\" \/>\n<meta property=\"og:title\" content=\"Selektionsrichtlinien und Voraussetzungen f\u00fcr die Aufnahme in die \u00d6sterreichischen Nationalkader im Wettkampf-Skibergsteigen - Sportler\" \/>\n<meta property=\"og:description\" content=\"Gerade rechtzeitig, zu Beginn der neuen Saison und inmitten der letzten hei\u00dfen Trainingsphase vor den bald nahenden Wettk\u00e4mpfen m\u00f6chte der ASKIMO eine der neuen Errungenschaften, welche ab diesen Winter in Kraft treten, offiziell pr\u00e4sentieren. Wie schon vor geraumer Zeit angek\u00fcndigt, sind w\u00e4hrend der Sommerpause einige neue Richtlinien entworfen worden. Dazu geh\u00f6ren die Selektionsrichtlinien f\u00fcr die [&hellip;]\" \/>\n<meta property=\"og:url\" content=\"https:\/\/www.skimo.at\/sportler\/42\/selektionsrichtlinien-und-voraussetzungen-fur-die-aufnahme-in-die-osterreichischen-nationalkader-im-wettkampf-skibergsteigen\/\" \/>\n<meta property=\"og:site_name\" content=\"Sportler\" \/>\n<meta property=\"article:published_time\" content=\"2012-10-01T08:58:54+00:00\" \/>\n<meta property=\"article:modified_time\" content=\"2021-01-05T15:06:13+00:00\" \/>\n<meta name=\"twitter:card\" content=\"summary\" \/>\n<meta name=\"twitter:label1\" content=\"Gesch\u00e4tzte Lesezeit\">\n\t<meta name=\"twitter:data1\" content=\"1\u00a0Minute\">\n<script type=\"application\/ld+json\" class=\"yoast-schema-graph\">{\"@context\":\"https:\/\/schema.org\",\"@graph\":[{\"@type\":\"WebSite\",\"@id\":\"https:\/\/skimo.73.jarolim.eu\/sportler\/#website\",\"url\":\"https:\/\/skimo.73.jarolim.eu\/sportler\/\",\"name\":\"Sportler\",\"description\":\"\",\"potentialAction\":[{\"@type\":\"SearchAction\",\"target\":\"https:\/\/skimo.73.jarolim.eu\/sportler\/?s={search_term_string}\",\"query-input\":\"required name=search_term_string\"}],\"inLanguage\":\"de\"},{\"@type\":\"WebPage\",\"@id\":\"https:\/\/www.skimo.at\/sportler\/42\/selektionsrichtlinien-und-voraussetzungen-fur-die-aufnahme-in-die-osterreichischen-nationalkader-im-wettkampf-skibergsteigen\/#webpage\",\"url\":\"https:\/\/www.skimo.at\/sportler\/42\/selektionsrichtlinien-und-voraussetzungen-fur-die-aufnahme-in-die-osterreichischen-nationalkader-im-wettkampf-skibergsteigen\/\",\"name\":\"Selektionsrichtlinien und Voraussetzungen f\\u00fcr die Aufnahme in die \\u00d6sterreichischen Nationalkader im Wettkampf-Skibergsteigen - Sportler\",\"isPartOf\":{\"@id\":\"https:\/\/skimo.73.jarolim.eu\/sportler\/#website\"},\"datePublished\":\"2012-10-01T08:58:54+00:00\",\"dateModified\":\"2021-01-05T15:06:13+00:00\",\"author\":{\"@id\":\"https:\/\/skimo.73.jarolim.eu\/sportler\/#\/schema\/person\/89e18f4c3d09b5434dbc2dc0cefbcd30\"},\"breadcrumb\":{\"@id\":\"https:\/\/www.skimo.at\/sportler\/42\/selektionsrichtlinien-und-voraussetzungen-fur-die-aufnahme-in-die-osterreichischen-nationalkader-im-wettkampf-skibergsteigen\/#breadcrumb\"},\"inLanguage\":\"de\",\"potentialAction\":[{\"@type\":\"ReadAction\",\"target\":[\"https:\/\/www.skimo.at\/sportler\/42\/selektionsrichtlinien-und-voraussetzungen-fur-die-aufnahme-in-die-osterreichischen-nationalkader-im-wettkampf-skibergsteigen\/\"]}]},{\"@type\":\"BreadcrumbList\",\"@id\":\"https:\/\/www.skimo.at\/sportler\/42\/selektionsrichtlinien-und-voraussetzungen-fur-die-aufnahme-in-die-osterreichischen-nationalkader-im-wettkampf-skibergsteigen\/#breadcrumb\",\"itemListElement\":[{\"@type\":\"ListItem\",\"position\":1,\"item\":{\"@type\":\"WebPage\",\"@id\":\"https:\/\/skimo.73.jarolim.eu\/sportler\/\",\"url\":\"https:\/\/skimo.73.jarolim.eu\/sportler\/\",\"name\":\"Home\"}},{\"@type\":\"ListItem\",\"position\":2,\"item\":{\"@id\":\"https:\/\/www.skimo.at\/sportler\/42\/selektionsrichtlinien-und-voraussetzungen-fur-die-aufnahme-in-die-osterreichischen-nationalkader-im-wettkampf-skibergsteigen\/#webpage\"}}]},{\"@type\":\"Person\",\"@id\":\"https:\/\/skimo.73.jarolim.eu\/sportler\/#\/schema\/person\/89e18f4c3d09b5434dbc2dc0cefbcd30\",\"name\":\"aspielbuechler\",\"image\":{\"@type\":\"ImageObject\",\"@id\":\"https:\/\/skimo.73.jarolim.eu\/sportler\/#personlogo\",\"inLanguage\":\"de\",\"url\":\"https:\/\/secure.gravatar.com\/avatar\/1220d25619b41a33e4710c8b968dc56e?s=96&r=g\",\"contentUrl\":\"https:\/\/secure.gravatar.com\/avatar\/1220d25619b41a33e4710c8b968dc56e?s=96&r=g\",\"caption\":\"aspielbuechler\"},\"url\":\"https:\/\/www.skimo.at\/sportler\/author\/aspielbuechler\/\"}]}<\/script>\n<!-- \/ Yoast SEO plugin. -->","_links":{"self":[{"href":"https:\/\/www.skimo.at\/sportler\/wp-json\/wp\/v2\/posts\/42"}],"collection":[{"href":"https:\/\/www.skimo.at\/sportler\/wp-json\/wp\/v2\/posts"}],"about":[{"href":"https:\/\/www.skimo.at\/sportler\/wp-json\/wp\/v2\/types\/post"}],"author":[{"embeddable":true,"href":"https:\/\/www.skimo.at\/sportler\/wp-json\/wp\/v2\/users\/4"}],"replies":[{"embeddable":true,"href":"https:\/\/www.skimo.at\/sportler\/wp-json\/wp\/v2\/comments?post=42"}],"version-history":[{"count":7,"href":"https:\/\/www.skimo.at\/sportler\/wp-json\/wp\/v2\/posts\/42\/revisions"}],"predecessor-version":[{"id":15583,"href":"https:\/\/www.skimo.at\/sportler\/wp-json\/wp\/v2\/posts\/42\/revisions\/15583"}],"wp:attachment":[{"href":"https:\/\/www.skimo.at\/sportler\/wp-json\/wp\/v2\/media?parent=42"}],"wp:term":[{"taxonomy":"category","embeddable":true,"href":"https:\/\/www.skimo.at\/sportler\/wp-json\/wp\/v2\/categories?post=42"},{"taxonomy":"post_tag","embeddable":true,"href":"https:\/\/www.skimo.at\/sportler\/wp-json\/wp\/v2\/tags?post=42"}],"curies":[{"name":"wp","href":"https:\/\/api.w.org\/{rel}","templated":true}]}}