{"id":4079,"date":"2015-12-06T13:11:42","date_gmt":"2015-12-06T11:11:42","guid":{"rendered":"http:\/\/www.skimo.at\/sportler\/?p=4079"},"modified":"2015-12-06T13:11:42","modified_gmt":"2015-12-06T11:11:42","slug":"das-sind-die-nationalkaderathleten-oesv-skibergsteigen","status":"publish","type":"post","link":"https:\/\/www.skimo.at\/sportler\/4079\/das-sind-die-nationalkaderathleten-oesv-skibergsteigen\/","title":{"rendered":"Das sind die Nationalkaderathleten \u00d6SV Skibergsteigen"},"content":{"rendered":"<p>Die heurige Wettkampfsaison beginnt und der \u00f6sterreichische Nationalkader der Sparte \u00d6SV Skibergsteigen ist so gro\u00df und stark wie nie!<\/p>\n<p><!--more--><\/p>\n<p>Insgesamt gehen heuer 17 Athleten aus sechs Bundesl\u00e4ndern an den Start und werden bei den \u00d6sterreichischen Meisterschaften, der Europameisterschaft in der Schweiz und internationalen Weltcup Rennen um top Platzierungen k\u00e4mpfen. Der Kader setzt sich aus folgenden Athleten zusammen:<\/p>\n<h2><strong>A-Kader:<\/strong><\/h2>\n<ul>\n<li><a href=\"http:\/\/www.skimo.at\/sportler\/117\/hermann-jakob\/\">Jakob Herrmann<\/a> (28, Werfenweng\/Sbg)<\/li>\n<li><a href=\"http:\/\/www.skimo.at\/sportler\/136\/136\/\">Martin Wei\u00dfkopf<\/a> (25, Pr\u00e4graten\/Tirol)<\/li>\n<li><a href=\"http:\/\/www.skimo.at\/sportler\/1250\/zugg-daniel\/\">Daniel Zugg<\/a> (22, St. Gallenkirch\/Vbg)<\/li>\n<\/ul>\n<p><a href=\"http:\/\/www.skimo.at\/sportler\/files\/2015\/12\/Collage-A-Kader.jpg\"><img loading=\"lazy\" class=\"alignleft wp-image-4208\" src=\"http:\/\/www.skimo.at\/sportler\/files\/2015\/12\/Collage-A-Kader-1024x338.jpg\" alt=\"Collage-A-Kader\" width=\"600\" height=\"198\" srcset=\"https:\/\/www.skimo.at\/sportler\/files\/2015\/12\/Collage-A-Kader-1024x338.jpg 1024w, https:\/\/www.skimo.at\/sportler\/files\/2015\/12\/Collage-A-Kader-300x99.jpg 300w, https:\/\/www.skimo.at\/sportler\/files\/2015\/12\/Collage-A-Kader-768x253.jpg 768w, https:\/\/www.skimo.at\/sportler\/files\/2015\/12\/Collage-A-Kader-970x320.jpg 970w, https:\/\/www.skimo.at\/sportler\/files\/2015\/12\/Collage-A-Kader-554x183.jpg 554w, https:\/\/www.skimo.at\/sportler\/files\/2015\/12\/Collage-A-Kader-178x59.jpg 178w, https:\/\/www.skimo.at\/sportler\/files\/2015\/12\/Collage-A-Kader.jpg 1200w\" sizes=\"(max-width: 600px) 100vw, 600px\" \/><\/a><\/p>\n<h2><\/h2>\n<h2><\/h2>\n<h2><\/h2>\n<h2><\/h2>\n<h2><strong>B-Kader:<\/strong><\/h2>\n<ul>\n<li><a href=\"http:\/\/www.skimo.at\/sportler\/125\/rohringer-daniel\/\">Daniel Rohringer<\/a> (25, Gosau\/O\u00d6)<\/li>\n<li><a href=\"http:\/\/www.skimo.at\/sportler\/134\/wallner-thomas\/\">Thomas Wallner<\/a> (37, Bischofshofen\/Sbg)<\/li>\n<\/ul>\n<p><a href=\"http:\/\/www.skimo.at\/sportler\/files\/2015\/12\/Collage-B-Kader.jpg\"><img loading=\"lazy\" class=\"alignleft wp-image-4209\" src=\"http:\/\/www.skimo.at\/sportler\/files\/2015\/12\/Collage-B-Kader.jpg\" alt=\"Collage-B-Kader\" width=\"600\" height=\"300\" srcset=\"https:\/\/www.skimo.at\/sportler\/files\/2015\/12\/Collage-B-Kader.jpg 1200w, https:\/\/www.skimo.at\/sportler\/files\/2015\/12\/Collage-B-Kader-300x150.jpg 300w, https:\/\/www.skimo.at\/sportler\/files\/2015\/12\/Collage-B-Kader-1024x512.jpg 1024w, https:\/\/www.skimo.at\/sportler\/files\/2015\/12\/Collage-B-Kader-768x384.jpg 768w, https:\/\/www.skimo.at\/sportler\/files\/2015\/12\/Collage-B-Kader-1093x547.jpg 1093w, https:\/\/www.skimo.at\/sportler\/files\/2015\/12\/Collage-B-Kader-970x485.jpg 970w, https:\/\/www.skimo.at\/sportler\/files\/2015\/12\/Collage-B-Kader-554x277.jpg 554w, https:\/\/www.skimo.at\/sportler\/files\/2015\/12\/Collage-B-Kader-178x89.jpg 178w\" sizes=\"(max-width: 600px) 100vw, 600px\" \/><\/a><\/p>\n<h2><\/h2>\n<h2><\/h2>\n<h2><\/h2>\n<h2><\/h2>\n<h2><\/h2>\n<h2><\/h2>\n<h2><strong>Jugendkader:<\/strong><\/h2>\n<ul>\n<li><a href=\"http:\/\/www.skimo.at\/sportler\/115\/forchthammer-ina\/\">Ina Forchthammer<\/a> (19, St. Johann i. Pg.\/Sbg)<\/li>\n<li><a href=\"http:\/\/www.skimo.at\/sportler\/1259\/siedler-jakob\/\">Jakob Siedler<\/a> (16, Alpbach\/Tirol)<\/li>\n<li><a href=\"http:\/\/www.skimo.at\/sportler\/1252\/streitberger-verena\/\">Verena Streitberger<\/a> (18, Maishofen\/Sbg)<\/li>\n<\/ul>\n<p><a href=\"http:\/\/www.skimo.at\/sportler\/files\/2015\/12\/Collage-Jugendkader.jpg\"><img loading=\"lazy\" class=\"alignleft wp-image-4210\" src=\"http:\/\/www.skimo.at\/sportler\/files\/2015\/12\/Collage-Jugendkader.jpg\" alt=\"Collage-Jugendkader\" width=\"600\" height=\"198\" srcset=\"https:\/\/www.skimo.at\/sportler\/files\/2015\/12\/Collage-Jugendkader.jpg 1200w, https:\/\/www.skimo.at\/sportler\/files\/2015\/12\/Collage-Jugendkader-300x99.jpg 300w, https:\/\/www.skimo.at\/sportler\/files\/2015\/12\/Collage-Jugendkader-1024x338.jpg 1024w, https:\/\/www.skimo.at\/sportler\/files\/2015\/12\/Collage-Jugendkader-768x253.jpg 768w, https:\/\/www.skimo.at\/sportler\/files\/2015\/12\/Collage-Jugendkader-970x320.jpg 970w, https:\/\/www.skimo.at\/sportler\/files\/2015\/12\/Collage-Jugendkader-554x183.jpg 554w, https:\/\/www.skimo.at\/sportler\/files\/2015\/12\/Collage-Jugendkader-178x59.jpg 178w\" sizes=\"(max-width: 600px) 100vw, 600px\" \/><\/a><\/p>\n<p>&nbsp;<\/p>\n<h2><strong>Anschlusskader:<\/strong><\/h2>\n<p>Neu ist in der kommenden Saison, dass es neben A-, B- und Jugendkader auch noch einen Anschlusskader gibt. Dieser Kader dient speziell als Einstieg f\u00fcr Athleten in die Nationalmannschaft bzw. f\u00fcr jene Mitglieder des Teams, die sich vom Leistungsniveau prinzipiell in h\u00f6heren Kadern finden k\u00f6nnten, jedoch aus zeitlich\/organisatorischen Gr\u00fcnden nur in begrenztem Umfang eingesetzt werden k\u00f6nnen.<\/p>\n<ul>\n<li><a href=\"http:\/\/www.skimo.at\/sportler\/3853\/bernsteiner-heidi\/\">Heidi Bernsteiner<\/a> (31, Piesendorf\/Sbg)<\/li>\n<li><a href=\"http:\/\/www.skimo.at\/sportler\/102\/brugger-philipp\/\">Philipp Brugger<\/a> (24, Sistrans\/Tirol)<\/li>\n<li><a href=\"http:\/\/www.skimo.at\/sportler\/3878\/erhart-johanna\/\">Johanna Erhart<\/a> (20, Schladming\/Stmk)<\/li>\n<li><a href=\"http:\/\/www.skimo.at\/sportler\/107\/essl-michaela\/\">Michaela E\u00dfl<\/a> (27, Abtenau\/Sbg)<\/li>\n<li><a href=\"http:\/\/www.skimo.at\/sportler\/3872\/hoefl-armin\/\">Armin H\u00f6fl<\/a> (26, Krakau\/Stmk)<\/li>\n<li><a href=\"http:\/\/www.skimo.at\/sportler\/3880\/hohenwarter-markus\/\">Markus Hohenwarter<\/a> (35, Grafendorf\/Ktn)<\/li>\n<li><a href=\"http:\/\/www.skimo.at\/sportler\/3866\/innerhofer-patrick\/\">Patrick Innerhofer<\/a> (34, Bludesch\/Vbg)<\/li>\n<li><a href=\"http:\/\/www.skimo.at\/sportler\/3861\/neurauter-armin\/\">Armin Neurauter<\/a> (36, \u00d6tz\/Tirol)<\/li>\n<li><a href=\"http:\/\/www.skimo.at\/sportler\/2449\/johannes-walder\/\">Johannes Walder<\/a> (29, Kartitsch\/Osttirol)<\/li>\n<\/ul>\n<p><a href=\"http:\/\/www.skimo.at\/sportler\/files\/2015\/12\/Collage_Anschlusskader.jpg\"><img loading=\"lazy\" class=\"alignleft wp-image-4211\" src=\"http:\/\/www.skimo.at\/sportler\/files\/2015\/12\/Collage_Anschlusskader.jpg\" alt=\"Collage_Anschlusskader\" width=\"600\" height=\"600\" srcset=\"https:\/\/www.skimo.at\/sportler\/files\/2015\/12\/Collage_Anschlusskader.jpg 1200w, https:\/\/www.skimo.at\/sportler\/files\/2015\/12\/Collage_Anschlusskader-300x300.jpg 300w, https:\/\/www.skimo.at\/sportler\/files\/2015\/12\/Collage_Anschlusskader-1024x1024.jpg 1024w, https:\/\/www.skimo.at\/sportler\/files\/2015\/12\/Collage_Anschlusskader-150x150.jpg 150w, https:\/\/www.skimo.at\/sportler\/files\/2015\/12\/Collage_Anschlusskader-768x768.jpg 768w, https:\/\/www.skimo.at\/sportler\/files\/2015\/12\/Collage_Anschlusskader-970x970.jpg 970w, https:\/\/www.skimo.at\/sportler\/files\/2015\/12\/Collage_Anschlusskader-554x554.jpg 554w, https:\/\/www.skimo.at\/sportler\/files\/2015\/12\/Collage_Anschlusskader-93x93.jpg 93w\" sizes=\"(max-width: 600px) 100vw, 600px\" \/><\/a><\/p>\n<h2><\/h2>\n<h2><\/h2>\n<h2><\/h2>\n<h2><\/h2>\n<h2><\/h2>\n<h2><\/h2>\n<h2><\/h2>\n<h2><\/h2>\n<h2><\/h2>\n<h2><\/h2>\n<h2><\/h2>\n<h2><strong>Betreuerteam:<\/strong><\/h2>\n<ul>\n<li><a href=\"http:\/\/www.skimo.at\/sportler\/409\/posch-karl\/\">Karl Posch<\/a> (Sportlicher Leiter und Mannschaftsleitung, Gosau\/O\u00d6)<\/li>\n<li><a href=\"http:\/\/www.skimo.at\/sportler\/405\/405\/\">Alexander Lugger <\/a>(Headcoach, Maria Luggau\/Ktn)<\/li>\n<li><a href=\"http:\/\/www.skimo.at\/sportler\/3974\/gumpenberger-matthias\/\">Matthias Gumpenberger <\/a>(Kraft- und Koordinationstrainer, Absam\/Tirol)<\/li>\n<li><a href=\"http:\/\/www.skimo.at\/sportler\/418\/binder-simone\/\">Simone Binder<\/a> (Pressebetreuung, Salzburg\/Sbg)<\/li>\n<\/ul>\n<p><a href=\"http:\/\/www.skimo.at\/sportler\/files\/2015\/12\/Collage-Betreuer.jpg\"><img loading=\"lazy\" class=\"alignleft wp-image-4212\" src=\"http:\/\/www.skimo.at\/sportler\/files\/2015\/12\/Collage-Betreuer.jpg\" alt=\"Collage-Betreuer\" width=\"600\" height=\"150\" srcset=\"https:\/\/www.skimo.at\/sportler\/files\/2015\/12\/Collage-Betreuer.jpg 1200w, https:\/\/www.skimo.at\/sportler\/files\/2015\/12\/Collage-Betreuer-300x75.jpg 300w, https:\/\/www.skimo.at\/sportler\/files\/2015\/12\/Collage-Betreuer-1024x256.jpg 1024w, https:\/\/www.skimo.at\/sportler\/files\/2015\/12\/Collage-Betreuer-768x192.jpg 768w, https:\/\/www.skimo.at\/sportler\/files\/2015\/12\/Collage-Betreuer-970x243.jpg 970w, https:\/\/www.skimo.at\/sportler\/files\/2015\/12\/Collage-Betreuer-554x139.jpg 554w, https:\/\/www.skimo.at\/sportler\/files\/2015\/12\/Collage-Betreuer-178x45.jpg 178w\" sizes=\"(max-width: 600px) 100vw, 600px\" \/><\/a><\/p>\n","protected":false},"excerpt":{"rendered":"<p>Die heurige Wettkampfsaison beginnt und der \u00f6sterreichische Nationalkader der Sparte \u00d6SV Skibergsteigen ist so gro\u00df und stark wie nie!<\/p>\n","protected":false},"author":35,"featured_media":4232,"comment_status":"closed","ping_status":"closed","sticky":false,"template":"","format":"standard","meta":[],"categories":[1,3,7],"tags":[51,90,62,60,36,63,30,50,61,150,152,35,146,49,160,158,157,91,149,159,31,32],"yoast_head":"<!-- This site is optimized with the Yoast SEO plugin v16.3 - https:\/\/yoast.com\/wordpress\/plugins\/seo\/ -->\n<title>Das sind die Nationalkaderathleten \u00d6SV Skibergsteigen 2016<\/title>\n<meta name=\"description\" content=\"Die heurige Wettkampfsaison beginnt und der \u00f6sterreichische Nationalkader des \u00d6SV Skibergsteigen ist so gro\u00df und stark wie nie!\" \/>\n<meta name=\"robots\" content=\"index, follow, max-snippet:-1, max-image-preview:large, max-video-preview:-1\" \/>\n<link rel=\"canonical\" href=\"https:\/\/www.skimo.at\/sportler\/4079\/das-sind-die-nationalkaderathleten-oesv-skibergsteigen\/\" \/>\n<meta property=\"og:locale\" content=\"de_DE\" \/>\n<meta property=\"og:type\" content=\"article\" \/>\n<meta property=\"og:title\" content=\"Das sind die Nationalkaderathleten \u00d6SV Skibergsteigen 2016\" \/>\n<meta property=\"og:description\" content=\"Die heurige Wettkampfsaison beginnt und der \u00f6sterreichische Nationalkader des \u00d6SV Skibergsteigen ist so gro\u00df und stark wie nie!\" \/>\n<meta property=\"og:url\" content=\"https:\/\/www.skimo.at\/sportler\/4079\/das-sind-die-nationalkaderathleten-oesv-skibergsteigen\/\" \/>\n<meta property=\"og:site_name\" content=\"Sportler\" \/>\n<meta property=\"article:published_time\" content=\"2015-12-06T11:11:42+00:00\" \/>\n<meta property=\"og:image\" content=\"https:\/\/skimo.73.jarolim.eu\/sportler\/files\/2015\/12\/TL-Kuehtai-2015-_-Johanna-Erhart-im-Aufstieg-_-Bild-Alex-Lugger-Skimo-_-LR.jpg\" \/>\n\t<meta property=\"og:image:width\" content=\"1772\" \/>\n\t<meta property=\"og:image:height\" content=\"1182\" \/>\n<meta name=\"twitter:card\" content=\"summary\" \/>\n<meta name=\"twitter:label1\" content=\"Gesch\u00e4tzte Lesezeit\">\n\t<meta name=\"twitter:data1\" content=\"1\u00a0Minute\">\n<script type=\"application\/ld+json\" class=\"yoast-schema-graph\">{\"@context\":\"https:\/\/schema.org\",\"@graph\":[{\"@type\":\"WebSite\",\"@id\":\"https:\/\/skimo.73.jarolim.eu\/sportler\/#website\",\"url\":\"https:\/\/skimo.73.jarolim.eu\/sportler\/\",\"name\":\"Sportler\",\"description\":\"\",\"potentialAction\":[{\"@type\":\"SearchAction\",\"target\":\"https:\/\/skimo.73.jarolim.eu\/sportler\/?s={search_term_string}\",\"query-input\":\"required name=search_term_string\"}],\"inLanguage\":\"de\"},{\"@type\":\"ImageObject\",\"@id\":\"https:\/\/www.skimo.at\/sportler\/4079\/das-sind-die-nationalkaderathleten-oesv-skibergsteigen\/#primaryimage\",\"inLanguage\":\"de\",\"url\":\"https:\/\/www.skimo.at\/sportler\/files\/2015\/12\/TL-Kuehtai-2015-_-Johanna-Erhart-im-Aufstieg-_-Bild-Alex-Lugger-Skimo-_-LR.jpg\",\"contentUrl\":\"https:\/\/www.skimo.at\/sportler\/files\/2015\/12\/TL-Kuehtai-2015-_-Johanna-Erhart-im-Aufstieg-_-Bild-Alex-Lugger-Skimo-_-LR.jpg\",\"width\":1772,\"height\":1182},{\"@type\":\"WebPage\",\"@id\":\"https:\/\/www.skimo.at\/sportler\/4079\/das-sind-die-nationalkaderathleten-oesv-skibergsteigen\/#webpage\",\"url\":\"https:\/\/www.skimo.at\/sportler\/4079\/das-sind-die-nationalkaderathleten-oesv-skibergsteigen\/\",\"name\":\"Das sind die Nationalkaderathleten \\u00d6SV Skibergsteigen 2016\",\"isPartOf\":{\"@id\":\"https:\/\/skimo.73.jarolim.eu\/sportler\/#website\"},\"primaryImageOfPage\":{\"@id\":\"https:\/\/www.skimo.at\/sportler\/4079\/das-sind-die-nationalkaderathleten-oesv-skibergsteigen\/#primaryimage\"},\"datePublished\":\"2015-12-06T11:11:42+00:00\",\"dateModified\":\"2015-12-06T11:11:42+00:00\",\"author\":{\"@id\":\"https:\/\/skimo.73.jarolim.eu\/sportler\/#\/schema\/person\/98f79b69381628f9078a5fab8eac4811\"},\"description\":\"Die heurige Wettkampfsaison beginnt und der \\u00f6sterreichische Nationalkader des \\u00d6SV Skibergsteigen ist so gro\\u00df und stark wie nie!\",\"breadcrumb\":{\"@id\":\"https:\/\/www.skimo.at\/sportler\/4079\/das-sind-die-nationalkaderathleten-oesv-skibergsteigen\/#breadcrumb\"},\"inLanguage\":\"de\",\"potentialAction\":[{\"@type\":\"ReadAction\",\"target\":[\"https:\/\/www.skimo.at\/sportler\/4079\/das-sind-die-nationalkaderathleten-oesv-skibergsteigen\/\"]}]},{\"@type\":\"BreadcrumbList\",\"@id\":\"https:\/\/www.skimo.at\/sportler\/4079\/das-sind-die-nationalkaderathleten-oesv-skibergsteigen\/#breadcrumb\",\"itemListElement\":[{\"@type\":\"ListItem\",\"position\":1,\"item\":{\"@type\":\"WebPage\",\"@id\":\"https:\/\/skimo.73.jarolim.eu\/sportler\/\",\"url\":\"https:\/\/skimo.73.jarolim.eu\/sportler\/\",\"name\":\"Home\"}},{\"@type\":\"ListItem\",\"position\":2,\"item\":{\"@id\":\"https:\/\/www.skimo.at\/sportler\/4079\/das-sind-die-nationalkaderathleten-oesv-skibergsteigen\/#webpage\"}}]},{\"@type\":\"Person\",\"@id\":\"https:\/\/skimo.73.jarolim.eu\/sportler\/#\/schema\/person\/98f79b69381628f9078a5fab8eac4811\",\"name\":\"sbinder\",\"image\":{\"@type\":\"ImageObject\",\"@id\":\"https:\/\/skimo.73.jarolim.eu\/sportler\/#personlogo\",\"inLanguage\":\"de\",\"url\":\"https:\/\/secure.gravatar.com\/avatar\/11f3623e7f24f658f1be6d4cb550331e?s=96&r=g\",\"contentUrl\":\"https:\/\/secure.gravatar.com\/avatar\/11f3623e7f24f658f1be6d4cb550331e?s=96&r=g\",\"caption\":\"sbinder\"},\"url\":\"https:\/\/www.skimo.at\/sportler\/author\/sbinder\/\"}]}<\/script>\n<!-- \/ Yoast SEO plugin. -->","_links":{"self":[{"href":"https:\/\/www.skimo.at\/sportler\/wp-json\/wp\/v2\/posts\/4079"}],"collection":[{"href":"https:\/\/www.skimo.at\/sportler\/wp-json\/wp\/v2\/posts"}],"about":[{"href":"https:\/\/www.skimo.at\/sportler\/wp-json\/wp\/v2\/types\/post"}],"author":[{"embeddable":true,"href":"https:\/\/www.skimo.at\/sportler\/wp-json\/wp\/v2\/users\/35"}],"replies":[{"embeddable":true,"href":"https:\/\/www.skimo.at\/sportler\/wp-json\/wp\/v2\/comments?post=4079"}],"version-history":[{"count":17,"href":"https:\/\/www.skimo.at\/sportler\/wp-json\/wp\/v2\/posts\/4079\/revisions"}],"predecessor-version":[{"id":4231,"href":"https:\/\/www.skimo.at\/sportler\/wp-json\/wp\/v2\/posts\/4079\/revisions\/4231"}],"wp:featuredmedia":[{"embeddable":true,"href":"https:\/\/www.skimo.at\/sportler\/wp-json\/wp\/v2\/media\/4232"}],"wp:attachment":[{"href":"https:\/\/www.skimo.at\/sportler\/wp-json\/wp\/v2\/media?parent=4079"}],"wp:term":[{"taxonomy":"category","embeddable":true,"href":"https:\/\/www.skimo.at\/sportler\/wp-json\/wp\/v2\/categories?post=4079"},{"taxonomy":"post_tag","embeddable":true,"href":"https:\/\/www.skimo.at\/sportler\/wp-json\/wp\/v2\/tags?post=4079"}],"curies":[{"name":"wp","href":"https:\/\/api.w.org\/{rel}","templated":true}]}}