{"id":4016,"date":"2015-11-26T21:01:15","date_gmt":"2015-11-26T19:01:15","guid":{"rendered":"http:\/\/www.skimo.at\/sportler\/?p=4016"},"modified":"2021-01-05T22:57:52","modified_gmt":"2021-01-05T20:57:52","slug":"la-sportiva-mountain-attack-team-bereit-fuer-die-saison-201516","status":"publish","type":"post","link":"https:\/\/www.skimo.at\/sportler\/4016\/la-sportiva-mountain-attack-team-bereit-fuer-die-saison-201516\/","title":{"rendered":"La Sportiva Mountain Attack Team bereit f\u00fcr die Saison 2015\/16"},"content":{"rendered":"\n<p>Erste Schneef\u00e4lle und tief winterliche Temperaturen lassen auch die Tourenskiherzen h\u00f6her schlagen. Die Skigebiete feuern aus allen Kanonen um die Pisten f\u00fcr den Saisonstart herzurichten.<\/p>\n\n\n\n<!--more-->\n\n\n\n<p>Nach vielen gemeinsamen Trocken-Trainingsstunden im Landessportzentrum Rif und zahlreichen Trainingsh\u00f6henmetern am Berg (Aufstiege mit St\u00f6cke, Bergl\u00e4ufe, Mountainbiken) ist auch f\u00fcr das La Sportiva Mountain Attack Team die Zeit gekommen die Tourenski wieder auszupacken. Die Saisonvorbereitungen sind voll im Gange, die Team Einkleidung mit den Repr\u00e4sentanten der Ausr\u00fcsterfi rmen fand bereits statt \u2013 das Team wurde wieder perfekt mit den neuesten und leichtesten Materialien ausgestattet.<\/p>\n\n\n\n<p>Bereits am Samstag den 28. November 2015 startet die Rennsaison mit dem Schneek\u00f6nig-Rennen am Kitzsteinhorn. Hier gilt f\u00fcr das Team: \u201cDabei sein, Form \u00fcberpr\u00fcfen und den Rhythmus f\u00fcr die Saison finden.\u201d<\/p>\n\n\n\n<h2><strong>Saisonr\u00fcckblick 2014\/2015<\/strong><\/h2>\n\n\n\n<p>Die vergangenen Saison war f\u00fcr das Team in vielerlei Hinsicht \u00e4u\u00dferst erfolgreich. Sportlich hat das Team mit 28 Athleten\/innen bei diversen Rennen im In- &amp; Ausland 17 Siege und 51 Podestpl\u00e4tze erreichen k\u00f6nnen. Weitere 107 mal erreichten La Sportiva Mountain Attack Athleten die Top Ten. Insgesamt wurden 2 Millionen 397 Tausend H\u00f6henmeter absolviert.<\/p>\n\n\n\n<h3>Die wichtigsten Erfolge (alphapetisch)<\/h3>\n\n\n\n<p><strong>Aschbacher Daniel (Tirol):<\/strong> Staatsmeister im Skibergsteigen Heeresmeisterschaften<br><strong>Bauer Gerald (Salzburg):<\/strong> neben zahlreichen Top Platzierungen, Triple-Marathon bei der Mountain Attack 2015 am Renntag (Start 1: 7.00 Uhr, Start 2: 11.00 Uhr, Start 3: Rennen 16.00 Uhr)<br><strong>Hofmann Verena (Tirol):<\/strong> Sieg beim 11. Compedal Tourenlauf<br><strong>Jank Andreas (Salzburg):<\/strong> Sieg Heutalkaiser U 23, 2. Platz Marmoleda Full Gas (ITA) U 23<br><strong>Kurz Maximilian (Salzburg):<\/strong> Juniorenstaatsmeister Vertical, Salzburger Landesmeister Junioren Vertical, Sieg Fanningberg Junioren Vertical, Sieg Zinkenteufel Allgemeine Klasse, Sieg TriZell Team-Mixed Bewerb<br><strong>Scheiber Christoph (Salzburg):<\/strong> Sieg Bergstadl Sprint, Sieg Jennerstier (D) Individual Junioren, 3. Platz Staatsmeisterschaft Junioren Vertical, Vizelandesmeister Junioren Vertical<br><strong>Streitberger Verena (Salzburg):<\/strong> Erster Weltcup Sieg Prato Nevoso (ITA) Vertical, Weltcup Verbier (FRA) 3. Platz Vertical, Sieg Schneek\u00f6nig Damen allgemeine Klasse, Sieg Schattberg Race Damen (Mountain Attack), Sieg Mondscheintrophy, Staatsmeisterin allg. Klasse individual Hohe Tauern Trophy, Staatsmeisterin Junioren Individual<\/p>\n\n\n\n<p>Verena Streitberger aus Maishofen hat sich im \u00d6sterreichischen Nationalteam bereits etabliert, Maximilian Kurz (Hallein), Christoph Scheiber (Saalfelden) und Andreas Jank (Strasswalchen) stehen unter Beobachtung.<\/p>\n\n\n\n<p>Alle 4 Athleten sind Mitglieder des Salzburger Landeskaders.<\/p>\n\n\n\n<p>Zus\u00e4tzlich zu den sportlichen Ambitionen ist das La Sportiva Team intensiv im Bereich Promotion f\u00fcr die Teamsponsoren und Ausr\u00fcster unterwegs. So konnte u.a. gemeinsam mit Chiba ein Rennhandschuh entwickelt werden, der nun auch im Verkauf angeboten wird. F\u00fcr Colltex wurden Felle bei unterschiedlichsten Wetter- und Schneebedingungen getestet und die Analysen an die Produktentwicklung in der Schweiz weitergeleitet, und f\u00fcr La Sportiva wird ebenfalls das gesamte Material einem intensiven Belastungstest unterzogen und am Saisonende in Italien analysiert.<\/p>\n\n\n\n<h2><strong>Saisonausblick&nbsp;2015\/2016<\/strong><\/h2>\n\n\n\n<p>Die Teamorganisation wurde um eine Person erweitert, somit sind nun 3 Sportwisswenschafter f\u00fcr die Planung, Organisation und das Training des Teams (32 Athleten) verantwortlich:<\/p>\n\n\n\n<p>Roland Kurz \u2013 Team Manager<\/p>\n\n\n\n<p>Gerald Bauer \u2013 Sportlicher Leiter &amp; Trainer<\/p>\n\n\n\n<p>Bernhard Reich \u2013 Trainer &amp; individueller Athletenbetreuer<\/p>\n\n\n\n<p>Neue Teamausr\u00fcster: Wir freuen uns auf die neue Partnerschaft mit Julbo und Holmenkol<\/p>\n\n\n\n<blockquote class=\"wp-block-quote\"><p>\u201cSportlich wollen wir an die Erfolge des Vorjahres anschlie\u00dfen und versuchen kontinuierlich unsere jungen Talente weiterzuentwickeln, und die etablierten Athleten weiter zu puschen. Daf\u00fcr nehmen wir uns viel Zeit. Neben zahlreichen Renneins\u00e4tzen in \u00d6sterreich, sind sicherlich die Mountain Attack in Saalbach (AUT) und die Sella Ronda in Italien die Saisonh\u00f6hepunkte, bei denen wir jeweils mit dem gesamten Team am Start stehen werden,\u201d<\/p><cite>Gerald Bauer<\/cite><\/blockquote>\n\n\n\n<blockquote class=\"wp-block-quote\"><p> \u201cNeben den sportlichen Erfolgen wollen wir dem Tourenskisport neue Impulse geben, und das nicht nur im Spitzensport, sondern vor allem in der Breite. Wir betreuen und begleiten bereits zum 2. Mal den Salzburger Tourenskiwinter mit 6 Terminen f\u00fcr Einsteiger\/Fortgeschrittene in dieser Sportart. Da schlummert noch enorm viel Potential, das zeigen auch die Verk\u00e4ufe im Sportfachhandel. Der Tourenskisport boomt weiter! Pers\u00f6nlich ist es mir wichtig jeden unserer Athleten bei seinen pers\u00f6nlichen sportlichen Zielen bestens zu begleiten. Der Spa\u00df und die Freude an unserem Sport muss im Vordergrund stehen und der Teamgeist hat h\u00f6chste Priorit\u00e4t.\u201d<\/p><cite>Roland Kurz erg\u00e4nzt<\/cite><\/blockquote>\n\n\n\n<h2><strong>Infos und Bilder<\/strong><\/h2>\n\n\n\n<p>Alle Infos und Ausk\u00fcnfte bei:<br>Roland Kurz, Felix-Dahn-Str. 1A, 5020 Salzburg, office@nmc.ac, T: +43\/664\/33 76 125 oder Gerald Bauer, T: +43\/664\/41 37 280.<\/p>\n\n\n\n<p>Website: <a href=\"http:\/\/www.mountain-attack.at\/04lama\/index_lama.html\">http:\/\/www.mountain-attack.at\/04lama\/index_lama.html<\/a><\/p>\n\n\n\n<p>Autor: Roland Kurz<\/p>\n","protected":false},"excerpt":{"rendered":"<p>Erste Schneef\u00e4lle und tief winterliche Temperaturen lassen auch die Tourenskiherzen h\u00f6her schlagen. Die Skigebiete feuern aus allen Kanonen um die Pisten f\u00fcr den Saisonstart herzurichten.<\/p>\n","protected":false},"author":36,"featured_media":4023,"comment_status":"closed","ping_status":"closed","sticky":false,"template":"","format":"standard","meta":[],"categories":[1,11,3],"tags":[138,135,136,140,141,78,134,139,137,32],"yoast_head":"<!-- This site is optimized with the Yoast SEO plugin v16.3 - https:\/\/yoast.com\/wordpress\/plugins\/seo\/ -->\n<title>La Sportiva Mountain Attack Team bereit f\u00fcr die Saison 2015\/16 - Sportler<\/title>\n<meta name=\"description\" content=\"Das La Sportiva Mountain Attack Team blickt auf eine erfolgreiche Saison 2014\/15 zur\u00fcck und ist bereit f\u00fcr die kommende Saison. Hier genauere Infos.\" \/>\n<meta name=\"robots\" content=\"index, follow, max-snippet:-1, max-image-preview:large, max-video-preview:-1\" \/>\n<link rel=\"canonical\" href=\"https:\/\/www.skimo.at\/sportler\/4016\/la-sportiva-mountain-attack-team-bereit-fuer-die-saison-201516\/\" \/>\n<meta property=\"og:locale\" content=\"de_DE\" \/>\n<meta property=\"og:type\" content=\"article\" \/>\n<meta property=\"og:title\" content=\"La Sportiva Mountain Attack Team bereit f\u00fcr die Saison 2015\/16 - Sportler\" \/>\n<meta property=\"og:description\" content=\"Das La Sportiva Mountain Attack Team blickt auf eine erfolgreiche Saison 2014\/15 zur\u00fcck und ist bereit f\u00fcr die kommende Saison. Hier genauere Infos.\" \/>\n<meta property=\"og:url\" content=\"https:\/\/www.skimo.at\/sportler\/4016\/la-sportiva-mountain-attack-team-bereit-fuer-die-saison-201516\/\" \/>\n<meta property=\"og:site_name\" content=\"Sportler\" \/>\n<meta property=\"article:published_time\" content=\"2015-11-26T19:01:15+00:00\" \/>\n<meta property=\"article:modified_time\" content=\"2021-01-05T20:57:52+00:00\" \/>\n<meta property=\"og:image\" content=\"https:\/\/skimo.73.jarolim.eu\/sportler\/files\/2015\/11\/La-Sportiva-Mountain-Attack-Team.jpg\" \/>\n\t<meta property=\"og:image:width\" content=\"448\" \/>\n\t<meta property=\"og:image:height\" content=\"299\" \/>\n<meta name=\"twitter:card\" content=\"summary\" \/>\n<meta name=\"twitter:label1\" content=\"Gesch\u00e4tzte Lesezeit\">\n\t<meta name=\"twitter:data1\" content=\"3\u00a0Minuten\">\n<script type=\"application\/ld+json\" class=\"yoast-schema-graph\">{\"@context\":\"https:\/\/schema.org\",\"@graph\":[{\"@type\":\"WebSite\",\"@id\":\"https:\/\/skimo.73.jarolim.eu\/sportler\/#website\",\"url\":\"https:\/\/skimo.73.jarolim.eu\/sportler\/\",\"name\":\"Sportler\",\"description\":\"\",\"potentialAction\":[{\"@type\":\"SearchAction\",\"target\":\"https:\/\/skimo.73.jarolim.eu\/sportler\/?s={search_term_string}\",\"query-input\":\"required name=search_term_string\"}],\"inLanguage\":\"de\"},{\"@type\":\"ImageObject\",\"@id\":\"https:\/\/www.skimo.at\/sportler\/4016\/la-sportiva-mountain-attack-team-bereit-fuer-die-saison-201516\/#primaryimage\",\"inLanguage\":\"de\",\"url\":\"https:\/\/www.skimo.at\/sportler\/files\/2015\/11\/La-Sportiva-Mountain-Attack-Team.jpg\",\"contentUrl\":\"https:\/\/www.skimo.at\/sportler\/files\/2015\/11\/La-Sportiva-Mountain-Attack-Team.jpg\",\"width\":448,\"height\":299,\"caption\":\"Mountain Attack Einkleidung , Rif Salzburg, 20151030 Foto: wildbild, Herbert Rohrer\"},{\"@type\":\"WebPage\",\"@id\":\"https:\/\/www.skimo.at\/sportler\/4016\/la-sportiva-mountain-attack-team-bereit-fuer-die-saison-201516\/#webpage\",\"url\":\"https:\/\/www.skimo.at\/sportler\/4016\/la-sportiva-mountain-attack-team-bereit-fuer-die-saison-201516\/\",\"name\":\"La Sportiva Mountain Attack Team bereit f\\u00fcr die Saison 2015\/16 - Sportler\",\"isPartOf\":{\"@id\":\"https:\/\/skimo.73.jarolim.eu\/sportler\/#website\"},\"primaryImageOfPage\":{\"@id\":\"https:\/\/www.skimo.at\/sportler\/4016\/la-sportiva-mountain-attack-team-bereit-fuer-die-saison-201516\/#primaryimage\"},\"datePublished\":\"2015-11-26T19:01:15+00:00\",\"dateModified\":\"2021-01-05T20:57:52+00:00\",\"author\":{\"@id\":\"https:\/\/skimo.73.jarolim.eu\/sportler\/#\/schema\/person\/36ee7a8c6ab79008da6333318c056afe\"},\"description\":\"Das La Sportiva Mountain Attack Team blickt auf eine erfolgreiche Saison 2014\/15 zur\\u00fcck und ist bereit f\\u00fcr die kommende Saison. Hier genauere Infos.\",\"breadcrumb\":{\"@id\":\"https:\/\/www.skimo.at\/sportler\/4016\/la-sportiva-mountain-attack-team-bereit-fuer-die-saison-201516\/#breadcrumb\"},\"inLanguage\":\"de\",\"potentialAction\":[{\"@type\":\"ReadAction\",\"target\":[\"https:\/\/www.skimo.at\/sportler\/4016\/la-sportiva-mountain-attack-team-bereit-fuer-die-saison-201516\/\"]}]},{\"@type\":\"BreadcrumbList\",\"@id\":\"https:\/\/www.skimo.at\/sportler\/4016\/la-sportiva-mountain-attack-team-bereit-fuer-die-saison-201516\/#breadcrumb\",\"itemListElement\":[{\"@type\":\"ListItem\",\"position\":1,\"item\":{\"@type\":\"WebPage\",\"@id\":\"https:\/\/skimo.73.jarolim.eu\/sportler\/\",\"url\":\"https:\/\/skimo.73.jarolim.eu\/sportler\/\",\"name\":\"Home\"}},{\"@type\":\"ListItem\",\"position\":2,\"item\":{\"@id\":\"https:\/\/www.skimo.at\/sportler\/4016\/la-sportiva-mountain-attack-team-bereit-fuer-die-saison-201516\/#webpage\"}}]},{\"@type\":\"Person\",\"@id\":\"https:\/\/skimo.73.jarolim.eu\/sportler\/#\/schema\/person\/36ee7a8c6ab79008da6333318c056afe\",\"name\":\"bnussbaumer\",\"image\":{\"@type\":\"ImageObject\",\"@id\":\"https:\/\/skimo.73.jarolim.eu\/sportler\/#personlogo\",\"inLanguage\":\"de\",\"url\":\"https:\/\/secure.gravatar.com\/avatar\/a60fb9ed247917105478e1b88642ddf2?s=96&r=g\",\"contentUrl\":\"https:\/\/secure.gravatar.com\/avatar\/a60fb9ed247917105478e1b88642ddf2?s=96&r=g\",\"caption\":\"bnussbaumer\"},\"url\":\"https:\/\/www.skimo.at\/sportler\/author\/bnussbaumer\/\"}]}<\/script>\n<!-- \/ Yoast SEO plugin. -->","_links":{"self":[{"href":"https:\/\/www.skimo.at\/sportler\/wp-json\/wp\/v2\/posts\/4016"}],"collection":[{"href":"https:\/\/www.skimo.at\/sportler\/wp-json\/wp\/v2\/posts"}],"about":[{"href":"https:\/\/www.skimo.at\/sportler\/wp-json\/wp\/v2\/types\/post"}],"author":[{"embeddable":true,"href":"https:\/\/www.skimo.at\/sportler\/wp-json\/wp\/v2\/users\/36"}],"replies":[{"embeddable":true,"href":"https:\/\/www.skimo.at\/sportler\/wp-json\/wp\/v2\/comments?post=4016"}],"version-history":[{"count":8,"href":"https:\/\/www.skimo.at\/sportler\/wp-json\/wp\/v2\/posts\/4016\/revisions"}],"predecessor-version":[{"id":15681,"href":"https:\/\/www.skimo.at\/sportler\/wp-json\/wp\/v2\/posts\/4016\/revisions\/15681"}],"wp:featuredmedia":[{"embeddable":true,"href":"https:\/\/www.skimo.at\/sportler\/wp-json\/wp\/v2\/media\/4023"}],"wp:attachment":[{"href":"https:\/\/www.skimo.at\/sportler\/wp-json\/wp\/v2\/media?parent=4016"}],"wp:term":[{"taxonomy":"category","embeddable":true,"href":"https:\/\/www.skimo.at\/sportler\/wp-json\/wp\/v2\/categories?post=4016"},{"taxonomy":"post_tag","embeddable":true,"href":"https:\/\/www.skimo.at\/sportler\/wp-json\/wp\/v2\/tags?post=4016"}],"curies":[{"name":"wp","href":"https:\/\/api.w.org\/{rel}","templated":true}]}}